{"id":12864,"date":"2020-05-07T21:56:40","date_gmt":"2020-05-07T19:56:40","guid":{"rendered":"https:\/\/agora.xtec.cat\/iebarnola\/?p=12864"},"modified":"2020-05-15T09:42:35","modified_gmt":"2020-05-15T07:42:35","slug":"preinscripcio","status":"publish","type":"post","link":"https:\/\/agora.xtec.cat\/iebarnola\/general\/preinscripcio\/","title":{"rendered":"Preinscripci\u00f3"},"content":{"rendered":"<p>Benvolgudes fam\u00edlies,<\/p>\n<p><span style=\"font-weight: 400;\">El Departament d\u2019Educaci\u00f3 ha aprovat les normes de preinscripci\u00f3 i matr\u00edcula d\u2019alumnes per al curs 2020-2021, adoptant diferents mesures d\u2019adequaci\u00f3 a la situaci\u00f3 actual.<\/span><\/p>\n<ul>\n<li>Presentaci\u00f3 de sol\u00b7licituds en suport inform\u00e0tic:\u00a0<strong>del 13 al 22 de maig de 2020<\/strong><\/li>\n<li>\n<div>Presentaci\u00f3 de sol\u00b7licituds presencialment amb cita pr\u00e8via:\u00a0<strong>del 19 al 22 de maig de 2020<\/strong><\/div>\n<\/li>\n<li>Presentaci\u00f3 de documentaci\u00f3: fins al 25 de maig de 2020<\/li>\n<\/ul>\n<p><span style=\"text-decoration: underline;\"><strong>Tel\u00e8fon d&#8217;atenci\u00f3: 938387279<\/strong><\/span><\/p>\n<p><a href=\"http:\/\/queestudiar.gencat.cat\/ca\/index.html\">V\u00eddeo de preinscripci\u00f3<\/a><\/p>\n<p><a href=\"http:\/\/mapaescolar.gencat.cat\/\" target=\"_blank\" rel=\"noopener noreferrer\" data-saferedirecturl=\"https:\/\/www.google.com\/url?q=http:\/\/mapaescolar.gencat.cat\/&amp;source=gmail&amp;ust=1589546618605000&amp;usg=AFQjCNGbp2lmH3QNAYp4d3Uvzd-yl8e7PA\">Mapa escolar de la preinscripci\u00f3 curs 2020-2021<\/a><\/p>\n<p><span style=\"font-weight: 400;\">Properament, us notificarem m\u00e9s informaci\u00f3 amb l\u2019enlla\u00e7 a la preinscripci\u00f3 telem\u00e0tica i la cita pr\u00e8via. S\u2019adjunta la documentaci\u00f3 necess\u00e0ria per a la preinscripci\u00f3.\u00a0<br \/>\n<\/span><\/p>\n<p><a href=\"https:\/\/agora.xtec.cat\/iebarnola\/wp-content\/uploads\/usu1586\/2020\/05\/Documentaci\u00f3.pdf\">Documentaci\u00f3<\/a><\/p>\n<p><span style=\"font-weight: 400;\">Cordialment,<\/span><\/p>\n<p><span style=\"font-weight: 400;\">Equip Directiu IE Barnola d\u2019Aviny\u00f3.<\/span><\/p>\n","protected":false},"excerpt":{"rendered":"<p>Benvolgudes fam\u00edlies, El Departament d\u2019Educaci\u00f3 ha aprovat les normes de preinscripci\u00f3 i matr\u00edcula d\u2019alumnes per al curs 2020-2021, adoptant diferents mesures d\u2019adequaci\u00f3 a la situaci\u00f3 actual. Presentaci\u00f3 de sol\u00b7licituds en suport inform\u00e0tic:\u00a0del 13 al 22 de maig de 2020 Presentaci\u00f3 de sol\u00b7licituds presencialment amb cita pr\u00e8via:\u00a0del 19 al 22 de maig de 2020 Presentaci\u00f3 de [&hellip;]<\/p>\n","protected":false},"author":1,"featured_media":12877,"comment_status":"open","ping_status":"closed","sticky":false,"template":"","format":"standard","meta":{"_bbp_topic_count":0,"_bbp_reply_count":0,"_bbp_total_topic_count":0,"_bbp_total_reply_count":0,"_bbp_voice_count":0,"_bbp_anonymous_reply_count":0,"_bbp_topic_count_hidden":0,"_bbp_reply_count_hidden":0,"_bbp_forum_subforum_count":0,"site-sidebar-layout":"default","site-content-layout":"","ast-site-content-layout":"","site-content-style":"default","site-sidebar-style":"default","ast-global-header-display":"","ast-banner-title-visibility":"","ast-main-header-display":"","ast-hfb-above-header-display":"","ast-hfb-below-header-display":"","ast-hfb-mobile-header-display":"","site-post-title":"","ast-breadcrumbs-content":"","ast-featured-img":"","footer-sml-layout":"","theme-transparent-header-meta":"","adv-header-id-meta":"","stick-header-meta":"","header-above-stick-meta":"","header-main-stick-meta":"","header-below-stick-meta":"","astra-migrate-meta-layouts":"default","ast-page-background-enabled":"default","ast-page-background-meta":{"desktop":{"background-color":"var(--ast-global-color-4)","background-image":"","background-repeat":"repeat","background-position":"center center","background-size":"auto","background-attachment":"scroll","background-type":"","background-media":"","overlay-type":"","overlay-color":"","overlay-opacity":"","overlay-gradient":""},"tablet":{"background-color":"","background-image":"","background-repeat":"repeat","background-position":"center center","background-size":"auto","background-attachment":"scroll","background-type":"","background-media":"","overlay-type":"","overlay-color":"","overlay-opacity":"","overlay-gradient":""},"mobile":{"background-color":"","background-image":"","background-repeat":"repeat","background-position":"center center","background-size":"auto","background-attachment":"scroll","background-type":"","background-media":"","overlay-type":"","overlay-color":"","overlay-opacity":"","overlay-gradient":""}},"ast-content-background-meta":{"desktop":{"background-color":"var(--ast-global-color-5)","background-image":"","background-repeat":"repeat","background-position":"center center","background-size":"auto","background-attachment":"scroll","background-type":"","background-media":"","overlay-type":"","overlay-color":"","overlay-opacity":"","overlay-gradient":""},"tablet":{"background-color":"var(--ast-global-color-5)","background-image":"","background-repeat":"repeat","background-position":"center center","background-size":"auto","background-attachment":"scroll","background-type":"","background-media":"","overlay-type":"","overlay-color":"","overlay-opacity":"","overlay-gradient":""},"mobile":{"background-color":"var(--ast-global-color-5)","background-image":"","background-repeat":"repeat","background-position":"center center","background-size":"auto","background-attachment":"scroll","background-type":"","background-media":"","overlay-type":"","overlay-color":"","overlay-opacity":"","overlay-gradient":""}},"footnotes":""},"categories":[1,4],"tags":[],"class_list":["post-12864","post","type-post","status-publish","format-standard","has-post-thumbnail","hentry","category-general","category-portada"],"post_mailing_queue_ids":[],"_links":{"self":[{"href":"https:\/\/agora.xtec.cat\/iebarnola\/wp-json\/wp\/v2\/posts\/12864","targetHints":{"allow":["GET"]}}],"collection":[{"href":"https:\/\/agora.xtec.cat\/iebarnola\/wp-json\/wp\/v2\/posts"}],"about":[{"href":"https:\/\/agora.xtec.cat\/iebarnola\/wp-json\/wp\/v2\/types\/post"}],"author":[{"embeddable":true,"href":"https:\/\/agora.xtec.cat\/iebarnola\/wp-json\/wp\/v2\/users\/1"}],"replies":[{"embeddable":true,"href":"https:\/\/agora.xtec.cat\/iebarnola\/wp-json\/wp\/v2\/comments?post=12864"}],"version-history":[{"count":4,"href":"https:\/\/agora.xtec.cat\/iebarnola\/wp-json\/wp\/v2\/posts\/12864\/revisions"}],"predecessor-version":[{"id":12885,"href":"https:\/\/agora.xtec.cat\/iebarnola\/wp-json\/wp\/v2\/posts\/12864\/revisions\/12885"}],"wp:featuredmedia":[{"embeddable":true,"href":"https:\/\/agora.xtec.cat\/iebarnola\/wp-json\/wp\/v2\/media\/12877"}],"wp:attachment":[{"href":"https:\/\/agora.xtec.cat\/iebarnola\/wp-json\/wp\/v2\/media?parent=12864"}],"wp:term":[{"taxonomy":"category","embeddable":true,"href":"https:\/\/agora.xtec.cat\/iebarnola\/wp-json\/wp\/v2\/categories?post=12864"},{"taxonomy":"post_tag","embeddable":true,"href":"https:\/\/agora.xtec.cat\/iebarnola\/wp-json\/wp\/v2\/tags?post=12864"}],"curies":[{"name":"wp","href":"https:\/\/api.w.org\/{rel}","templated":true}]}}