{"id":3430,"date":"2021-11-22T17:24:40","date_gmt":"2021-11-22T16:24:40","guid":{"rendered":"https:\/\/agora.xtec.cat\/iearts\/?p=3430"},"modified":"2021-11-22T17:28:09","modified_gmt":"2021-11-22T16:28:09","slug":"land-art","status":"publish","type":"post","link":"https:\/\/agora.xtec.cat\/iearts\/portada\/land-art\/","title":{"rendered":"Land Art"},"content":{"rendered":"<p><span style=\"font-weight: 400;\">El <\/span><a href=\"https:\/\/ca.wikipedia.org\/wiki\/Art_natura\"><span style=\"font-weight: 400;\">land art<\/span><\/a><span style=\"font-weight: 400;\"> \u00e9s un art creat en la natura, utilitzant materials <\/span><span style=\"font-weight: 400;\">naturals<\/span><span style=\"font-weight: 400;\"> com pedres, fulles, terra o branques. <\/span><a href=\"https:\/\/www.jamesbruntartist.co.uk\/\"><span style=\"font-weight: 400;\">James Brunt<\/span><\/a><span style=\"font-weight: 400;\"> \u00e9s un dels representants d&#8217;aquest moviment art\u00edstic.<\/span><\/p>\n<p><span style=\"font-weight: 400;\">Malgrat que vivim en una gran ciutat, tenim la sort de que el nostre centre est\u00e0 molt a prop d&#8217;un gran parc i amb l&#8217;alumnat de 3r de prim\u00e0ria hem experimentat amb aquesta\u00a0 forma de fer art.<\/span><\/p>\n<p><span style=\"font-weight: 400;\">Hem gaudit molt i com \u00e9s ef\u00edmer, aqu\u00ed us deixem un v\u00eddeo on es veuen les creacions que hem portat a terme.<\/span><\/p>\n<p><span style=\"font-weight: 400;\">Esperem que us agradi!<\/span><\/p>\n<p><center><iframe loading=\"lazy\" title=\"Land Art\" width=\"500\" height=\"281\" src=\"https:\/\/www.youtube.com\/embed\/SLfo94byW98?feature=oembed\" frameborder=\"0\" allow=\"accelerometer; autoplay; clipboard-write; encrypted-media; gyroscope; picture-in-picture; web-share\" referrerpolicy=\"strict-origin-when-cross-origin\" allowfullscreen><\/iframe><\/center><\/p>\n","protected":false},"excerpt":{"rendered":"<p>El <a href=\"https:\/\/ca.wikipedia.org\/wiki\/Art_natura\">land art<\/a> \u00e9s un art creat en la natura, utilitzant materials naturals com pedres, fulles, terra o branques. <a href=\"https:\/\/www.jamesbruntartist.co.uk\/\">James Brunt<\/a> \u00e9s un dels representants d&#8217;aquest moviment art\u00edstic.<br \/>\nMalgrat que vivim en una gran ciutat, tenim la sort de que el nostre centre est\u00e0&hellip;  <a href=\"https:\/\/agora.xtec.cat\/iearts\/portada\/land-art\/\" title=\"Read Land Art\">Llegeix m\u00e9s\u00bb<\/a><\/p>\n","protected":false},"author":1,"featured_media":3431,"comment_status":"closed","ping_status":"closed","sticky":false,"template":"","format":"standard","meta":{"_bbp_topic_count":0,"_bbp_reply_count":0,"_bbp_total_topic_count":0,"_bbp_total_reply_count":0,"_bbp_voice_count":0,"_bbp_anonymous_reply_count":0,"_bbp_topic_count_hidden":0,"_bbp_reply_count_hidden":0,"_bbp_forum_subforum_count":0,"footnotes":""},"categories":[110,123,29],"tags":[196,229,215,230],"class_list":["post-3430","post","type-post","status-publish","format-standard","has-post-thumbnail","hentry","category-3r","category-atelier","category-portada","tag-3r","tag-atelier","tag-curs-21-22","tag-land-art"],"post_mailing_queue_ids":[],"_links":{"self":[{"href":"https:\/\/agora.xtec.cat\/iearts\/wp-json\/wp\/v2\/posts\/3430","targetHints":{"allow":["GET"]}}],"collection":[{"href":"https:\/\/agora.xtec.cat\/iearts\/wp-json\/wp\/v2\/posts"}],"about":[{"href":"https:\/\/agora.xtec.cat\/iearts\/wp-json\/wp\/v2\/types\/post"}],"author":[{"embeddable":true,"href":"https:\/\/agora.xtec.cat\/iearts\/wp-json\/wp\/v2\/users\/1"}],"replies":[{"embeddable":true,"href":"https:\/\/agora.xtec.cat\/iearts\/wp-json\/wp\/v2\/comments?post=3430"}],"version-history":[{"count":2,"href":"https:\/\/agora.xtec.cat\/iearts\/wp-json\/wp\/v2\/posts\/3430\/revisions"}],"predecessor-version":[{"id":3433,"href":"https:\/\/agora.xtec.cat\/iearts\/wp-json\/wp\/v2\/posts\/3430\/revisions\/3433"}],"wp:featuredmedia":[{"embeddable":true,"href":"https:\/\/agora.xtec.cat\/iearts\/wp-json\/wp\/v2\/media\/3431"}],"wp:attachment":[{"href":"https:\/\/agora.xtec.cat\/iearts\/wp-json\/wp\/v2\/media?parent=3430"}],"wp:term":[{"taxonomy":"category","embeddable":true,"href":"https:\/\/agora.xtec.cat\/iearts\/wp-json\/wp\/v2\/categories?post=3430"},{"taxonomy":"post_tag","embeddable":true,"href":"https:\/\/agora.xtec.cat\/iearts\/wp-json\/wp\/v2\/tags?post=3430"}],"curies":[{"name":"wp","href":"https:\/\/api.w.org\/{rel}","templated":true}]}}