{"id":9403,"date":"2024-12-10T11:29:20","date_gmt":"2024-12-10T10:29:20","guid":{"rendered":"https:\/\/agora.xtec.cat\/ieangeldetobies\/?p=9403"},"modified":"2024-12-10T11:29:20","modified_gmt":"2024-12-10T10:29:20","slug":"comencem-a-decorar-els-passadissos-amb-rens-nadalencs","status":"publish","type":"post","link":"https:\/\/agora.xtec.cat\/ieangeldetobies\/general\/comencem-a-decorar-els-passadissos-amb-rens-nadalencs\/","title":{"rendered":"Comencem a decorar els passadissos amb rens nadalencs"},"content":{"rendered":"<p data-pm-slice=\"1 1 []\">A l\u2019\u00e0rea de pl\u00e0stica, els nens i les nenes de tercer de prim\u00e0ria han comen\u00e7at a fer manualitats de Nadal. Aquesta setmana han creat petits rens amb diversos materials: goma eva, cartolines de diferents colors i textures, pompons i cot\u00f3 fluix. Cadasc\u00fa, a la seva manera, per\u00f2 seguint les instruccions pautades, han creat el seu propi ren personalitzat i aquests ja els podreu gaudir al passad\u00eds de l\u2019escola!<\/p>\n<p data-pm-slice=\"1 1 []\"><a href=\"https:\/\/agora.xtec.cat\/ieangeldetobies\/wp-content\/uploads\/usu1448\/2024\/12\/1C427A5E-7264-4444-841C-D9F248DB657D.jpeg\"><img loading=\"lazy\" decoding=\"async\" class=\"alignleft wp-image-9404 size-large\" src=\"https:\/\/agora.xtec.cat\/ieangeldetobies\/wp-content\/uploads\/usu1448\/2024\/12\/1C427A5E-7264-4444-841C-D9F248DB657D-576x1024.jpeg\" alt=\"\" width=\"576\" height=\"1024\" srcset=\"https:\/\/agora.xtec.cat\/ieangeldetobies\/wp-content\/uploads\/usu1448\/2024\/12\/1C427A5E-7264-4444-841C-D9F248DB657D-576x1024.jpeg 576w, https:\/\/agora.xtec.cat\/ieangeldetobies\/wp-content\/uploads\/usu1448\/2024\/12\/1C427A5E-7264-4444-841C-D9F248DB657D-169x300.jpeg 169w, https:\/\/agora.xtec.cat\/ieangeldetobies\/wp-content\/uploads\/usu1448\/2024\/12\/1C427A5E-7264-4444-841C-D9F248DB657D-768x1365.jpeg 768w, https:\/\/agora.xtec.cat\/ieangeldetobies\/wp-content\/uploads\/usu1448\/2024\/12\/1C427A5E-7264-4444-841C-D9F248DB657D-864x1536.jpeg 864w, https:\/\/agora.xtec.cat\/ieangeldetobies\/wp-content\/uploads\/usu1448\/2024\/12\/1C427A5E-7264-4444-841C-D9F248DB657D-1152x2048.jpeg 1152w, https:\/\/agora.xtec.cat\/ieangeldetobies\/wp-content\/uploads\/usu1448\/2024\/12\/1C427A5E-7264-4444-841C-D9F248DB657D.jpeg 1179w\" sizes=\"auto, (max-width: 576px) 100vw, 576px\" \/><\/a><\/p>\n","protected":false},"excerpt":{"rendered":"<p>A l\u2019\u00e0rea de pl\u00e0stica, els nens i les nenes de tercer de prim\u00e0ria han comen\u00e7at a fer manualitats de Nadal. [&hellip;]<\/p>\n","protected":false},"author":1,"featured_media":9404,"comment_status":"closed","ping_status":"closed","sticky":false,"template":"","format":"standard","meta":{"_bbp_topic_count":0,"_bbp_reply_count":0,"_bbp_total_topic_count":0,"_bbp_total_reply_count":0,"_bbp_voice_count":0,"_bbp_anonymous_reply_count":0,"_bbp_topic_count_hidden":0,"_bbp_reply_count_hidden":0,"_bbp_forum_subforum_count":0,"site-sidebar-layout":"default","site-content-layout":"","ast-site-content-layout":"","site-content-style":"default","site-sidebar-style":"default","ast-global-header-display":"","ast-banner-title-visibility":"","ast-main-header-display":"","ast-hfb-above-header-display":"","ast-hfb-below-header-display":"","ast-hfb-mobile-header-display":"","site-post-title":"","ast-breadcrumbs-content":"","ast-featured-img":"","footer-sml-layout":"","theme-transparent-header-meta":"","adv-header-id-meta":"","stick-header-meta":"","header-above-stick-meta":"","header-main-stick-meta":"","header-below-stick-meta":"","astra-migrate-meta-layouts":"default","ast-page-background-enabled":"default","ast-page-background-meta":{"desktop":{"background-color":"var(--ast-global-color-4)","background-image":"","background-repeat":"repeat","background-position":"center center","background-size":"auto","background-attachment":"scroll","background-type":"","background-media":"","overlay-type":"","overlay-color":"","overlay-opacity":"","overlay-gradient":""},"tablet":{"background-color":"","background-image":"","background-repeat":"repeat","background-position":"center center","background-size":"auto","background-attachment":"scroll","background-type":"","background-media":"","overlay-type":"","overlay-color":"","overlay-opacity":"","overlay-gradient":""},"mobile":{"background-color":"","background-image":"","background-repeat":"repeat","background-position":"center center","background-size":"auto","background-attachment":"scroll","background-type":"","background-media":"","overlay-type":"","overlay-color":"","overlay-opacity":"","overlay-gradient":""}},"ast-content-background-meta":{"desktop":{"background-color":"var(--ast-global-color-5)","background-image":"","background-repeat":"repeat","background-position":"center center","background-size":"auto","background-attachment":"scroll","background-type":"","background-media":"","overlay-type":"","overlay-color":"","overlay-opacity":"","overlay-gradient":""},"tablet":{"background-color":"var(--ast-global-color-5)","background-image":"","background-repeat":"repeat","background-position":"center center","background-size":"auto","background-attachment":"scroll","background-type":"","background-media":"","overlay-type":"","overlay-color":"","overlay-opacity":"","overlay-gradient":""},"mobile":{"background-color":"var(--ast-global-color-5)","background-image":"","background-repeat":"repeat","background-position":"center center","background-size":"auto","background-attachment":"scroll","background-type":"","background-media":"","overlay-type":"","overlay-color":"","overlay-opacity":"","overlay-gradient":""}},"footnotes":""},"categories":[12,1,4,5],"tags":[246,80,130,68,17,72],"class_list":["post-9403","post","type-post","status-publish","format-standard","has-post-thumbnail","hentry","category-3r","category-general","category-portada","category-primaria","tag-3r-eso","tag-activitat","tag-festes","tag-nadal","tag-plastica","tag-primaria"],"post_mailing_queue_ids":[],"_links":{"self":[{"href":"https:\/\/agora.xtec.cat\/ieangeldetobies\/wp-json\/wp\/v2\/posts\/9403","targetHints":{"allow":["GET"]}}],"collection":[{"href":"https:\/\/agora.xtec.cat\/ieangeldetobies\/wp-json\/wp\/v2\/posts"}],"about":[{"href":"https:\/\/agora.xtec.cat\/ieangeldetobies\/wp-json\/wp\/v2\/types\/post"}],"author":[{"embeddable":true,"href":"https:\/\/agora.xtec.cat\/ieangeldetobies\/wp-json\/wp\/v2\/users\/1"}],"replies":[{"embeddable":true,"href":"https:\/\/agora.xtec.cat\/ieangeldetobies\/wp-json\/wp\/v2\/comments?post=9403"}],"version-history":[{"count":1,"href":"https:\/\/agora.xtec.cat\/ieangeldetobies\/wp-json\/wp\/v2\/posts\/9403\/revisions"}],"predecessor-version":[{"id":9405,"href":"https:\/\/agora.xtec.cat\/ieangeldetobies\/wp-json\/wp\/v2\/posts\/9403\/revisions\/9405"}],"wp:featuredmedia":[{"embeddable":true,"href":"https:\/\/agora.xtec.cat\/ieangeldetobies\/wp-json\/wp\/v2\/media\/9404"}],"wp:attachment":[{"href":"https:\/\/agora.xtec.cat\/ieangeldetobies\/wp-json\/wp\/v2\/media?parent=9403"}],"wp:term":[{"taxonomy":"category","embeddable":true,"href":"https:\/\/agora.xtec.cat\/ieangeldetobies\/wp-json\/wp\/v2\/categories?post=9403"},{"taxonomy":"post_tag","embeddable":true,"href":"https:\/\/agora.xtec.cat\/ieangeldetobies\/wp-json\/wp\/v2\/tags?post=9403"}],"curies":[{"name":"wp","href":"https:\/\/api.w.org\/{rel}","templated":true}]}}