{"id":8534,"date":"2024-04-26T14:14:04","date_gmt":"2024-04-26T12:14:04","guid":{"rendered":"https:\/\/agora.xtec.cat\/ieangeldetobies\/?p=8534"},"modified":"2024-04-26T14:15:22","modified_gmt":"2024-04-26T12:15:22","slug":"la-legende-de-sant-jordi","status":"publish","type":"post","link":"https:\/\/agora.xtec.cat\/ieangeldetobies\/general\/la-legende-de-sant-jordi\/","title":{"rendered":"La l\u00e9gende de Sant Jordi&#8230;"},"content":{"rendered":"<p>Cette semaine, les \u00e9l\u00e8ves du premier cycle de l&#8217;ESO ont red\u00e9couvert la l\u00e9gende de Sant Jordi mais cette fois-ci, en fran\u00e7ais! Apr\u00e8s avoir \u00e9cout\u00e9 et regard\u00e9 une vid\u00e9o d&#8217;un conte pour enfants, les \u00e9tudiants ont r\u00e9sum\u00e9 la l\u00e9gende en quelques phrases. Leur production a \u00e9t\u00e9 publi\u00e9e sur le Padlet.<\/p>\n<p>Bonne Sant Jordi \u00e0 tous!<\/p>\n<p><a href=\"https:\/\/agora.xtec.cat\/ieangeldetobies\/wp-content\/uploads\/usu1448\/2024\/04\/WhatsApp-Image-2024-04-25-at-18.18.06.jpeg\"><img loading=\"lazy\" decoding=\"async\" class=\"alignleft wp-image-8535 size-large\" src=\"https:\/\/agora.xtec.cat\/ieangeldetobies\/wp-content\/uploads\/usu1448\/2024\/04\/WhatsApp-Image-2024-04-25-at-18.18.06-1024x769.jpeg\" alt=\"\" width=\"1024\" height=\"769\" srcset=\"https:\/\/agora.xtec.cat\/ieangeldetobies\/wp-content\/uploads\/usu1448\/2024\/04\/WhatsApp-Image-2024-04-25-at-18.18.06-1024x769.jpeg 1024w, https:\/\/agora.xtec.cat\/ieangeldetobies\/wp-content\/uploads\/usu1448\/2024\/04\/WhatsApp-Image-2024-04-25-at-18.18.06-300x225.jpeg 300w, https:\/\/agora.xtec.cat\/ieangeldetobies\/wp-content\/uploads\/usu1448\/2024\/04\/WhatsApp-Image-2024-04-25-at-18.18.06-768x576.jpeg 768w, https:\/\/agora.xtec.cat\/ieangeldetobies\/wp-content\/uploads\/usu1448\/2024\/04\/WhatsApp-Image-2024-04-25-at-18.18.06-1536x1153.jpeg 1536w, https:\/\/agora.xtec.cat\/ieangeldetobies\/wp-content\/uploads\/usu1448\/2024\/04\/WhatsApp-Image-2024-04-25-at-18.18.06-200x150.jpeg 200w, https:\/\/agora.xtec.cat\/ieangeldetobies\/wp-content\/uploads\/usu1448\/2024\/04\/WhatsApp-Image-2024-04-25-at-18.18.06.jpeg 2048w\" sizes=\"auto, (max-width: 1024px) 100vw, 1024px\" \/><\/a><\/p>\n","protected":false},"excerpt":{"rendered":"<p>Cette semaine, les \u00e9l\u00e8ves du premier cycle de l&#8217;ESO ont red\u00e9couvert la l\u00e9gende de Sant Jordi mais cette fois-ci, en [&hellip;]<\/p>\n","protected":false},"author":1,"featured_media":8535,"comment_status":"closed","ping_status":"closed","sticky":false,"template":"","format":"standard","meta":{"_bbp_topic_count":0,"_bbp_reply_count":0,"_bbp_total_topic_count":0,"_bbp_total_reply_count":0,"_bbp_voice_count":0,"_bbp_anonymous_reply_count":0,"_bbp_topic_count_hidden":0,"_bbp_reply_count_hidden":0,"_bbp_forum_subforum_count":0,"site-sidebar-layout":"default","site-content-layout":"","ast-site-content-layout":"","site-content-style":"default","site-sidebar-style":"default","ast-global-header-display":"","ast-banner-title-visibility":"","ast-main-header-display":"","ast-hfb-above-header-display":"","ast-hfb-below-header-display":"","ast-hfb-mobile-header-display":"","site-post-title":"","ast-breadcrumbs-content":"","ast-featured-img":"","footer-sml-layout":"","theme-transparent-header-meta":"","adv-header-id-meta":"","stick-header-meta":"","header-above-stick-meta":"","header-main-stick-meta":"","header-below-stick-meta":"","astra-migrate-meta-layouts":"default","ast-page-background-enabled":"default","ast-page-background-meta":{"desktop":{"background-color":"var(--ast-global-color-4)","background-image":"","background-repeat":"repeat","background-position":"center center","background-size":"auto","background-attachment":"scroll","background-type":"","background-media":"","overlay-type":"","overlay-color":"","overlay-opacity":"","overlay-gradient":""},"tablet":{"background-color":"","background-image":"","background-repeat":"repeat","background-position":"center center","background-size":"auto","background-attachment":"scroll","background-type":"","background-media":"","overlay-type":"","overlay-color":"","overlay-opacity":"","overlay-gradient":""},"mobile":{"background-color":"","background-image":"","background-repeat":"repeat","background-position":"center center","background-size":"auto","background-attachment":"scroll","background-type":"","background-media":"","overlay-type":"","overlay-color":"","overlay-opacity":"","overlay-gradient":""}},"ast-content-background-meta":{"desktop":{"background-color":"var(--ast-global-color-5)","background-image":"","background-repeat":"repeat","background-position":"center center","background-size":"auto","background-attachment":"scroll","background-type":"","background-media":"","overlay-type":"","overlay-color":"","overlay-opacity":"","overlay-gradient":""},"tablet":{"background-color":"var(--ast-global-color-5)","background-image":"","background-repeat":"repeat","background-position":"center center","background-size":"auto","background-attachment":"scroll","background-type":"","background-media":"","overlay-type":"","overlay-color":"","overlay-opacity":"","overlay-gradient":""},"mobile":{"background-color":"var(--ast-global-color-5)","background-image":"","background-repeat":"repeat","background-position":"center center","background-size":"auto","background-attachment":"scroll","background-type":"","background-media":"","overlay-type":"","overlay-color":"","overlay-opacity":"","overlay-gradient":""}},"footnotes":""},"categories":[62,153,1,4,61],"tags":[92,159,176,130,195,89,129],"class_list":["post-8534","post","type-post","status-publish","format-standard","has-post-thumbnail","hentry","category-1r-secundaria","category-2n-secundaria","category-general","category-portada","category-secundaria","tag-1r-eso","tag-2n-eso","tag-eso","tag-festes","tag-francais","tag-llengua","tag-sant-jordi"],"post_mailing_queue_ids":[],"_links":{"self":[{"href":"https:\/\/agora.xtec.cat\/ieangeldetobies\/wp-json\/wp\/v2\/posts\/8534","targetHints":{"allow":["GET"]}}],"collection":[{"href":"https:\/\/agora.xtec.cat\/ieangeldetobies\/wp-json\/wp\/v2\/posts"}],"about":[{"href":"https:\/\/agora.xtec.cat\/ieangeldetobies\/wp-json\/wp\/v2\/types\/post"}],"author":[{"embeddable":true,"href":"https:\/\/agora.xtec.cat\/ieangeldetobies\/wp-json\/wp\/v2\/users\/1"}],"replies":[{"embeddable":true,"href":"https:\/\/agora.xtec.cat\/ieangeldetobies\/wp-json\/wp\/v2\/comments?post=8534"}],"version-history":[{"count":1,"href":"https:\/\/agora.xtec.cat\/ieangeldetobies\/wp-json\/wp\/v2\/posts\/8534\/revisions"}],"predecessor-version":[{"id":8536,"href":"https:\/\/agora.xtec.cat\/ieangeldetobies\/wp-json\/wp\/v2\/posts\/8534\/revisions\/8536"}],"wp:featuredmedia":[{"embeddable":true,"href":"https:\/\/agora.xtec.cat\/ieangeldetobies\/wp-json\/wp\/v2\/media\/8535"}],"wp:attachment":[{"href":"https:\/\/agora.xtec.cat\/ieangeldetobies\/wp-json\/wp\/v2\/media?parent=8534"}],"wp:term":[{"taxonomy":"category","embeddable":true,"href":"https:\/\/agora.xtec.cat\/ieangeldetobies\/wp-json\/wp\/v2\/categories?post=8534"},{"taxonomy":"post_tag","embeddable":true,"href":"https:\/\/agora.xtec.cat\/ieangeldetobies\/wp-json\/wp\/v2\/tags?post=8534"}],"curies":[{"name":"wp","href":"https:\/\/api.w.org\/{rel}","templated":true}]}}