{"id":4669,"date":"2021-12-10T10:23:01","date_gmt":"2021-12-10T09:23:01","guid":{"rendered":"https:\/\/agora.xtec.cat\/ieangeldetobies\/?p=4669"},"modified":"2021-12-09T10:27:18","modified_gmt":"2021-12-09T09:27:18","slug":"a-les-seves-sabates-un-mati-experimentant-la-discapacitat-visual","status":"publish","type":"post","link":"https:\/\/agora.xtec.cat\/ieangeldetobies\/general\/a-les-seves-sabates-un-mati-experimentant-la-discapacitat-visual\/","title":{"rendered":"A les seves sabates! Un mat\u00ed experimentant la discapacitat visual."},"content":{"rendered":"<p>L&#8217;Organitzaci\u00f3 Mundial de la Salut (OMS) defineix la discapacitat dins l&#8217;\u00e0mbit de la salut com &#8220;tota restricci\u00f3 o abs\u00e8ncia de la capacitat per\u00a0<span class=\"hiddenGreenError\" style=\"padding-bottom: 2px; background-image: url('..\/..\/..\/..\/..\/images\/squiggle_green.png'); background-repeat: repeat-x; background-position: left bottom; cursor: default; color: #000000; font-family: 'Open Sans', Helvetica, Arial, sans-serif; font-size: 16px; font-style: normal; font-variant-ligatures: normal; font-variant-caps: normal; font-weight: 300; letter-spacing: normal; orphans: 2; text-align: start; text-indent: 0px; text-transform: none; white-space: normal; widows: 2; word-spacing: 0px; -webkit-text-stroke-width: 0px; text-decoration-thickness: initial; text-decoration-style: initial; text-decoration-color: initial;\">realitzar<\/span> una activitat en la forma o dins del marge que es considera normal per a un \u00e9sser hum\u00e0. Aquesta limitaci\u00f3 funcional es manifesta com una realitat en la vida di\u00e0ria i el problema interfereix tant en les activitats f\u00edsiques com en les psicol\u00f2giques&#8221;. \u00c9s per aix\u00f2 que parlem de persones amb discapacitat i no de discapacitats.<br \/>\nEl dia 3 de desembre \u00e9s el dia internacional de la discapacitat o diversitat funcional i hem fet activitats de sensibilitzaci\u00f3 i inclusi\u00f3. Els grans objectius de les activitats de sensibilitzaci\u00f3 que<br \/>\nhem realitzat s\u00f3n: generar m\u00e9s consci\u00e8ncia per part dels alumnes entorn la discapacitat i promocionar jocs i activitats cooperatives, integradores i d&#8217;inclusi\u00f3. Promoure aquest tipus d&#8217;activitat \u00e9s crucial per al desenvolupament de l&#8217;empatia i la comprensi\u00f3 dels alumnes, aix\u00ed com per a la bona integraci\u00f3 i inclusi\u00f3 dels infants amb diversitat funcional a l&#8217;escola.<br \/>\nHem experimentat amb la discapacitat visual\u00a0<span class=\"hiddenGreenError\" style=\"padding-bottom: 2px; background-image: url('..\/..\/..\/..\/..\/images\/squiggle_green.png'); background-repeat: repeat-x; background-position: left bottom; cursor: default; color: #000000; font-family: 'Open Sans', Helvetica, Arial, sans-serif; font-size: 16px; font-style: normal; font-variant-ligatures: normal; font-variant-caps: normal; font-weight: 300; letter-spacing: normal; orphans: 2; text-align: start; text-indent: 0px; text-transform: none; white-space: normal; widows: 2; word-spacing: 0px; -webkit-text-stroke-width: 0px; text-decoration-thickness: initial; text-decoration-style: initial; text-decoration-color: initial;\">realitzant<\/span> activitats i jocs, al llarg del mat\u00ed, amb els ulls tapats.<br \/>\nUna experi\u00e8ncia diferent!<\/p>\n<p><a href=\"https:\/\/agora.xtec.cat\/ieangeldetobies\/wp-content\/uploads\/usu1448\/2021\/12\/IMG-20211203-WA0006.jpg\"><img loading=\"lazy\" decoding=\"async\" class=\"alignleft size-medium wp-image-4670\" src=\"https:\/\/agora.xtec.cat\/ieangeldetobies\/wp-content\/uploads\/usu1448\/2021\/12\/IMG-20211203-WA0006-225x300.jpg\" alt=\"\" width=\"225\" height=\"300\" srcset=\"https:\/\/agora.xtec.cat\/ieangeldetobies\/wp-content\/uploads\/usu1448\/2021\/12\/IMG-20211203-WA0006-225x300.jpg 225w, https:\/\/agora.xtec.cat\/ieangeldetobies\/wp-content\/uploads\/usu1448\/2021\/12\/IMG-20211203-WA0006-768x1024.jpg 768w, https:\/\/agora.xtec.cat\/ieangeldetobies\/wp-content\/uploads\/usu1448\/2021\/12\/IMG-20211203-WA0006-1152x1536.jpg 1152w, https:\/\/agora.xtec.cat\/ieangeldetobies\/wp-content\/uploads\/usu1448\/2021\/12\/IMG-20211203-WA0006.jpg 1200w\" sizes=\"auto, (max-width: 225px) 100vw, 225px\" \/><\/a> <a href=\"https:\/\/agora.xtec.cat\/ieangeldetobies\/wp-content\/uploads\/usu1448\/2021\/12\/IMG-20211203-WA0007.jpg\"><img loading=\"lazy\" decoding=\"async\" class=\"alignleft size-medium wp-image-4671\" src=\"https:\/\/agora.xtec.cat\/ieangeldetobies\/wp-content\/uploads\/usu1448\/2021\/12\/IMG-20211203-WA0007-225x300.jpg\" alt=\"\" width=\"225\" height=\"300\" srcset=\"https:\/\/agora.xtec.cat\/ieangeldetobies\/wp-content\/uploads\/usu1448\/2021\/12\/IMG-20211203-WA0007-225x300.jpg 225w, https:\/\/agora.xtec.cat\/ieangeldetobies\/wp-content\/uploads\/usu1448\/2021\/12\/IMG-20211203-WA0007-768x1024.jpg 768w, https:\/\/agora.xtec.cat\/ieangeldetobies\/wp-content\/uploads\/usu1448\/2021\/12\/IMG-20211203-WA0007-1152x1536.jpg 1152w, https:\/\/agora.xtec.cat\/ieangeldetobies\/wp-content\/uploads\/usu1448\/2021\/12\/IMG-20211203-WA0007.jpg 1200w\" sizes=\"auto, (max-width: 225px) 100vw, 225px\" \/><\/a> <a href=\"https:\/\/agora.xtec.cat\/ieangeldetobies\/wp-content\/uploads\/usu1448\/2021\/12\/IMG_20211203_120815.jpg\"><img loading=\"lazy\" decoding=\"async\" class=\"alignleft size-medium wp-image-4672\" src=\"https:\/\/agora.xtec.cat\/ieangeldetobies\/wp-content\/uploads\/usu1448\/2021\/12\/IMG_20211203_120815-300x225.jpg\" alt=\"\" width=\"300\" height=\"225\" srcset=\"https:\/\/agora.xtec.cat\/ieangeldetobies\/wp-content\/uploads\/usu1448\/2021\/12\/IMG_20211203_120815-300x225.jpg 300w, https:\/\/agora.xtec.cat\/ieangeldetobies\/wp-content\/uploads\/usu1448\/2021\/12\/IMG_20211203_120815-1024x768.jpg 1024w, https:\/\/agora.xtec.cat\/ieangeldetobies\/wp-content\/uploads\/usu1448\/2021\/12\/IMG_20211203_120815-768x576.jpg 768w, https:\/\/agora.xtec.cat\/ieangeldetobies\/wp-content\/uploads\/usu1448\/2021\/12\/IMG_20211203_120815-1536x1152.jpg 1536w, https:\/\/agora.xtec.cat\/ieangeldetobies\/wp-content\/uploads\/usu1448\/2021\/12\/IMG_20211203_120815-2048x1536.jpg 2048w, https:\/\/agora.xtec.cat\/ieangeldetobies\/wp-content\/uploads\/usu1448\/2021\/12\/IMG_20211203_120815-200x150.jpg 200w\" sizes=\"auto, (max-width: 300px) 100vw, 300px\" \/><\/a> <a href=\"https:\/\/agora.xtec.cat\/ieangeldetobies\/wp-content\/uploads\/usu1448\/2021\/12\/IMG_20211203_120734.jpg\"><img loading=\"lazy\" decoding=\"async\" class=\"alignleft size-medium wp-image-4673\" src=\"https:\/\/agora.xtec.cat\/ieangeldetobies\/wp-content\/uploads\/usu1448\/2021\/12\/IMG_20211203_120734-300x225.jpg\" alt=\"\" width=\"300\" height=\"225\" srcset=\"https:\/\/agora.xtec.cat\/ieangeldetobies\/wp-content\/uploads\/usu1448\/2021\/12\/IMG_20211203_120734-300x225.jpg 300w, https:\/\/agora.xtec.cat\/ieangeldetobies\/wp-content\/uploads\/usu1448\/2021\/12\/IMG_20211203_120734-1024x768.jpg 1024w, https:\/\/agora.xtec.cat\/ieangeldetobies\/wp-content\/uploads\/usu1448\/2021\/12\/IMG_20211203_120734-768x576.jpg 768w, https:\/\/agora.xtec.cat\/ieangeldetobies\/wp-content\/uploads\/usu1448\/2021\/12\/IMG_20211203_120734-1536x1152.jpg 1536w, https:\/\/agora.xtec.cat\/ieangeldetobies\/wp-content\/uploads\/usu1448\/2021\/12\/IMG_20211203_120734-2048x1536.jpg 2048w, https:\/\/agora.xtec.cat\/ieangeldetobies\/wp-content\/uploads\/usu1448\/2021\/12\/IMG_20211203_120734-200x150.jpg 200w\" sizes=\"auto, (max-width: 300px) 100vw, 300px\" \/><\/a> <a href=\"https:\/\/agora.xtec.cat\/ieangeldetobies\/wp-content\/uploads\/usu1448\/2021\/12\/IMG_20211203_115120.jpg\"><img loading=\"lazy\" decoding=\"async\" class=\"alignleft size-medium wp-image-4674\" src=\"https:\/\/agora.xtec.cat\/ieangeldetobies\/wp-content\/uploads\/usu1448\/2021\/12\/IMG_20211203_115120-225x300.jpg\" alt=\"\" width=\"225\" height=\"300\" srcset=\"https:\/\/agora.xtec.cat\/ieangeldetobies\/wp-content\/uploads\/usu1448\/2021\/12\/IMG_20211203_115120-225x300.jpg 225w, https:\/\/agora.xtec.cat\/ieangeldetobies\/wp-content\/uploads\/usu1448\/2021\/12\/IMG_20211203_115120-768x1024.jpg 768w, https:\/\/agora.xtec.cat\/ieangeldetobies\/wp-content\/uploads\/usu1448\/2021\/12\/IMG_20211203_115120-1152x1536.jpg 1152w, https:\/\/agora.xtec.cat\/ieangeldetobies\/wp-content\/uploads\/usu1448\/2021\/12\/IMG_20211203_115120-1536x2048.jpg 1536w, https:\/\/agora.xtec.cat\/ieangeldetobies\/wp-content\/uploads\/usu1448\/2021\/12\/IMG_20211203_115120.jpg 1916w\" sizes=\"auto, (max-width: 225px) 100vw, 225px\" \/><\/a><\/p>\n","protected":false},"excerpt":{"rendered":"<p>L&#8217;Organitzaci\u00f3 Mundial de la Salut (OMS) defineix la discapacitat dins l&#8217;\u00e0mbit de la salut com &#8220;tota restricci\u00f3 o abs\u00e8ncia de [&hellip;]<\/p>\n","protected":false},"author":1,"featured_media":4671,"comment_status":"closed","ping_status":"closed","sticky":false,"template":"","format":"standard","meta":{"_bbp_topic_count":0,"_bbp_reply_count":0,"_bbp_total_topic_count":0,"_bbp_total_reply_count":0,"_bbp_voice_count":0,"_bbp_anonymous_reply_count":0,"_bbp_topic_count_hidden":0,"_bbp_reply_count_hidden":0,"_bbp_forum_subforum_count":0,"site-sidebar-layout":"default","site-content-layout":"","ast-site-content-layout":"","site-content-style":"default","site-sidebar-style":"default","ast-global-header-display":"","ast-banner-title-visibility":"","ast-main-header-display":"","ast-hfb-above-header-display":"","ast-hfb-below-header-display":"","ast-hfb-mobile-header-display":"","site-post-title":"","ast-breadcrumbs-content":"","ast-featured-img":"","footer-sml-layout":"","theme-transparent-header-meta":"","adv-header-id-meta":"","stick-header-meta":"","header-above-stick-meta":"","header-main-stick-meta":"","header-below-stick-meta":"","astra-migrate-meta-layouts":"default","ast-page-background-enabled":"default","ast-page-background-meta":{"desktop":{"background-color":"var(--ast-global-color-4)","background-image":"","background-repeat":"repeat","background-position":"center center","background-size":"auto","background-attachment":"scroll","background-type":"","background-media":"","overlay-type":"","overlay-color":"","overlay-opacity":"","overlay-gradient":""},"tablet":{"background-color":"","background-image":"","background-repeat":"repeat","background-position":"center center","background-size":"auto","background-attachment":"scroll","background-type":"","background-media":"","overlay-type":"","overlay-color":"","overlay-opacity":"","overlay-gradient":""},"mobile":{"background-color":"","background-image":"","background-repeat":"repeat","background-position":"center center","background-size":"auto","background-attachment":"scroll","background-type":"","background-media":"","overlay-type":"","overlay-color":"","overlay-opacity":"","overlay-gradient":""}},"ast-content-background-meta":{"desktop":{"background-color":"var(--ast-global-color-5)","background-image":"","background-repeat":"repeat","background-position":"center center","background-size":"auto","background-attachment":"scroll","background-type":"","background-media":"","overlay-type":"","overlay-color":"","overlay-opacity":"","overlay-gradient":""},"tablet":{"background-color":"var(--ast-global-color-5)","background-image":"","background-repeat":"repeat","background-position":"center center","background-size":"auto","background-attachment":"scroll","background-type":"","background-media":"","overlay-type":"","overlay-color":"","overlay-opacity":"","overlay-gradient":""},"mobile":{"background-color":"var(--ast-global-color-5)","background-image":"","background-repeat":"repeat","background-position":"center center","background-size":"auto","background-attachment":"scroll","background-type":"","background-media":"","overlay-type":"","overlay-color":"","overlay-opacity":"","overlay-gradient":""}},"footnotes":""},"categories":[15,1,4,5],"tags":[111,80,254,208,207,72],"class_list":["post-4669","post","type-post","status-publish","format-standard","has-post-thumbnail","hentry","category-6e","category-general","category-portada","category-primaria","tag-6e","tag-activitat","tag-discapacitat","tag-entorn","tag-medi","tag-primaria"],"post_mailing_queue_ids":[],"_links":{"self":[{"href":"https:\/\/agora.xtec.cat\/ieangeldetobies\/wp-json\/wp\/v2\/posts\/4669","targetHints":{"allow":["GET"]}}],"collection":[{"href":"https:\/\/agora.xtec.cat\/ieangeldetobies\/wp-json\/wp\/v2\/posts"}],"about":[{"href":"https:\/\/agora.xtec.cat\/ieangeldetobies\/wp-json\/wp\/v2\/types\/post"}],"author":[{"embeddable":true,"href":"https:\/\/agora.xtec.cat\/ieangeldetobies\/wp-json\/wp\/v2\/users\/1"}],"replies":[{"embeddable":true,"href":"https:\/\/agora.xtec.cat\/ieangeldetobies\/wp-json\/wp\/v2\/comments?post=4669"}],"version-history":[{"count":1,"href":"https:\/\/agora.xtec.cat\/ieangeldetobies\/wp-json\/wp\/v2\/posts\/4669\/revisions"}],"predecessor-version":[{"id":4675,"href":"https:\/\/agora.xtec.cat\/ieangeldetobies\/wp-json\/wp\/v2\/posts\/4669\/revisions\/4675"}],"wp:featuredmedia":[{"embeddable":true,"href":"https:\/\/agora.xtec.cat\/ieangeldetobies\/wp-json\/wp\/v2\/media\/4671"}],"wp:attachment":[{"href":"https:\/\/agora.xtec.cat\/ieangeldetobies\/wp-json\/wp\/v2\/media?parent=4669"}],"wp:term":[{"taxonomy":"category","embeddable":true,"href":"https:\/\/agora.xtec.cat\/ieangeldetobies\/wp-json\/wp\/v2\/categories?post=4669"},{"taxonomy":"post_tag","embeddable":true,"href":"https:\/\/agora.xtec.cat\/ieangeldetobies\/wp-json\/wp\/v2\/tags?post=4669"}],"curies":[{"name":"wp","href":"https:\/\/api.w.org\/{rel}","templated":true}]}}