{"id":4078,"date":"2021-09-27T08:43:01","date_gmt":"2021-09-27T06:43:01","guid":{"rendered":"https:\/\/agora.xtec.cat\/ieangeldetobies\/?p=4078"},"modified":"2021-09-27T08:43:01","modified_gmt":"2021-09-27T06:43:01","slug":"aprenem-mitjancant-la-musica","status":"publish","type":"post","link":"https:\/\/agora.xtec.cat\/ieangeldetobies\/general\/aprenem-mitjancant-la-musica\/","title":{"rendered":"Aprenem mitjan\u00e7ant la m\u00fasica"},"content":{"rendered":"<div>Els infants d&#8217;Educaci\u00f3 Infantil hem comen\u00e7at aquest curs escolar amb moltes ganes i il\u00b7lusi\u00f3 i ens ho passem d&#8217;all\u00f2 m\u00e9s b\u00e9 gaudint de la m\u00fasica. Tot just aquesta setmana ens hem acomiadat de l&#8217;estiu i hem celebrat l&#8217;arribada de la tardor cantant-li una can\u00e7\u00f3.<\/div>\n<div><\/div>\n<div>Junts aprendrem moltes coses a trav\u00e9s del cant, del ball, de l&#8217;escolta activa, de la interpretaci\u00f3 i de la percussi\u00f3 corporal. Que no pari la m\u00fasica!<\/div>\n<div><a href=\"https:\/\/agora.xtec.cat\/ieangeldetobies\/wp-content\/uploads\/usu1448\/2021\/09\/IMG_6554-scaled.jpg\"><img loading=\"lazy\" decoding=\"async\" class=\"aligncenter wp-image-4079 size-large\" src=\"https:\/\/agora.xtec.cat\/ieangeldetobies\/wp-content\/uploads\/usu1448\/2021\/09\/IMG_6554-1024x768.jpg\" alt=\"\" width=\"1024\" height=\"768\" srcset=\"https:\/\/agora.xtec.cat\/ieangeldetobies\/wp-content\/uploads\/usu1448\/2021\/09\/IMG_6554-1024x768.jpg 1024w, https:\/\/agora.xtec.cat\/ieangeldetobies\/wp-content\/uploads\/usu1448\/2021\/09\/IMG_6554-300x225.jpg 300w, https:\/\/agora.xtec.cat\/ieangeldetobies\/wp-content\/uploads\/usu1448\/2021\/09\/IMG_6554-768x576.jpg 768w, https:\/\/agora.xtec.cat\/ieangeldetobies\/wp-content\/uploads\/usu1448\/2021\/09\/IMG_6554-1536x1152.jpg 1536w, https:\/\/agora.xtec.cat\/ieangeldetobies\/wp-content\/uploads\/usu1448\/2021\/09\/IMG_6554-2048x1536.jpg 2048w, https:\/\/agora.xtec.cat\/ieangeldetobies\/wp-content\/uploads\/usu1448\/2021\/09\/IMG_6554-200x150.jpg 200w\" sizes=\"auto, (max-width: 1024px) 100vw, 1024px\" \/><\/a><\/div>\n","protected":false},"excerpt":{"rendered":"<p>Els infants d&#8217;Educaci\u00f3 Infantil hem comen\u00e7at aquest curs escolar amb moltes ganes i il\u00b7lusi\u00f3 i ens ho passem d&#8217;all\u00f2 m\u00e9s [&hellip;]<\/p>\n","protected":false},"author":1,"featured_media":4079,"comment_status":"closed","ping_status":"closed","sticky":false,"template":"","format":"standard","meta":{"_bbp_topic_count":0,"_bbp_reply_count":0,"_bbp_total_topic_count":0,"_bbp_total_reply_count":0,"_bbp_voice_count":0,"_bbp_anonymous_reply_count":0,"_bbp_topic_count_hidden":0,"_bbp_reply_count_hidden":0,"_bbp_forum_subforum_count":0,"site-sidebar-layout":"default","site-content-layout":"","ast-site-content-layout":"","site-content-style":"default","site-sidebar-style":"default","ast-global-header-display":"","ast-banner-title-visibility":"","ast-main-header-display":"","ast-hfb-above-header-display":"","ast-hfb-below-header-display":"","ast-hfb-mobile-header-display":"","site-post-title":"","ast-breadcrumbs-content":"","ast-featured-img":"","footer-sml-layout":"","theme-transparent-header-meta":"","adv-header-id-meta":"","stick-header-meta":"","header-above-stick-meta":"","header-main-stick-meta":"","header-below-stick-meta":"","astra-migrate-meta-layouts":"default","ast-page-background-enabled":"default","ast-page-background-meta":{"desktop":{"background-color":"var(--ast-global-color-4)","background-image":"","background-repeat":"repeat","background-position":"center center","background-size":"auto","background-attachment":"scroll","background-type":"","background-media":"","overlay-type":"","overlay-color":"","overlay-opacity":"","overlay-gradient":""},"tablet":{"background-color":"","background-image":"","background-repeat":"repeat","background-position":"center center","background-size":"auto","background-attachment":"scroll","background-type":"","background-media":"","overlay-type":"","overlay-color":"","overlay-opacity":"","overlay-gradient":""},"mobile":{"background-color":"","background-image":"","background-repeat":"repeat","background-position":"center center","background-size":"auto","background-attachment":"scroll","background-type":"","background-media":"","overlay-type":"","overlay-color":"","overlay-opacity":"","overlay-gradient":""}},"ast-content-background-meta":{"desktop":{"background-color":"var(--ast-global-color-5)","background-image":"","background-repeat":"repeat","background-position":"center center","background-size":"auto","background-attachment":"scroll","background-type":"","background-media":"","overlay-type":"","overlay-color":"","overlay-opacity":"","overlay-gradient":""},"tablet":{"background-color":"var(--ast-global-color-5)","background-image":"","background-repeat":"repeat","background-position":"center center","background-size":"auto","background-attachment":"scroll","background-type":"","background-media":"","overlay-type":"","overlay-color":"","overlay-opacity":"","overlay-gradient":""},"mobile":{"background-color":"var(--ast-global-color-5)","background-image":"","background-repeat":"repeat","background-position":"center center","background-size":"auto","background-attachment":"scroll","background-type":"","background-media":"","overlay-type":"","overlay-color":"","overlay-opacity":"","overlay-gradient":""}},"footnotes":""},"categories":[1,2,3,8,9,4],"tags":[106,186,108,109,110],"class_list":["post-4078","post","type-post","status-publish","format-standard","has-post-thumbnail","hentry","category-general","category-infantil","category-p3","category-p4","category-p5","category-portada","tag-infantil","tag-musica","tag-p3","tag-p4","tag-p5"],"post_mailing_queue_ids":[],"_links":{"self":[{"href":"https:\/\/agora.xtec.cat\/ieangeldetobies\/wp-json\/wp\/v2\/posts\/4078","targetHints":{"allow":["GET"]}}],"collection":[{"href":"https:\/\/agora.xtec.cat\/ieangeldetobies\/wp-json\/wp\/v2\/posts"}],"about":[{"href":"https:\/\/agora.xtec.cat\/ieangeldetobies\/wp-json\/wp\/v2\/types\/post"}],"author":[{"embeddable":true,"href":"https:\/\/agora.xtec.cat\/ieangeldetobies\/wp-json\/wp\/v2\/users\/1"}],"replies":[{"embeddable":true,"href":"https:\/\/agora.xtec.cat\/ieangeldetobies\/wp-json\/wp\/v2\/comments?post=4078"}],"version-history":[{"count":2,"href":"https:\/\/agora.xtec.cat\/ieangeldetobies\/wp-json\/wp\/v2\/posts\/4078\/revisions"}],"predecessor-version":[{"id":4112,"href":"https:\/\/agora.xtec.cat\/ieangeldetobies\/wp-json\/wp\/v2\/posts\/4078\/revisions\/4112"}],"wp:featuredmedia":[{"embeddable":true,"href":"https:\/\/agora.xtec.cat\/ieangeldetobies\/wp-json\/wp\/v2\/media\/4079"}],"wp:attachment":[{"href":"https:\/\/agora.xtec.cat\/ieangeldetobies\/wp-json\/wp\/v2\/media?parent=4078"}],"wp:term":[{"taxonomy":"category","embeddable":true,"href":"https:\/\/agora.xtec.cat\/ieangeldetobies\/wp-json\/wp\/v2\/categories?post=4078"},{"taxonomy":"post_tag","embeddable":true,"href":"https:\/\/agora.xtec.cat\/ieangeldetobies\/wp-json\/wp\/v2\/tags?post=4078"}],"curies":[{"name":"wp","href":"https:\/\/api.w.org\/{rel}","templated":true}]}}