{"id":3182,"date":"2021-01-16T09:45:57","date_gmt":"2021-01-16T08:45:57","guid":{"rendered":"https:\/\/agora.xtec.cat\/ieangeldetobies\/?p=3182"},"modified":"2021-01-14T15:47:47","modified_gmt":"2021-01-14T14:47:47","slug":"aprendre-catala","status":"publish","type":"post","link":"https:\/\/agora.xtec.cat\/ieangeldetobies\/infantil\/aprendre-catala\/","title":{"rendered":"Aprendre catal\u00e0"},"content":{"rendered":"<p><span style=\"font-weight: 400;\">A l\u2019Aula d\u2019Acollida de Cicle Mitj\u00e0, hi assisteixen alumnes de tercer i de quart de prim\u00e0ria.<\/span><\/p>\n<p><span style=\"font-weight: 400;\">De quart, som cinc alumnes. Tots, vam arribar l\u2019any passat a l\u2019escola. Dos, ven\u00edem del Marroc, un de Vene\u00e7uela, una de Pakistan i un de l\u2019Argentina.<\/span><\/p>\n<p><span style=\"font-weight: 400;\">De tercer som sis alumnes. Dos, vam arribar l\u2019any passat i quatre hem arribat aquest any. Cinc, ven\u00edem del Marroc i un de Brasil.<\/span><\/p>\n<p><span style=\"font-weight: 400;\">Venim a l\u2019aula d\u2019acollida per aprendre catal\u00e0.<\/span><\/p>\n<p><span style=\"font-weight: 400;\">Si sabem catal\u00e0 podem: parlar amb les persones, entendre el que diuen, fer amics, llegir, escriure, expressar qu\u00e8 ens passa, comunicar-nos, comprar, mirar la televisi\u00f3, representar obres de teatre, jugar amb els amics, cantar, anar a la biblioteca municipal i llegir llibres en catal\u00e0, explicar hist\u00f2ries, buscar per internet, escoltar can\u00e7ons, aprendre coses escoltant els que ens acompanyen a les visites i excursions,\u2026<\/span><\/p>\n<p><span style=\"font-weight: 400;\">Quan arribem, no trobem les paraules per dir el que volem dir i sentim una mica de r\u00e0bia. Tampoc entenem moltes coses. Quan aprenen catal\u00e0, podem fer cada cop m\u00e9s coses i ens sentim millor!<\/span><\/p>\n<p><img loading=\"lazy\" decoding=\"async\" class=\"aligncenter size-large wp-image-3183\" src=\"https:\/\/agora.xtec.cat\/ieangeldetobies\/wp-content\/uploads\/usu1448\/2021\/01\/20210113_115023-1024x614.jpg\" alt=\"\" width=\"1024\" height=\"614\" srcset=\"https:\/\/agora.xtec.cat\/ieangeldetobies\/wp-content\/uploads\/usu1448\/2021\/01\/20210113_115023-1024x614.jpg 1024w, https:\/\/agora.xtec.cat\/ieangeldetobies\/wp-content\/uploads\/usu1448\/2021\/01\/20210113_115023-300x180.jpg 300w, https:\/\/agora.xtec.cat\/ieangeldetobies\/wp-content\/uploads\/usu1448\/2021\/01\/20210113_115023-768x461.jpg 768w\" sizes=\"auto, (max-width: 1024px) 100vw, 1024px\" \/><\/p>\n","protected":false},"excerpt":{"rendered":"<p>A l\u2019Aula d\u2019Acollida de Cicle Mitj\u00e0, hi assisteixen alumnes de tercer i de quart de prim\u00e0ria. De quart, som cinc [&hellip;]<\/p>\n","protected":false},"author":1,"featured_media":3183,"comment_status":"closed","ping_status":"closed","sticky":false,"template":"","format":"standard","meta":{"_bbp_topic_count":0,"_bbp_reply_count":0,"_bbp_total_topic_count":0,"_bbp_total_reply_count":0,"_bbp_voice_count":0,"_bbp_anonymous_reply_count":0,"_bbp_topic_count_hidden":0,"_bbp_reply_count_hidden":0,"_bbp_forum_subforum_count":0,"site-sidebar-layout":"default","site-content-layout":"","ast-site-content-layout":"","site-content-style":"default","site-sidebar-style":"default","ast-global-header-display":"","ast-banner-title-visibility":"","ast-main-header-display":"","ast-hfb-above-header-display":"","ast-hfb-below-header-display":"","ast-hfb-mobile-header-display":"","site-post-title":"","ast-breadcrumbs-content":"","ast-featured-img":"","footer-sml-layout":"","theme-transparent-header-meta":"","adv-header-id-meta":"","stick-header-meta":"","header-above-stick-meta":"","header-main-stick-meta":"","header-below-stick-meta":"","astra-migrate-meta-layouts":"default","ast-page-background-enabled":"default","ast-page-background-meta":{"desktop":{"background-color":"var(--ast-global-color-4)","background-image":"","background-repeat":"repeat","background-position":"center center","background-size":"auto","background-attachment":"scroll","background-type":"","background-media":"","overlay-type":"","overlay-color":"","overlay-opacity":"","overlay-gradient":""},"tablet":{"background-color":"","background-image":"","background-repeat":"repeat","background-position":"center center","background-size":"auto","background-attachment":"scroll","background-type":"","background-media":"","overlay-type":"","overlay-color":"","overlay-opacity":"","overlay-gradient":""},"mobile":{"background-color":"","background-image":"","background-repeat":"repeat","background-position":"center center","background-size":"auto","background-attachment":"scroll","background-type":"","background-media":"","overlay-type":"","overlay-color":"","overlay-opacity":"","overlay-gradient":""}},"ast-content-background-meta":{"desktop":{"background-color":"var(--ast-global-color-5)","background-image":"","background-repeat":"repeat","background-position":"center center","background-size":"auto","background-attachment":"scroll","background-type":"","background-media":"","overlay-type":"","overlay-color":"","overlay-opacity":"","overlay-gradient":""},"tablet":{"background-color":"var(--ast-global-color-5)","background-image":"","background-repeat":"repeat","background-position":"center center","background-size":"auto","background-attachment":"scroll","background-type":"","background-media":"","overlay-type":"","overlay-color":"","overlay-opacity":"","overlay-gradient":""},"mobile":{"background-color":"var(--ast-global-color-5)","background-image":"","background-repeat":"repeat","background-position":"center center","background-size":"auto","background-attachment":"scroll","background-type":"","background-media":"","overlay-type":"","overlay-color":"","overlay-opacity":"","overlay-gradient":""}},"footnotes":""},"categories":[12,13,2,4,5],"tags":[162],"class_list":["post-3182","post","type-post","status-publish","format-standard","has-post-thumbnail","hentry","category-3r","category-4t","category-infantil","category-portada","category-primaria","tag-aula-acollida"],"post_mailing_queue_ids":[],"_links":{"self":[{"href":"https:\/\/agora.xtec.cat\/ieangeldetobies\/wp-json\/wp\/v2\/posts\/3182","targetHints":{"allow":["GET"]}}],"collection":[{"href":"https:\/\/agora.xtec.cat\/ieangeldetobies\/wp-json\/wp\/v2\/posts"}],"about":[{"href":"https:\/\/agora.xtec.cat\/ieangeldetobies\/wp-json\/wp\/v2\/types\/post"}],"author":[{"embeddable":true,"href":"https:\/\/agora.xtec.cat\/ieangeldetobies\/wp-json\/wp\/v2\/users\/1"}],"replies":[{"embeddable":true,"href":"https:\/\/agora.xtec.cat\/ieangeldetobies\/wp-json\/wp\/v2\/comments?post=3182"}],"version-history":[{"count":1,"href":"https:\/\/agora.xtec.cat\/ieangeldetobies\/wp-json\/wp\/v2\/posts\/3182\/revisions"}],"predecessor-version":[{"id":3184,"href":"https:\/\/agora.xtec.cat\/ieangeldetobies\/wp-json\/wp\/v2\/posts\/3182\/revisions\/3184"}],"wp:featuredmedia":[{"embeddable":true,"href":"https:\/\/agora.xtec.cat\/ieangeldetobies\/wp-json\/wp\/v2\/media\/3183"}],"wp:attachment":[{"href":"https:\/\/agora.xtec.cat\/ieangeldetobies\/wp-json\/wp\/v2\/media?parent=3182"}],"wp:term":[{"taxonomy":"category","embeddable":true,"href":"https:\/\/agora.xtec.cat\/ieangeldetobies\/wp-json\/wp\/v2\/categories?post=3182"},{"taxonomy":"post_tag","embeddable":true,"href":"https:\/\/agora.xtec.cat\/ieangeldetobies\/wp-json\/wp\/v2\/tags?post=3182"}],"curies":[{"name":"wp","href":"https:\/\/api.w.org\/{rel}","templated":true}]}}