{"id":2876,"date":"2020-11-11T09:35:16","date_gmt":"2020-11-11T08:35:16","guid":{"rendered":"https:\/\/agora.xtec.cat\/ieangeldetobies\/?p=2876"},"modified":"2020-11-09T12:38:52","modified_gmt":"2020-11-09T11:38:52","slug":"tenim-una-nova-incorporacio-a-laula-dacollida","status":"publish","type":"post","link":"https:\/\/agora.xtec.cat\/ieangeldetobies\/general\/tenim-una-nova-incorporacio-a-laula-dacollida\/","title":{"rendered":"Tenim una nova incorporaci\u00f3 a l\u2019Aula d\u2019Acollida"},"content":{"rendered":"<p><b>La voleu con\u00e8ixer millor?<\/b><\/p>\n<p><img loading=\"lazy\" decoding=\"async\" class=\"size-medium wp-image-2878 alignright\" src=\"https:\/\/agora.xtec.cat\/ieangeldetobies\/wp-content\/uploads\/usu1448\/2020\/11\/IMG_0641-300x225.jpg\" alt=\"\" width=\"300\" height=\"225\" srcset=\"https:\/\/agora.xtec.cat\/ieangeldetobies\/wp-content\/uploads\/usu1448\/2020\/11\/IMG_0641-300x225.jpg 300w, https:\/\/agora.xtec.cat\/ieangeldetobies\/wp-content\/uploads\/usu1448\/2020\/11\/IMG_0641-768x576.jpg 768w, https:\/\/agora.xtec.cat\/ieangeldetobies\/wp-content\/uploads\/usu1448\/2020\/11\/IMG_0641-1024x768.jpg 1024w, https:\/\/agora.xtec.cat\/ieangeldetobies\/wp-content\/uploads\/usu1448\/2020\/11\/IMG_0641-200x150.jpg 200w\" sizes=\"auto, (max-width: 300px) 100vw, 300px\" \/><\/p>\n<p><span style=\"font-weight: 400;\">Entrevistem a l\u2019Emma, la noia que est\u00e0 fent pr\u00e0ctiques amb nosaltres.<\/span><\/p>\n<p><b>Badre<\/b><span style=\"font-weight: 400;\">: Hola, bon d\u00eda! A l\u2019escola tenim una p\u00e0gina web, i et volem entrevistar, si vols, per a que els i les altres nens i nenes de l\u2019escola et coneguin.<\/span><\/p>\n<p>&nbsp;<\/p>\n<p><b>Emma<\/b><span style=\"font-weight: 400;\">: Hola, bon d\u00eda a totes! I tant! Tinc moltes ganes de comen\u00e7ar l\u2019entrevista.<\/span><\/p>\n<p>&nbsp;<\/p>\n<p><b>Priscila<\/b><span style=\"font-weight: 400;\">: Com et dius?<\/span><\/p>\n<p>&nbsp;<\/p>\n<p><b>Emma<\/b><span style=\"font-weight: 400;\">: Em dic Emma.<\/span><\/p>\n<p>&nbsp;<\/p>\n<p><b>Vicente: <\/b><span style=\"font-weight: 400;\">Qu\u00e8 est\u00e0s estudiant?<\/span><\/p>\n<p>&nbsp;<\/p>\n<p><b>Emma<\/b><span style=\"font-weight: 400;\">: Estic estudiant el Grau Superior d\u2019Integraci\u00f3 Social al institut Andreu Nin.<\/span><\/p>\n<p>&nbsp;<\/p>\n<p><b>Badre: <\/b><span style=\"font-weight: 400;\">Per qu\u00e8 vas escollir aquests estudis?<\/span><\/p>\n<p>&nbsp;<\/p>\n<p><b>Emma<\/b><span style=\"font-weight: 400;\">: Des de petita sempre he volgut treballar a l&#8217;\u00e0mbit social i voler que totes siguem iguals davant la societat.<\/span><\/p>\n<p>&nbsp;<\/p>\n<p><b>Vicente: <\/b><span style=\"font-weight: 400;\">Quan acabis aquest curs, vols anar a la universitat? En cas que s\u00ed, quina carrera vols fer?\u00a0<\/span><\/p>\n<p>&nbsp;<\/p>\n<p><b>Emma: <\/b><span style=\"font-weight: 400;\">Encara no ho tinc del tot clar, per\u00f2 m\u2019agradaria fer la carrera d\u2019Educaci\u00f3 Social.<\/span><\/p>\n<p>&nbsp;<\/p>\n<p><b>Priscila: <\/b><span style=\"font-weight: 400;\">Que es educaci\u00f3 social?<\/span><\/p>\n<p>&nbsp;<\/p>\n<p><b>Emma: <\/b><span style=\"font-weight: 400;\">Les educadores socials s\u2019encarreguen de ajudar a les persones m\u00e9s vulnerables per a que tinguin les mateixes oportunitats que la resta.<\/span><\/p>\n<p>&nbsp;<\/p>\n<p><b>Badre: <\/b><span style=\"font-weight: 400;\">Quan temps duren aquestes pr\u00e0ctiques?<\/span><\/p>\n<p>&nbsp;<\/p>\n<p><b>Emma: <\/b><span style=\"font-weight: 400;\">S\u00f3n 383 hores de pr\u00e0ctiques, per\u00f2 calculo que la seva durada seran d\u2019octubre fins a febrer o mar\u00e7.\u00a0<\/span><\/p>\n<p><span style=\"font-weight: 400;\">A m\u00e9s a m\u00e9s he vingut amb dues companyes m\u00e9s, la S\u00f2nia i l\u2019Ana, que fan pr\u00e0ctiques amb l\u2019Antonia i la Mar a educaci\u00f3 especial.<\/span><\/p>\n<p>&nbsp;<\/p>\n<p><b>Vicente: <\/b><span style=\"font-weight: 400;\">Aprens amb la Carme i amb nosaltres?\u00a0<\/span><\/p>\n<p>&nbsp;<\/p>\n<p><b>Emma: <\/b><span style=\"font-weight: 400;\">Si, la veritat es que cada d\u00eda aprenc coses noves, tant de la Carme com de vosaltres.\u00a0<\/span><\/p>\n<p>&nbsp;<\/p>\n<p><b>Carme: <\/b><span style=\"font-weight: 400;\">Falta molt poc per que sigui el teu aniversari, oi?\u00a0<\/span><\/p>\n<p>&nbsp;<\/p>\n<p><b>Emma: <\/b><span style=\"font-weight: 400;\">Si, el 20 de novembre.<\/span><\/p>\n<p>&nbsp;<\/p>\n<p><b>Vicente: <\/b><span style=\"font-weight: 400;\">Quants anys fas?\u00a0<\/span><\/p>\n<p>&nbsp;<\/p>\n<p><b>Emma: <\/b><span style=\"font-weight: 400;\">Faig 20 anys, vaig n\u00e9ixer al any 2000.\u00a0<\/span><\/p>\n<p>&nbsp;<\/p>\n<p><b>Carme: <\/b><span style=\"font-weight: 400;\">A classe ho celebrarem!<\/span><\/p>\n<p>&nbsp;<\/p>\n<p><b>Badre: <\/b><span style=\"font-weight: 400;\">Tots hem viatjat, tu has viatjat?<\/span><\/p>\n<p>&nbsp;<\/p>\n<p><b>Emma: <\/b><span style=\"font-weight: 400;\">Si, m\u2019agrada molt viatjar, he anat a Alemanya, Fran\u00e7a, Portugal, Andorra, Luxemburg, Hongria, It\u00e0lia, Londres i les illes Can\u00e0ries i Balears.<\/span><\/p>\n<p><span style=\"font-weight: 400;\">I m\u2019agradaria viatjar a Brasil i al Marroc.<\/span><\/p>\n<p>&nbsp;<\/p>\n<p><b>Priscila: <\/b><span style=\"font-weight: 400;\">Per que aquests dos llocs?\u00a0<\/span><\/p>\n<p>&nbsp;<\/p>\n<p><b>Emma: <\/b><span style=\"font-weight: 400;\">Al Marroc perqu\u00e8 ten\u00edem un viatge pendent amb l\u2019Institut i a Brasil per que la meva parella es d\u2019all\u00e0 i m\u2019agradaria con\u00e8ixer el lloc d\u2019on ha vingut.<\/span><\/p>\n<p>&nbsp;<\/p>\n<p><b>Vicente: <\/b><span style=\"font-weight: 400;\">Ell va ser un alumne d\u2019aula d\u2019acollida?<\/span><\/p>\n<p>&nbsp;<\/p>\n<p><b>Emma: <\/b><span style=\"font-weight: 400;\">Va arribar amb 4 anys, era molt petit. Per\u00f2 suposo que com parlava portugu\u00e8s va tenir ajuda per aprendre catal\u00e0 i castell\u00e0.<\/span><\/p>\n<p>&nbsp;<\/p>\n<p><b>Vicente: <\/b><span style=\"font-weight: 400;\">Saps parlar portugu\u00e8s?<\/span><\/p>\n<p>&nbsp;<\/p>\n<p><b>Emma: <\/b><span style=\"font-weight: 400;\">Encara no, per\u00f2 vull aprendre i ja comen\u00e7o a entendre\u2019l una mica.<\/span><\/p>\n<p><b>Badre: <\/b><span style=\"font-weight: 400;\">Gr\u00e0cies pel teu temps i per la teva atenci\u00f3.<\/span><\/p>\n<p><img loading=\"lazy\" decoding=\"async\" class=\"size-medium wp-image-2879 alignleft\" src=\"https:\/\/agora.xtec.cat\/ieangeldetobies\/wp-content\/uploads\/usu1448\/2020\/11\/IMG_0640-300x225.jpg\" alt=\"\" width=\"300\" height=\"225\" srcset=\"https:\/\/agora.xtec.cat\/ieangeldetobies\/wp-content\/uploads\/usu1448\/2020\/11\/IMG_0640-300x225.jpg 300w, https:\/\/agora.xtec.cat\/ieangeldetobies\/wp-content\/uploads\/usu1448\/2020\/11\/IMG_0640-768x576.jpg 768w, https:\/\/agora.xtec.cat\/ieangeldetobies\/wp-content\/uploads\/usu1448\/2020\/11\/IMG_0640-1024x768.jpg 1024w, https:\/\/agora.xtec.cat\/ieangeldetobies\/wp-content\/uploads\/usu1448\/2020\/11\/IMG_0640-200x150.jpg 200w\" sizes=\"auto, (max-width: 300px) 100vw, 300px\" \/> <img loading=\"lazy\" decoding=\"async\" class=\"size-medium wp-image-2880 alignleft\" src=\"https:\/\/agora.xtec.cat\/ieangeldetobies\/wp-content\/uploads\/usu1448\/2020\/11\/IMG_0637-300x225.jpg\" alt=\"\" width=\"300\" height=\"225\" srcset=\"https:\/\/agora.xtec.cat\/ieangeldetobies\/wp-content\/uploads\/usu1448\/2020\/11\/IMG_0637-300x225.jpg 300w, https:\/\/agora.xtec.cat\/ieangeldetobies\/wp-content\/uploads\/usu1448\/2020\/11\/IMG_0637-768x576.jpg 768w, https:\/\/agora.xtec.cat\/ieangeldetobies\/wp-content\/uploads\/usu1448\/2020\/11\/IMG_0637-1024x768.jpg 1024w, https:\/\/agora.xtec.cat\/ieangeldetobies\/wp-content\/uploads\/usu1448\/2020\/11\/IMG_0637-200x150.jpg 200w\" sizes=\"auto, (max-width: 300px) 100vw, 300px\" \/> <img loading=\"lazy\" decoding=\"async\" class=\"size-medium wp-image-2877 alignleft\" src=\"https:\/\/agora.xtec.cat\/ieangeldetobies\/wp-content\/uploads\/usu1448\/2020\/11\/IMG_0635-300x225.jpg\" alt=\"\" width=\"300\" height=\"225\" srcset=\"https:\/\/agora.xtec.cat\/ieangeldetobies\/wp-content\/uploads\/usu1448\/2020\/11\/IMG_0635-300x225.jpg 300w, https:\/\/agora.xtec.cat\/ieangeldetobies\/wp-content\/uploads\/usu1448\/2020\/11\/IMG_0635-768x576.jpg 768w, https:\/\/agora.xtec.cat\/ieangeldetobies\/wp-content\/uploads\/usu1448\/2020\/11\/IMG_0635-1024x768.jpg 1024w, https:\/\/agora.xtec.cat\/ieangeldetobies\/wp-content\/uploads\/usu1448\/2020\/11\/IMG_0635-200x150.jpg 200w\" sizes=\"auto, (max-width: 300px) 100vw, 300px\" \/><\/p>\n","protected":false},"excerpt":{"rendered":"<p>La voleu con\u00e8ixer millor? Entrevistem a l\u2019Emma, la noia que est\u00e0 fent pr\u00e0ctiques amb nosaltres. Badre: Hola, bon d\u00eda! A [&hellip;]<\/p>\n","protected":false},"author":1,"featured_media":2879,"comment_status":"closed","ping_status":"closed","sticky":false,"template":"","format":"standard","meta":{"_bbp_topic_count":0,"_bbp_reply_count":0,"_bbp_total_topic_count":0,"_bbp_total_reply_count":0,"_bbp_voice_count":0,"_bbp_anonymous_reply_count":0,"_bbp_topic_count_hidden":0,"_bbp_reply_count_hidden":0,"_bbp_forum_subforum_count":0,"site-sidebar-layout":"default","site-content-layout":"","ast-site-content-layout":"","site-content-style":"default","site-sidebar-style":"default","ast-global-header-display":"","ast-banner-title-visibility":"","ast-main-header-display":"","ast-hfb-above-header-display":"","ast-hfb-below-header-display":"","ast-hfb-mobile-header-display":"","site-post-title":"","ast-breadcrumbs-content":"","ast-featured-img":"","footer-sml-layout":"","theme-transparent-header-meta":"","adv-header-id-meta":"","stick-header-meta":"","header-above-stick-meta":"","header-main-stick-meta":"","header-below-stick-meta":"","astra-migrate-meta-layouts":"default","ast-page-background-enabled":"default","ast-page-background-meta":{"desktop":{"background-color":"var(--ast-global-color-4)","background-image":"","background-repeat":"repeat","background-position":"center center","background-size":"auto","background-attachment":"scroll","background-type":"","background-media":"","overlay-type":"","overlay-color":"","overlay-opacity":"","overlay-gradient":""},"tablet":{"background-color":"","background-image":"","background-repeat":"repeat","background-position":"center center","background-size":"auto","background-attachment":"scroll","background-type":"","background-media":"","overlay-type":"","overlay-color":"","overlay-opacity":"","overlay-gradient":""},"mobile":{"background-color":"","background-image":"","background-repeat":"repeat","background-position":"center center","background-size":"auto","background-attachment":"scroll","background-type":"","background-media":"","overlay-type":"","overlay-color":"","overlay-opacity":"","overlay-gradient":""}},"ast-content-background-meta":{"desktop":{"background-color":"var(--ast-global-color-5)","background-image":"","background-repeat":"repeat","background-position":"center center","background-size":"auto","background-attachment":"scroll","background-type":"","background-media":"","overlay-type":"","overlay-color":"","overlay-opacity":"","overlay-gradient":""},"tablet":{"background-color":"var(--ast-global-color-5)","background-image":"","background-repeat":"repeat","background-position":"center center","background-size":"auto","background-attachment":"scroll","background-type":"","background-media":"","overlay-type":"","overlay-color":"","overlay-opacity":"","overlay-gradient":""},"mobile":{"background-color":"var(--ast-global-color-5)","background-image":"","background-repeat":"repeat","background-position":"center center","background-size":"auto","background-attachment":"scroll","background-type":"","background-media":"","overlay-type":"","overlay-color":"","overlay-opacity":"","overlay-gradient":""}},"footnotes":""},"categories":[137,1,4],"tags":[162],"class_list":["post-2876","post","type-post","status-publish","format-standard","has-post-thumbnail","hentry","category-aa","category-general","category-portada","tag-aula-acollida"],"post_mailing_queue_ids":[],"_links":{"self":[{"href":"https:\/\/agora.xtec.cat\/ieangeldetobies\/wp-json\/wp\/v2\/posts\/2876","targetHints":{"allow":["GET"]}}],"collection":[{"href":"https:\/\/agora.xtec.cat\/ieangeldetobies\/wp-json\/wp\/v2\/posts"}],"about":[{"href":"https:\/\/agora.xtec.cat\/ieangeldetobies\/wp-json\/wp\/v2\/types\/post"}],"author":[{"embeddable":true,"href":"https:\/\/agora.xtec.cat\/ieangeldetobies\/wp-json\/wp\/v2\/users\/1"}],"replies":[{"embeddable":true,"href":"https:\/\/agora.xtec.cat\/ieangeldetobies\/wp-json\/wp\/v2\/comments?post=2876"}],"version-history":[{"count":2,"href":"https:\/\/agora.xtec.cat\/ieangeldetobies\/wp-json\/wp\/v2\/posts\/2876\/revisions"}],"predecessor-version":[{"id":2882,"href":"https:\/\/agora.xtec.cat\/ieangeldetobies\/wp-json\/wp\/v2\/posts\/2876\/revisions\/2882"}],"wp:featuredmedia":[{"embeddable":true,"href":"https:\/\/agora.xtec.cat\/ieangeldetobies\/wp-json\/wp\/v2\/media\/2879"}],"wp:attachment":[{"href":"https:\/\/agora.xtec.cat\/ieangeldetobies\/wp-json\/wp\/v2\/media?parent=2876"}],"wp:term":[{"taxonomy":"category","embeddable":true,"href":"https:\/\/agora.xtec.cat\/ieangeldetobies\/wp-json\/wp\/v2\/categories?post=2876"},{"taxonomy":"post_tag","embeddable":true,"href":"https:\/\/agora.xtec.cat\/ieangeldetobies\/wp-json\/wp\/v2\/tags?post=2876"}],"curies":[{"name":"wp","href":"https:\/\/api.w.org\/{rel}","templated":true}]}}