{"id":316,"date":"2016-11-15T17:44:40","date_gmt":"2016-11-15T16:44:40","guid":{"rendered":"http:\/\/agora.xtec.cat\/ieagustibarbera\/\/?p=316"},"modified":"2016-12-31T20:02:56","modified_gmt":"2016-12-31T19:02:56","slug":"camins-a-lescola","status":"publish","type":"post","link":"https:\/\/agora.xtec.cat\/ieagustibarbera\/primaria\/3r\/camins-a-lescola\/","title":{"rendered":"Camins a l&#8217;escola."},"content":{"rendered":"<p align=\"center\"><span style=\"font-family: Comic Sans MS,serif;\"><span style=\"font-size: large;\"><u><b>CAMINS A L\u2019ESCOLA<\/b><\/u><\/span><\/span><\/p>\n<p><a href=\"http:\/\/agora.xtec.cat\/ieagustibarbera\/\/wp-content\/uploads\/usu625\/2016\/11\/sur_le_chemin_de_l_ecole-130036103-large.jpg\"><img loading=\"lazy\" decoding=\"async\" class=\"wp-image-359 aligncenter\" src=\"http:\/\/agora.xtec.cat\/ieagustibarbera\/\/wp-content\/uploads\/usu625\/2016\/11\/sur_le_chemin_de_l_ecole-130036103-large-768x1024.jpg\" alt=\"sur_le_chemin_de_l_ecole-130036103-large\" width=\"390\" height=\"520\" srcset=\"https:\/\/agora.xtec.cat\/ieagustibarbera\/wp-content\/uploads\/usu625\/2016\/11\/sur_le_chemin_de_l_ecole-130036103-large-768x1024.jpg 768w, https:\/\/agora.xtec.cat\/ieagustibarbera\/wp-content\/uploads\/usu625\/2016\/11\/sur_le_chemin_de_l_ecole-130036103-large-225x300.jpg 225w, https:\/\/agora.xtec.cat\/ieagustibarbera\/wp-content\/uploads\/usu625\/2016\/11\/sur_le_chemin_de_l_ecole-130036103-large.jpg 900w\" sizes=\"auto, (max-width: 390px) 100vw, 390px\" \/><\/a><\/p>\n<p align=\"justify\"><span style=\"font-family: Comic Sans MS,serif;\"><span style=\"font-size: medium;\">Fa uns dies amb els alumnes d\u2019Alternativa vam veure la pel.l\u00edcula \u201c Camins a l\u2019Escola\u201d. L\u2019objectiu que pretenia era que veiessin el sacrifici que molt nens\/es d\u2019arreu del m\u00f3n fan per poder anar a l\u2019escola.<\/span><\/span><\/p>\n<p align=\"justify\"><span style=\"font-family: Comic Sans MS,serif;\"><span style=\"font-size: medium;\">Aquest documental es centra amb quatre hist\u00f2ries:<\/span><\/span><\/p>\n<ul>\n<li>\n<p align=\"justify\"><span style=\"font-family: Comic Sans MS,serif;\"><span style=\"font-size: medium;\">Un nen de la India que va amb cadira de rodes (una estructura de ferro i una cadira de pl\u00e0stic acoplada) i els seus dos germans que l\u2019empenyen cada dia per rius i camins infernals. <\/span><\/span><\/p>\n<\/li>\n<li>\n<p align=\"justify\"><span style=\"font-family: Comic Sans MS,serif;\"><span style=\"font-size: medium;\">Una nena marroqu\u00ed que abans d\u2019entrar a l\u2019escola, ha de passar pel mercat i intentar bescanviar una gallina (que ha portat durant tot el cam\u00ed) per productes que al poblat no tenen. Es queda tota la setmana vivint al cole i torna a casa els caps de setmana.<\/span><\/span><\/p>\n<\/li>\n<li>\n<p align=\"justify\"><span style=\"font-family: Comic Sans MS,serif;\"><span style=\"font-size: medium;\">Dos germans (nen\/a) africans que per arribar a l\u2019escola han d\u2019esquivar manades d\u2019elefants que els poden prendre la vida. Porten garrafes d\u2019aigua per anar bevent i les motxilles. El pes \u00e9s considerable.<\/span><\/span><\/p>\n<\/li>\n<li>\n<p align=\"justify\"><span style=\"font-family: Comic Sans MS,serif;\"><span style=\"font-size: medium;\">I per \u00faltim dos germans (nen\/a) Sud-Americans (no recordo el pa\u00eds) que fan el viatge a lloms d\u2019un cavall. El gran cuida de la menuda.<\/span><\/span><\/p>\n<\/li>\n<\/ul>\n<p align=\"justify\"><span style=\"font-family: Comic Sans MS,serif;\"><span style=\"font-size: medium;\">El que m\u00e9s impressiona de totes quatre hist\u00f2ries \u00e9s que qualsevol problema, qualsevol complicaci\u00f3 en el viatge no tenen a ning\u00fa que els pugui ajudar. El seu objectiu \u00e9s clar\u2026.ANAR A L\u2019ESCOLA!! Formar-se i sortir de la mis\u00e8ria en la que viuen per poder tenir alguna oportunitat.<\/span><\/span><\/p>\n<p align=\"justify\"><span style=\"font-family: Comic Sans MS,serif;\"><span style=\"font-size: medium;\">I jo miro els meus alumnes cada mat\u00ed i en tinc un fart per motivar-los i fer-los comprendre que l\u2019escola no \u00e9s un rotllo, \u00e9s una oportunitat. <\/span><\/span><\/p>\n<p align=\"justify\"><span style=\"font-family: Comic Sans MS,serif;\"><span style=\"font-size: medium;\">Crec que quelcom van entendre i\u2026 per uns moments almenys, van empatitzar amb la vida dif\u00edcil d\u2019aquells nens que no han tingut la mateixa sort.<\/span><\/span><\/p>\n<p style=\"text-align: right;\" align=\"justify\"><span style=\"font-family: Comic Sans MS,serif;\"><span style=\"font-size: medium;\"><u>Carme Uni\u00f3 i Gras<\/u><\/span><\/span><\/p>\n","protected":false},"excerpt":{"rendered":"<p>CAMINS A L\u2019ESCOLA Fa uns dies amb els alumnes d\u2019Alternativa vam veure la pel.l\u00edcula \u201c Camins a l\u2019Escola\u201d. L\u2019objectiu que pretenia era que veiessin el sacrifici que molt nens\/es d\u2019arreu del m\u00f3n fan per poder anar a l\u2019escola. Aquest documental es centra amb quatre hist\u00f2ries: Un nen de la India que va amb cadira de [&hellip;]<\/p>\n","protected":false},"author":26,"featured_media":0,"comment_status":"open","ping_status":"open","sticky":false,"template":"","format":"standard","meta":{"_bbp_topic_count":0,"_bbp_reply_count":0,"_bbp_total_topic_count":0,"_bbp_total_reply_count":0,"_bbp_voice_count":0,"_bbp_anonymous_reply_count":0,"_bbp_topic_count_hidden":0,"_bbp_reply_count_hidden":0,"_bbp_forum_subforum_count":0,"site-sidebar-layout":"default","site-content-layout":"","ast-site-content-layout":"","site-content-style":"default","site-sidebar-style":"default","ast-global-header-display":"","ast-banner-title-visibility":"","ast-main-header-display":"","ast-hfb-above-header-display":"","ast-hfb-below-header-display":"","ast-hfb-mobile-header-display":"","site-post-title":"","ast-breadcrumbs-content":"","ast-featured-img":"","footer-sml-layout":"","theme-transparent-header-meta":"","adv-header-id-meta":"","stick-header-meta":"","header-above-stick-meta":"","header-main-stick-meta":"","header-below-stick-meta":"","astra-migrate-meta-layouts":"default","ast-page-background-enabled":"default","ast-page-background-meta":{"desktop":{"background-color":"var(--ast-global-color-5)","background-image":"","background-repeat":"repeat","background-position":"center center","background-size":"auto","background-attachment":"scroll","background-type":"","background-media":"","overlay-type":"","overlay-color":"","overlay-opacity":"","overlay-gradient":""},"tablet":{"background-color":"","background-image":"","background-repeat":"repeat","background-position":"center center","background-size":"auto","background-attachment":"scroll","background-type":"","background-media":"","overlay-type":"","overlay-color":"","overlay-opacity":"","overlay-gradient":""},"mobile":{"background-color":"","background-image":"","background-repeat":"repeat","background-position":"center center","background-size":"auto","background-attachment":"scroll","background-type":"","background-media":"","overlay-type":"","overlay-color":"","overlay-opacity":"","overlay-gradient":""}},"ast-content-background-meta":{"desktop":{"background-color":"var(--ast-global-color-4)","background-image":"","background-repeat":"repeat","background-position":"center center","background-size":"auto","background-attachment":"scroll","background-type":"","background-media":"","overlay-type":"","overlay-color":"","overlay-opacity":"","overlay-gradient":""},"tablet":{"background-color":"var(--ast-global-color-4)","background-image":"","background-repeat":"repeat","background-position":"center center","background-size":"auto","background-attachment":"scroll","background-type":"","background-media":"","overlay-type":"","overlay-color":"","overlay-opacity":"","overlay-gradient":""},"mobile":{"background-color":"var(--ast-global-color-4)","background-image":"","background-repeat":"repeat","background-position":"center center","background-size":"auto","background-attachment":"scroll","background-type":"","background-media":"","overlay-type":"","overlay-color":"","overlay-opacity":"","overlay-gradient":""}},"footnotes":""},"categories":[12],"tags":[],"class_list":["post-316","post","type-post","status-publish","format-standard","hentry","category-3r"],"post_mailing_queue_ids":[],"_links":{"self":[{"href":"https:\/\/agora.xtec.cat\/ieagustibarbera\/wp-json\/wp\/v2\/posts\/316","targetHints":{"allow":["GET"]}}],"collection":[{"href":"https:\/\/agora.xtec.cat\/ieagustibarbera\/wp-json\/wp\/v2\/posts"}],"about":[{"href":"https:\/\/agora.xtec.cat\/ieagustibarbera\/wp-json\/wp\/v2\/types\/post"}],"author":[{"embeddable":true,"href":"https:\/\/agora.xtec.cat\/ieagustibarbera\/wp-json\/wp\/v2\/users\/26"}],"replies":[{"embeddable":true,"href":"https:\/\/agora.xtec.cat\/ieagustibarbera\/wp-json\/wp\/v2\/comments?post=316"}],"version-history":[{"count":3,"href":"https:\/\/agora.xtec.cat\/ieagustibarbera\/wp-json\/wp\/v2\/posts\/316\/revisions"}],"predecessor-version":[{"id":657,"href":"https:\/\/agora.xtec.cat\/ieagustibarbera\/wp-json\/wp\/v2\/posts\/316\/revisions\/657"}],"wp:attachment":[{"href":"https:\/\/agora.xtec.cat\/ieagustibarbera\/wp-json\/wp\/v2\/media?parent=316"}],"wp:term":[{"taxonomy":"category","embeddable":true,"href":"https:\/\/agora.xtec.cat\/ieagustibarbera\/wp-json\/wp\/v2\/categories?post=316"},{"taxonomy":"post_tag","embeddable":true,"href":"https:\/\/agora.xtec.cat\/ieagustibarbera\/wp-json\/wp\/v2\/tags?post=316"}],"curies":[{"name":"wp","href":"https:\/\/api.w.org\/{rel}","templated":true}]}}