{"id":2863,"date":"2024-12-01T19:00:28","date_gmt":"2024-12-01T18:00:28","guid":{"rendered":"https:\/\/agora.xtec.cat\/ie3dabril\/?p=2863"},"modified":"2024-12-01T19:00:28","modified_gmt":"2024-12-01T18:00:28","slug":"25n-dia-internacional-per-leliminacio-de-la-violencia-contra-les-dones","status":"publish","type":"post","link":"https:\/\/agora.xtec.cat\/ie3dabril\/general\/25n-dia-internacional-per-leliminacio-de-la-violencia-contra-les-dones\/","title":{"rendered":"25N, dia internacional per l&#8217;eliminaci\u00f3 de la viol\u00e8ncia contra les dones."},"content":{"rendered":"<p>L&#8217;Institut-Escola 3 d&#8217;Abril\u00a0hem participat\u00a0a l&#8217;acte institucional del 25N organitzat per l&#8217;Ajuntament de M\u00f3ra la Nova. El voluntariat del Punt Lila de l&#8217;IE3 d&#8217;Abril ha llegit part del manifest, seguidament, hem inaugurat dues exposicions. Una de conjunta amb l&#8217;Escola d&#8217;Art, la Llar d&#8217;infants i l&#8217;I.E.3 d&#8217;Abril al pavell\u00f3 firal. En l&#8217;altra, hi ha participat tot l&#8217;alumnat (3-16) interpretant l&#8217;obra de la il\u00b7lustradora Ame Soler. Revisar l&#8217;obra de l&#8217;autora ens ha servit per visibilitzar com les dones pateixen viol\u00e8ncies des de l&#8217;entorn social als entorns m\u00e9s \u00edntims, i com hem de ser fortes per tal d&#8217;aconseguir la llibertat de ser qui volem ser.<\/p>\n<p><img loading=\"lazy\" decoding=\"async\" class=\"alignleft size-full wp-image-2864\" src=\"https:\/\/agora.xtec.cat\/ie3dabril\/wp-content\/uploads\/usu1564\/2024\/12\/25N_puntlila_09-scaled.jpg\" alt=\"\" width=\"2560\" height=\"1920\" srcset=\"https:\/\/agora.xtec.cat\/ie3dabril\/wp-content\/uploads\/usu1564\/2024\/12\/25N_puntlila_09-scaled.jpg 2560w, https:\/\/agora.xtec.cat\/ie3dabril\/wp-content\/uploads\/usu1564\/2024\/12\/25N_puntlila_09-300x225.jpg 300w, https:\/\/agora.xtec.cat\/ie3dabril\/wp-content\/uploads\/usu1564\/2024\/12\/25N_puntlila_09-1024x768.jpg 1024w, https:\/\/agora.xtec.cat\/ie3dabril\/wp-content\/uploads\/usu1564\/2024\/12\/25N_puntlila_09-768x576.jpg 768w, https:\/\/agora.xtec.cat\/ie3dabril\/wp-content\/uploads\/usu1564\/2024\/12\/25N_puntlila_09-1536x1152.jpg 1536w, https:\/\/agora.xtec.cat\/ie3dabril\/wp-content\/uploads\/usu1564\/2024\/12\/25N_puntlila_09-2048x1536.jpg 2048w, https:\/\/agora.xtec.cat\/ie3dabril\/wp-content\/uploads\/usu1564\/2024\/12\/25N_puntlila_09-200x150.jpg 200w\" sizes=\"auto, (max-width: 2560px) 100vw, 2560px\" \/> <img loading=\"lazy\" decoding=\"async\" class=\"alignleft size-full wp-image-2865\" src=\"https:\/\/agora.xtec.cat\/ie3dabril\/wp-content\/uploads\/usu1564\/2024\/12\/25N_puntlila_07.jpg\" alt=\"\" width=\"1537\" height=\"2048\" srcset=\"https:\/\/agora.xtec.cat\/ie3dabril\/wp-content\/uploads\/usu1564\/2024\/12\/25N_puntlila_07.jpg 1537w, https:\/\/agora.xtec.cat\/ie3dabril\/wp-content\/uploads\/usu1564\/2024\/12\/25N_puntlila_07-225x300.jpg 225w, https:\/\/agora.xtec.cat\/ie3dabril\/wp-content\/uploads\/usu1564\/2024\/12\/25N_puntlila_07-769x1024.jpg 769w, https:\/\/agora.xtec.cat\/ie3dabril\/wp-content\/uploads\/usu1564\/2024\/12\/25N_puntlila_07-768x1023.jpg 768w, https:\/\/agora.xtec.cat\/ie3dabril\/wp-content\/uploads\/usu1564\/2024\/12\/25N_puntlila_07-1153x1536.jpg 1153w\" sizes=\"auto, (max-width: 1537px) 100vw, 1537px\" \/> <img loading=\"lazy\" decoding=\"async\" class=\"alignleft size-full wp-image-2866\" src=\"https:\/\/agora.xtec.cat\/ie3dabril\/wp-content\/uploads\/usu1564\/2024\/12\/25N_puntlila_06.jpeg\" alt=\"\" width=\"808\" height=\"823\" srcset=\"https:\/\/agora.xtec.cat\/ie3dabril\/wp-content\/uploads\/usu1564\/2024\/12\/25N_puntlila_06.jpeg 808w, https:\/\/agora.xtec.cat\/ie3dabril\/wp-content\/uploads\/usu1564\/2024\/12\/25N_puntlila_06-295x300.jpeg 295w, https:\/\/agora.xtec.cat\/ie3dabril\/wp-content\/uploads\/usu1564\/2024\/12\/25N_puntlila_06-768x782.jpeg 768w\" sizes=\"auto, (max-width: 808px) 100vw, 808px\" \/> <img loading=\"lazy\" decoding=\"async\" class=\"alignleft size-full wp-image-2867\" src=\"https:\/\/agora.xtec.cat\/ie3dabril\/wp-content\/uploads\/usu1564\/2024\/12\/25N_puntlila_05.jpeg\" alt=\"\" width=\"825\" height=\"775\" srcset=\"https:\/\/agora.xtec.cat\/ie3dabril\/wp-content\/uploads\/usu1564\/2024\/12\/25N_puntlila_05.jpeg 825w, https:\/\/agora.xtec.cat\/ie3dabril\/wp-content\/uploads\/usu1564\/2024\/12\/25N_puntlila_05-300x282.jpeg 300w, https:\/\/agora.xtec.cat\/ie3dabril\/wp-content\/uploads\/usu1564\/2024\/12\/25N_puntlila_05-768x721.jpeg 768w\" sizes=\"auto, (max-width: 825px) 100vw, 825px\" \/> <img loading=\"lazy\" decoding=\"async\" class=\"alignleft size-full wp-image-2868\" src=\"https:\/\/agora.xtec.cat\/ie3dabril\/wp-content\/uploads\/usu1564\/2024\/12\/25N_puntlila_04-scaled.jpeg\" alt=\"\" width=\"2560\" height=\"1920\" srcset=\"https:\/\/agora.xtec.cat\/ie3dabril\/wp-content\/uploads\/usu1564\/2024\/12\/25N_puntlila_04-scaled.jpeg 2560w, https:\/\/agora.xtec.cat\/ie3dabril\/wp-content\/uploads\/usu1564\/2024\/12\/25N_puntlila_04-300x225.jpeg 300w, https:\/\/agora.xtec.cat\/ie3dabril\/wp-content\/uploads\/usu1564\/2024\/12\/25N_puntlila_04-1024x768.jpeg 1024w, https:\/\/agora.xtec.cat\/ie3dabril\/wp-content\/uploads\/usu1564\/2024\/12\/25N_puntlila_04-768x576.jpeg 768w, https:\/\/agora.xtec.cat\/ie3dabril\/wp-content\/uploads\/usu1564\/2024\/12\/25N_puntlila_04-1536x1152.jpeg 1536w, https:\/\/agora.xtec.cat\/ie3dabril\/wp-content\/uploads\/usu1564\/2024\/12\/25N_puntlila_04-2048x1536.jpeg 2048w, https:\/\/agora.xtec.cat\/ie3dabril\/wp-content\/uploads\/usu1564\/2024\/12\/25N_puntlila_04-200x150.jpeg 200w\" sizes=\"auto, (max-width: 2560px) 100vw, 2560px\" \/> <img loading=\"lazy\" decoding=\"async\" class=\"alignleft size-full wp-image-2869\" src=\"https:\/\/agora.xtec.cat\/ie3dabril\/wp-content\/uploads\/usu1564\/2024\/12\/25N_puntlila_03.jpeg\" alt=\"\" width=\"825\" height=\"826\" srcset=\"https:\/\/agora.xtec.cat\/ie3dabril\/wp-content\/uploads\/usu1564\/2024\/12\/25N_puntlila_03.jpeg 825w, https:\/\/agora.xtec.cat\/ie3dabril\/wp-content\/uploads\/usu1564\/2024\/12\/25N_puntlila_03-300x300.jpeg 300w, https:\/\/agora.xtec.cat\/ie3dabril\/wp-content\/uploads\/usu1564\/2024\/12\/25N_puntlila_03-150x150.jpeg 150w, https:\/\/agora.xtec.cat\/ie3dabril\/wp-content\/uploads\/usu1564\/2024\/12\/25N_puntlila_03-768x769.jpeg 768w\" sizes=\"auto, (max-width: 825px) 100vw, 825px\" \/> <img loading=\"lazy\" decoding=\"async\" class=\"alignleft size-full wp-image-2870\" src=\"https:\/\/agora.xtec.cat\/ie3dabril\/wp-content\/uploads\/usu1564\/2024\/12\/25N_puntlila_02.jpeg\" alt=\"\" width=\"826\" height=\"825\" srcset=\"https:\/\/agora.xtec.cat\/ie3dabril\/wp-content\/uploads\/usu1564\/2024\/12\/25N_puntlila_02.jpeg 826w, https:\/\/agora.xtec.cat\/ie3dabril\/wp-content\/uploads\/usu1564\/2024\/12\/25N_puntlila_02-300x300.jpeg 300w, https:\/\/agora.xtec.cat\/ie3dabril\/wp-content\/uploads\/usu1564\/2024\/12\/25N_puntlila_02-150x150.jpeg 150w, https:\/\/agora.xtec.cat\/ie3dabril\/wp-content\/uploads\/usu1564\/2024\/12\/25N_puntlila_02-768x767.jpeg 768w\" sizes=\"auto, (max-width: 826px) 100vw, 826px\" \/> <img loading=\"lazy\" decoding=\"async\" class=\"alignleft size-full wp-image-2871\" src=\"https:\/\/agora.xtec.cat\/ie3dabril\/wp-content\/uploads\/usu1564\/2024\/12\/25n_puntlila_01.jpg\" alt=\"\" width=\"1414\" height=\"2000\" srcset=\"https:\/\/agora.xtec.cat\/ie3dabril\/wp-content\/uploads\/usu1564\/2024\/12\/25n_puntlila_01.jpg 1414w, https:\/\/agora.xtec.cat\/ie3dabril\/wp-content\/uploads\/usu1564\/2024\/12\/25n_puntlila_01-212x300.jpg 212w, https:\/\/agora.xtec.cat\/ie3dabril\/wp-content\/uploads\/usu1564\/2024\/12\/25n_puntlila_01-724x1024.jpg 724w, https:\/\/agora.xtec.cat\/ie3dabril\/wp-content\/uploads\/usu1564\/2024\/12\/25n_puntlila_01-768x1086.jpg 768w, https:\/\/agora.xtec.cat\/ie3dabril\/wp-content\/uploads\/usu1564\/2024\/12\/25n_puntlila_01-1086x1536.jpg 1086w\" sizes=\"auto, (max-width: 1414px) 100vw, 1414px\" \/><\/p>\n<p>&nbsp;<\/p>\n","protected":false},"excerpt":{"rendered":"<p>L&#8217;Institut-Escola 3 d&#8217;Abril\u00a0hem participat\u00a0a l&#8217;acte institucional del 25N organitzat per l&#8217;Ajuntament de M\u00f3ra la Nova. El voluntariat del Punt Lila de l&#8217;IE3 d&#8217;Abril ha llegit part del manifest, seguidament, hem inaugurat dues exposicions. Una de conjunta amb l&#8217;Escola d&#8217;Art, la Llar d&#8217;infants i l&#8217;I.E.3 d&#8217;Abril al pavell\u00f3 firal. En l&#8217;altra, hi ha participat tot l&#8217;alumnat [&hellip;]<\/p>\n","protected":false},"author":3,"featured_media":2868,"comment_status":"open","ping_status":"closed","sticky":false,"template":"","format":"standard","meta":{"_bbp_topic_count":0,"_bbp_reply_count":0,"_bbp_total_topic_count":0,"_bbp_total_reply_count":0,"_bbp_voice_count":0,"_bbp_anonymous_reply_count":0,"_bbp_topic_count_hidden":0,"_bbp_reply_count_hidden":0,"_bbp_forum_subforum_count":0,"site-sidebar-layout":"default","site-content-layout":"","ast-site-content-layout":"","site-content-style":"default","site-sidebar-style":"default","ast-global-header-display":"","ast-banner-title-visibility":"","ast-main-header-display":"","ast-hfb-above-header-display":"","ast-hfb-below-header-display":"","ast-hfb-mobile-header-display":"","site-post-title":"","ast-breadcrumbs-content":"","ast-featured-img":"","footer-sml-layout":"","theme-transparent-header-meta":"","adv-header-id-meta":"","stick-header-meta":"","header-above-stick-meta":"","header-main-stick-meta":"","header-below-stick-meta":"","astra-migrate-meta-layouts":"default","ast-page-background-enabled":"default","ast-page-background-meta":{"desktop":{"background-color":"var(--ast-global-color-4)","background-image":"","background-repeat":"repeat","background-position":"center center","background-size":"auto","background-attachment":"scroll","background-type":"","background-media":"","overlay-type":"","overlay-color":"","overlay-opacity":"","overlay-gradient":""},"tablet":{"background-color":"","background-image":"","background-repeat":"repeat","background-position":"center center","background-size":"auto","background-attachment":"scroll","background-type":"","background-media":"","overlay-type":"","overlay-color":"","overlay-opacity":"","overlay-gradient":""},"mobile":{"background-color":"","background-image":"","background-repeat":"repeat","background-position":"center center","background-size":"auto","background-attachment":"scroll","background-type":"","background-media":"","overlay-type":"","overlay-color":"","overlay-opacity":"","overlay-gradient":""}},"ast-content-background-meta":{"desktop":{"background-color":"var(--ast-global-color-5)","background-image":"","background-repeat":"repeat","background-position":"center center","background-size":"auto","background-attachment":"scroll","background-type":"","background-media":"","overlay-type":"","overlay-color":"","overlay-opacity":"","overlay-gradient":""},"tablet":{"background-color":"var(--ast-global-color-5)","background-image":"","background-repeat":"repeat","background-position":"center center","background-size":"auto","background-attachment":"scroll","background-type":"","background-media":"","overlay-type":"","overlay-color":"","overlay-opacity":"","overlay-gradient":""},"mobile":{"background-color":"var(--ast-global-color-5)","background-image":"","background-repeat":"repeat","background-position":"center center","background-size":"auto","background-attachment":"scroll","background-type":"","background-media":"","overlay-type":"","overlay-color":"","overlay-opacity":"","overlay-gradient":""}},"footnotes":""},"categories":[1,29],"tags":[],"class_list":["post-2863","post","type-post","status-publish","format-standard","has-post-thumbnail","hentry","category-general","category-portada"],"post_mailing_queue_ids":[],"_links":{"self":[{"href":"https:\/\/agora.xtec.cat\/ie3dabril\/wp-json\/wp\/v2\/posts\/2863","targetHints":{"allow":["GET"]}}],"collection":[{"href":"https:\/\/agora.xtec.cat\/ie3dabril\/wp-json\/wp\/v2\/posts"}],"about":[{"href":"https:\/\/agora.xtec.cat\/ie3dabril\/wp-json\/wp\/v2\/types\/post"}],"author":[{"embeddable":true,"href":"https:\/\/agora.xtec.cat\/ie3dabril\/wp-json\/wp\/v2\/users\/3"}],"replies":[{"embeddable":true,"href":"https:\/\/agora.xtec.cat\/ie3dabril\/wp-json\/wp\/v2\/comments?post=2863"}],"version-history":[{"count":1,"href":"https:\/\/agora.xtec.cat\/ie3dabril\/wp-json\/wp\/v2\/posts\/2863\/revisions"}],"predecessor-version":[{"id":2872,"href":"https:\/\/agora.xtec.cat\/ie3dabril\/wp-json\/wp\/v2\/posts\/2863\/revisions\/2872"}],"wp:featuredmedia":[{"embeddable":true,"href":"https:\/\/agora.xtec.cat\/ie3dabril\/wp-json\/wp\/v2\/media\/2868"}],"wp:attachment":[{"href":"https:\/\/agora.xtec.cat\/ie3dabril\/wp-json\/wp\/v2\/media?parent=2863"}],"wp:term":[{"taxonomy":"category","embeddable":true,"href":"https:\/\/agora.xtec.cat\/ie3dabril\/wp-json\/wp\/v2\/categories?post=2863"},{"taxonomy":"post_tag","embeddable":true,"href":"https:\/\/agora.xtec.cat\/ie3dabril\/wp-json\/wp\/v2\/tags?post=2863"}],"curies":[{"name":"wp","href":"https:\/\/api.w.org\/{rel}","templated":true}]}}