{"id":3361,"date":"2026-02-10T10:44:32","date_gmt":"2026-02-10T09:44:32","guid":{"rendered":"https:\/\/agora.xtec.cat\/ie-elpigros-santcebria\/?p=3361"},"modified":"2026-02-10T11:06:45","modified_gmt":"2026-02-10T10:06:45","slug":"projecte-caminem-junts","status":"publish","type":"post","link":"https:\/\/agora.xtec.cat\/ie-elpigros-santcebria\/general\/projecte-caminem-junts\/","title":{"rendered":"Projecte Caminem Junts"},"content":{"rendered":"<h3><b>Caminem Junts: un projecte que ens fa avan\u00e7ar com a comunitat<\/b><\/h3>\n<p><span style=\"font-weight: 400;\">Aquest curs, el nostre centre posa en marxa <\/span><b>\u201cCaminem Junts\u201d<\/b><span style=\"font-weight: 400;\">, un projecte transversal impulsat per l\u2019alumnat de <\/span><b>4t d\u2019ESO<\/b><span style=\"font-weight: 400;\"> amb un objectiu molt clar: <\/span><b>moure\u2019ns m\u00e9s, cuidar la salut i refor\u00e7ar el sentiment de comunitat<\/b><span style=\"font-weight: 400;\">.<\/span><\/p>\n<p><span style=\"font-weight: 400;\">\u201cCaminem Junts\u201d \u00e9s molt m\u00e9s que un repte esportiu. \u00c9s una iniciativa col\u00b7lectiva que convida tot el centre (alumnat, fam\u00edlies i docents) a sumar esfor\u00e7os a trav\u00e9s de l\u2019activitat f\u00edsica di\u00e0ria. Cada pas compta i cada quil\u00f2metre ens apropa a una meta compartida.<\/span><\/p>\n<h4><b>Com funciona el projecte?<\/b><\/h4>\n<p><span style=\"font-weight: 400;\">El projecte disposa d\u2019una <\/span><b>plataforma digital pr\u00f2pia<\/b><span style=\"font-weight: 400;\"> que actua com a espai de trobada i comptador oficial del repte. A trav\u00e9s del web, les persones participants poden:<\/span><\/p>\n<ul>\n<li style=\"font-weight: 400;\" aria-level=\"1\"><span style=\"font-weight: 400;\">Registrar els quil\u00f2metres realitzats caminant, corrent, amb bicicleta, nedant\u00a0 o fent senderisme.<\/span><\/li>\n<li style=\"font-weight: 400;\" aria-level=\"1\"><span style=\"font-weight: 400;\">Fer el seguiment del progr\u00e9s personal mentre s\u2019espera la validaci\u00f3.<\/span><\/li>\n<li style=\"font-weight: 400;\" aria-level=\"1\"><span style=\"font-weight: 400;\">Contribuir al <\/span><b>repte col\u00b7lectiu<\/b><span style=\"font-weight: 400;\">, que es visualitza amb un comptador global a la portada del web.<\/span><\/li>\n<\/ul>\n<h4><b>La participaci\u00f3 d\u2019infantil i prim\u00e0ria<\/b><\/h4>\n<p><span style=\"font-weight: 400;\">L\u2019alumnat de <\/span><b>4t d\u2019ESO<\/b><span style=\"font-weight: 400;\"> t\u00e9 un paper clau en la dinamitzaci\u00f3 del projecte. Cada setmana, passen per les aules d\u2019infantil i prim\u00e0ria per recollir els quil\u00f2metres fets per cada grup. Aquestes dades es van sumant al repte global del centre i tamb\u00e9 es representen en un cam\u00ed simb\u00f2lic que es va construint als espais comuns.<\/span><\/p>\n<h4><b>Les fam\u00edlies tamb\u00e9 hi tenen un paper important<\/b><\/h4>\n<p><span style=\"font-weight: 400;\">El projecte est\u00e0 obert a la participaci\u00f3 de les fam\u00edlies. Qualsevol activitat f\u00edsica que es faci fora de l\u2019horari escolar (caminar, c\u00f3rrer, anar en bicicleta, nedar\u2026) pot sumar quil\u00f2metres al repte, fent-los arribar al tutor o tutora del vostre fill o filla.<\/span><\/p>\n<h4><b>Un objectiu compartit<\/b><\/h4>\n<p><span style=\"font-weight: 400;\">El gran repte \u00e9s veure <\/span><b>fins on podem arribar tots junts abans d\u2019acabar el curs<\/b><span style=\"font-weight: 400;\">. \u201cCaminem Junts\u201d ens anima a superar l\u00edmits, adquirir h\u00e0bits saludables i, sobretot, a <\/span><b>fer comunitat<\/b><span style=\"font-weight: 400;\">.<\/span><\/p>\n<p><span style=\"font-weight: 400;\">Us convidem a visitar el web del projecte, comen\u00e7ar a registrar quil\u00f2metres i animar els infants i joves a participar-hi activament.<\/span><span style=\"font-weight: 400;\"><br \/>\n<\/span><a href=\"https:\/\/caminemjunts.vercel.app\/\">\u00a0<span style=\"font-weight: 400;\">https:\/\/caminemjunts.vercel.app\/<\/span><\/a><\/p>\n<p><b>Caminem junts per arribar m\u00e9s lluny!<\/b><\/p>\n<p><a href=\"https:\/\/agora.xtec.cat\/ie-elpigros-santcebria\/wp-content\/uploads\/usu931\/2026\/02\/Cartell_CaminemJunts_-scaled.jpg\" data-wp-editing=\"1\"><img loading=\"lazy\" decoding=\"async\" class=\"aligncenter wp-image-3364\" src=\"https:\/\/agora.xtec.cat\/ie-elpigros-santcebria\/wp-content\/uploads\/usu931\/2026\/02\/Cartell_CaminemJunts_-scaled.jpg\" alt=\"\" width=\"275\" height=\"389\" \/><\/a><\/p>\n","protected":false},"excerpt":{"rendered":"<p>Caminem Junts: un projecte que ens fa avan\u00e7ar com a comunitat Aquest curs, el nostre centre posa en marxa \u201cCaminem Junts\u201d, un projecte transversal impulsat per l\u2019alumnat de 4t d\u2019ESO amb un objectiu molt clar: moure\u2019ns m\u00e9s, cuidar la salut i refor\u00e7ar el sentiment de comunitat. \u201cCaminem Junts\u201d \u00e9s molt m\u00e9s que un repte esportiu. [&hellip;]<\/p>\n","protected":false},"author":1,"featured_media":3372,"comment_status":"open","ping_status":"open","sticky":false,"template":"","format":"standard","meta":{"_bbp_topic_count":0,"_bbp_reply_count":0,"_bbp_total_topic_count":0,"_bbp_total_reply_count":0,"_bbp_voice_count":0,"_bbp_anonymous_reply_count":0,"_bbp_topic_count_hidden":0,"_bbp_reply_count_hidden":0,"_bbp_forum_subforum_count":0,"site-sidebar-layout":"default","site-content-layout":"","ast-site-content-layout":"","site-content-style":"default","site-sidebar-style":"default","ast-global-header-display":"","ast-banner-title-visibility":"","ast-main-header-display":"","ast-hfb-above-header-display":"","ast-hfb-below-header-display":"","ast-hfb-mobile-header-display":"","site-post-title":"","ast-breadcrumbs-content":"","ast-featured-img":"","footer-sml-layout":"","theme-transparent-header-meta":"","adv-header-id-meta":"","stick-header-meta":"","header-above-stick-meta":"","header-main-stick-meta":"","header-below-stick-meta":"","astra-migrate-meta-layouts":"default","ast-page-background-enabled":"default","ast-page-background-meta":{"desktop":{"background-color":"var(--ast-global-color-4)","background-image":"","background-repeat":"repeat","background-position":"center center","background-size":"auto","background-attachment":"scroll","background-type":"","background-media":"","overlay-type":"","overlay-color":"","overlay-opacity":"","overlay-gradient":""},"tablet":{"background-color":"","background-image":"","background-repeat":"repeat","background-position":"center center","background-size":"auto","background-attachment":"scroll","background-type":"","background-media":"","overlay-type":"","overlay-color":"","overlay-opacity":"","overlay-gradient":""},"mobile":{"background-color":"","background-image":"","background-repeat":"repeat","background-position":"center center","background-size":"auto","background-attachment":"scroll","background-type":"","background-media":"","overlay-type":"","overlay-color":"","overlay-opacity":"","overlay-gradient":""}},"ast-content-background-meta":{"desktop":{"background-color":"var(--ast-global-color-5)","background-image":"","background-repeat":"repeat","background-position":"center center","background-size":"auto","background-attachment":"scroll","background-type":"","background-media":"","overlay-type":"","overlay-color":"","overlay-opacity":"","overlay-gradient":""},"tablet":{"background-color":"var(--ast-global-color-5)","background-image":"","background-repeat":"repeat","background-position":"center center","background-size":"auto","background-attachment":"scroll","background-type":"","background-media":"","overlay-type":"","overlay-color":"","overlay-opacity":"","overlay-gradient":""},"mobile":{"background-color":"var(--ast-global-color-5)","background-image":"","background-repeat":"repeat","background-position":"center center","background-size":"auto","background-attachment":"scroll","background-type":"","background-media":"","overlay-type":"","overlay-color":"","overlay-opacity":"","overlay-gradient":""}},"footnotes":""},"categories":[1],"tags":[],"class_list":["post-3361","post","type-post","status-publish","format-standard","has-post-thumbnail","hentry","category-general"],"post_mailing_queue_ids":[],"_links":{"self":[{"href":"https:\/\/agora.xtec.cat\/ie-elpigros-santcebria\/wp-json\/wp\/v2\/posts\/3361","targetHints":{"allow":["GET"]}}],"collection":[{"href":"https:\/\/agora.xtec.cat\/ie-elpigros-santcebria\/wp-json\/wp\/v2\/posts"}],"about":[{"href":"https:\/\/agora.xtec.cat\/ie-elpigros-santcebria\/wp-json\/wp\/v2\/types\/post"}],"author":[{"embeddable":true,"href":"https:\/\/agora.xtec.cat\/ie-elpigros-santcebria\/wp-json\/wp\/v2\/users\/1"}],"replies":[{"embeddable":true,"href":"https:\/\/agora.xtec.cat\/ie-elpigros-santcebria\/wp-json\/wp\/v2\/comments?post=3361"}],"version-history":[{"count":5,"href":"https:\/\/agora.xtec.cat\/ie-elpigros-santcebria\/wp-json\/wp\/v2\/posts\/3361\/revisions"}],"predecessor-version":[{"id":3371,"href":"https:\/\/agora.xtec.cat\/ie-elpigros-santcebria\/wp-json\/wp\/v2\/posts\/3361\/revisions\/3371"}],"wp:featuredmedia":[{"embeddable":true,"href":"https:\/\/agora.xtec.cat\/ie-elpigros-santcebria\/wp-json\/wp\/v2\/media\/3372"}],"wp:attachment":[{"href":"https:\/\/agora.xtec.cat\/ie-elpigros-santcebria\/wp-json\/wp\/v2\/media?parent=3361"}],"wp:term":[{"taxonomy":"category","embeddable":true,"href":"https:\/\/agora.xtec.cat\/ie-elpigros-santcebria\/wp-json\/wp\/v2\/categories?post=3361"},{"taxonomy":"post_tag","embeddable":true,"href":"https:\/\/agora.xtec.cat\/ie-elpigros-santcebria\/wp-json\/wp\/v2\/tags?post=3361"}],"curies":[{"name":"wp","href":"https:\/\/api.w.org\/{rel}","templated":true}]}}