{"id":1967,"date":"2020-05-09T17:55:43","date_gmt":"2020-05-09T15:55:43","guid":{"rendered":"http:\/\/agora.xtec.cat\/ceip-elpigros\/?p=1967"},"modified":"2020-05-13T20:57:59","modified_gmt":"2020-05-13T18:57:59","slug":"informacions-preinscripcio-escolar-2020-2021","status":"publish","type":"post","link":"https:\/\/agora.xtec.cat\/ie-elpigros-santcebria\/general\/informacions-preinscripcio-escolar-2020-2021\/","title":{"rendered":"INFORMACIONS SOBRE LA PREINSCRIPCI\u00d3 ESCOLAR 2020-2021"},"content":{"rendered":"<p style=\"text-align: center;\"><b>PREINSCRIPCI\u00d3 CURS 2020-2021\u00a0<\/b><\/p>\n<p>&nbsp;<\/p>\n<p><b>La presentaci\u00f3 de sol\u00b7licituds es far\u00e0 telem\u00e0ticament entre el 13 i el 22 de maig.\u00a0<\/b><\/p>\n<p><span style=\"font-weight: 400;\">Tot el proc\u00e9s de preinscripci\u00f3 el teniu explicat en aquesta adre\u00e7a:<\/span><\/p>\n<p><a href=\"http:\/\/queestudiar.gencat.cat\/ca\/preinscripcio\/estudis\/obligatoris\/\"><b><i>Enlla\u00e7 general de la preinscripci\u00f3<\/i><\/b><\/a><\/p>\n<p>&nbsp;<\/p>\n<p><b>Tramitaci\u00f3 electr\u00f2nica:<\/b><\/p>\n<p><span style=\"font-weight: 400;\">El proc\u00e9s de preinscripci\u00f3 per al curs 2020-2021 ser\u00e0 preferentment per tramitaci\u00f3 electr\u00f2nica mitjan\u00e7ant un formulari.<\/span><\/p>\n<p><span style=\"font-weight: 400;\">Per finalitzar la tramitaci\u00f3 electr\u00f2nica caldr\u00e0 realitzar l&#8217;enviament d<\/span><span style=\"font-weight: 400;\">el resguard de la sol\u00b7licitud i la documentaci\u00f3 necess\u00e0ria, escanejada o fotografiada, mitjan\u00e7ant un correu a la b\u00fastia electr\u00f2nica oficial de l\u2019Escola: <\/span><a href=\"mailto:a8025800@xtec.cat\"><span style=\"font-weight: 400;\">a8025800@xtec.cat<\/span><\/a><span style=\"font-weight: 400;\">.\u00a0<\/span><\/p>\n<p><span style=\"font-weight: 400;\">En aquest cas, la sol\u00b7licitud de preinscripci\u00f3 es considera formalitzada amb l\u2019enviament del <\/span><b>correu electr\u00f2nic, amb el resguard i la documentaci\u00f3 acreditativa<\/b><span style=\"font-weight: 400;\"> adjunta. <\/span><b>El centre ha de contestar aquest correu justificant la recepci\u00f3 de la sol\u00b7licitud<\/b><span style=\"font-weight: 400;\"> perqu\u00e8 el sol\u00b7licitant en tingui const\u00e0ncia.\u00a0<\/span><\/p>\n<p><span style=\"font-weight: 400;\">Si es t\u00e9 cap dubte sobre la seva veracitat, el centre pot requerir la presentaci\u00f3 de la documentaci\u00f3 original i\/o demanar documentaci\u00f3 alternativa addicional per comprovar les circumst\u00e0ncies al\u00b7legades, a l\u2019empara de la normativa d\u2019admissi\u00f3.\u00a0<\/span><\/p>\n<p>&nbsp;<\/p>\n<p><b>Tramitaci\u00f3 presencial:<\/b><\/p>\n<p><span style=\"font-weight: 400;\">L\u2019atenci\u00f3 presencial en els centres educatius per a la presentaci\u00f3 de sol\u00b7licituds nom\u00e9s es podr\u00e0 fer durant una part d\u2019aquest per\u00edode (a partir del dia 19 i fins el 22 de maig)<\/span><\/p>\n<ul>\n<li style=\"list-style-type: none;\">\n<ul>\n<li style=\"font-weight: 400;\"><span style=\"font-weight: 400;\">Aquesta assignaci\u00f3 es gestionar\u00e0 amb una eina corporativa que es posar\u00e0 a disposici\u00f3 dels centres i els usuaris, per mail o per tel\u00e8fon. La finalitat de la cita pr\u00e8via \u00e9s gestionar els per\u00edodes d\u2019atenci\u00f3 al p\u00fablic i evitar cues i aglomeracions. Els propers dies s\u2019informar\u00e0 de la utilitzaci\u00f3 de la nova eina telem\u00e0tica de gesti\u00f3 de les cites pr\u00e8vies.\u00a0<\/span><\/li>\n<li style=\"font-weight: 400;\"><span style=\"font-weight: 400;\">El centre ha d\u2019organitzar <\/span><b>l\u2019atenci\u00f3 presencial a les persones que, excepcionalment, la necessitin<\/b><span style=\"font-weight: 400;\">, assignant una cita pr\u00e8via per reduir la concentraci\u00f3 innecess\u00e0ria de persones.\u00a0<\/span><\/li>\n<li style=\"font-weight: 400;\"><span style=\"font-weight: 400;\">Cal tenir present que amb l\u2019obertura dels centres per al tr\u00e0mit de preinscripci\u00f3 nom\u00e9s est\u00e0 prevista la utilitzaci\u00f3 dels espais imprescindibles per al treball administratiu. <\/span><b>Per tant, no ser\u00e0 possible realitzar visites als centres.<\/b><\/li>\n<li style=\"font-weight: 400;\"><span style=\"font-weight: 400;\">Al centre ha de venir el menor nombre possible de persones a fer les gestions (preferiblement, una sola persona).<\/span><\/li>\n<li style=\"font-weight: 400;\"><span style=\"font-weight: 400;\">Cal recordar que han de <\/span><b>portar la documentaci\u00f3 per a poder-la escanejar o fotocopiar i, si pot ser, la sol\u00b7licitud emplenada des de casa<\/b><span style=\"font-weight: 400;\">. En el cas que el centre prevegi que far\u00e0 emplenar la sol\u00b7licitud en paper, conv\u00e9 recomanar que portin el seu propi bol\u00edgraf; recordar la recomanaci\u00f3 de portar mascareta i guants; <\/span><b>no han d\u2019acudir al centre les persones de grups d&#8217;especial vulnerabilitat o en per\u00edode de confinament, o que presentin s\u00edmptomes<\/b><span style=\"font-weight: 400;\">; en aquest cas, <\/span><b>poden autoritzar per escrit a una altra persona a portar la sol\u00b7licitud ja signada i la documentaci\u00f3.\u00a0<\/b><\/li>\n<\/ul>\n<\/li>\n<\/ul>\n<p><a href=\"http:\/\/mapaescolar.gencat.cat\/\"><span style=\"font-weight: 400;\">Enlla\u00e7 al mapa escolar de la preinscripci\u00f3 pel curs 2020-21<\/span><\/a><\/p>\n<p>&nbsp;<\/p>\n","protected":false},"excerpt":{"rendered":"<p>PREINSCRIPCI\u00d3 CURS 2020-2021\u00a0 &nbsp; La presentaci\u00f3 de sol\u00b7licituds es far\u00e0 telem\u00e0ticament entre el 13 i el 22 de maig.\u00a0 Tot el proc\u00e9s de preinscripci\u00f3 el teniu explicat en aquesta adre\u00e7a: Enlla\u00e7 general de la preinscripci\u00f3 &nbsp; Tramitaci\u00f3 electr\u00f2nica: El proc\u00e9s de preinscripci\u00f3 per al curs 2020-2021 ser\u00e0 preferentment per tramitaci\u00f3 electr\u00f2nica mitjan\u00e7ant un formulari. Per [&hellip;]<\/p>\n","protected":false},"author":1,"featured_media":0,"comment_status":"open","ping_status":"closed","sticky":false,"template":"","format":"standard","meta":{"_bbp_topic_count":0,"_bbp_reply_count":0,"_bbp_total_topic_count":0,"_bbp_total_reply_count":0,"_bbp_voice_count":0,"_bbp_anonymous_reply_count":0,"_bbp_topic_count_hidden":0,"_bbp_reply_count_hidden":0,"_bbp_forum_subforum_count":0,"site-sidebar-layout":"default","site-content-layout":"","ast-site-content-layout":"","site-content-style":"default","site-sidebar-style":"default","ast-global-header-display":"","ast-banner-title-visibility":"","ast-main-header-display":"","ast-hfb-above-header-display":"","ast-hfb-below-header-display":"","ast-hfb-mobile-header-display":"","site-post-title":"","ast-breadcrumbs-content":"","ast-featured-img":"","footer-sml-layout":"","theme-transparent-header-meta":"","adv-header-id-meta":"","stick-header-meta":"","header-above-stick-meta":"","header-main-stick-meta":"","header-below-stick-meta":"","astra-migrate-meta-layouts":"default","ast-page-background-enabled":"default","ast-page-background-meta":{"desktop":{"background-color":"var(--ast-global-color-4)","background-image":"","background-repeat":"repeat","background-position":"center center","background-size":"auto","background-attachment":"scroll","background-type":"","background-media":"","overlay-type":"","overlay-color":"","overlay-opacity":"","overlay-gradient":""},"tablet":{"background-color":"","background-image":"","background-repeat":"repeat","background-position":"center center","background-size":"auto","background-attachment":"scroll","background-type":"","background-media":"","overlay-type":"","overlay-color":"","overlay-opacity":"","overlay-gradient":""},"mobile":{"background-color":"","background-image":"","background-repeat":"repeat","background-position":"center center","background-size":"auto","background-attachment":"scroll","background-type":"","background-media":"","overlay-type":"","overlay-color":"","overlay-opacity":"","overlay-gradient":""}},"ast-content-background-meta":{"desktop":{"background-color":"var(--ast-global-color-5)","background-image":"","background-repeat":"repeat","background-position":"center center","background-size":"auto","background-attachment":"scroll","background-type":"","background-media":"","overlay-type":"","overlay-color":"","overlay-opacity":"","overlay-gradient":""},"tablet":{"background-color":"var(--ast-global-color-5)","background-image":"","background-repeat":"repeat","background-position":"center center","background-size":"auto","background-attachment":"scroll","background-type":"","background-media":"","overlay-type":"","overlay-color":"","overlay-opacity":"","overlay-gradient":""},"mobile":{"background-color":"var(--ast-global-color-5)","background-image":"","background-repeat":"repeat","background-position":"center center","background-size":"auto","background-attachment":"scroll","background-type":"","background-media":"","overlay-type":"","overlay-color":"","overlay-opacity":"","overlay-gradient":""}},"footnotes":""},"categories":[1],"tags":[],"class_list":["post-1967","post","type-post","status-publish","format-standard","hentry","category-general"],"post_mailing_queue_ids":[],"_links":{"self":[{"href":"https:\/\/agora.xtec.cat\/ie-elpigros-santcebria\/wp-json\/wp\/v2\/posts\/1967","targetHints":{"allow":["GET"]}}],"collection":[{"href":"https:\/\/agora.xtec.cat\/ie-elpigros-santcebria\/wp-json\/wp\/v2\/posts"}],"about":[{"href":"https:\/\/agora.xtec.cat\/ie-elpigros-santcebria\/wp-json\/wp\/v2\/types\/post"}],"author":[{"embeddable":true,"href":"https:\/\/agora.xtec.cat\/ie-elpigros-santcebria\/wp-json\/wp\/v2\/users\/1"}],"replies":[{"embeddable":true,"href":"https:\/\/agora.xtec.cat\/ie-elpigros-santcebria\/wp-json\/wp\/v2\/comments?post=1967"}],"version-history":[{"count":3,"href":"https:\/\/agora.xtec.cat\/ie-elpigros-santcebria\/wp-json\/wp\/v2\/posts\/1967\/revisions"}],"predecessor-version":[{"id":1996,"href":"https:\/\/agora.xtec.cat\/ie-elpigros-santcebria\/wp-json\/wp\/v2\/posts\/1967\/revisions\/1996"}],"wp:attachment":[{"href":"https:\/\/agora.xtec.cat\/ie-elpigros-santcebria\/wp-json\/wp\/v2\/media?parent=1967"}],"wp:term":[{"taxonomy":"category","embeddable":true,"href":"https:\/\/agora.xtec.cat\/ie-elpigros-santcebria\/wp-json\/wp\/v2\/categories?post=1967"},{"taxonomy":"post_tag","embeddable":true,"href":"https:\/\/agora.xtec.cat\/ie-elpigros-santcebria\/wp-json\/wp\/v2\/tags?post=1967"}],"curies":[{"name":"wp","href":"https:\/\/api.w.org\/{rel}","templated":true}]}}