{"id":1657,"date":"2019-04-01T20:10:55","date_gmt":"2019-04-01T18:10:55","guid":{"rendered":"http:\/\/agora.xtec.cat\/ceip-elpigros\/?p=1657"},"modified":"2019-04-01T20:15:27","modified_gmt":"2019-04-01T18:15:27","slug":"fruita-a-lescola-abril","status":"publish","type":"post","link":"https:\/\/agora.xtec.cat\/ie-elpigros-santcebria\/general\/fruita-a-lescola-abril\/","title":{"rendered":"Fruita a l&#8217;escola (abril)"},"content":{"rendered":"<p>A l&#8217;escola continua el repartiment mensual de fruita!<\/p>\n<p>Aquesta setmana han arribat <strong>peres<\/strong>, <strong>pomes<\/strong> i <strong>pl\u00e0tans<\/strong> per tal d&#8217;ajudar a una alimentaci\u00f3 sana i equilibrada.<\/p>\n<p><img loading=\"lazy\" decoding=\"async\" class=\" wp-image-1607 alignleft\" src=\"https:\/\/agora.xtec.cat\/ceip-elpigros\/wp-content\/uploads\/usu931\/2019\/01\/iStock-639742360.jpg\" alt=\"\" width=\"222\" height=\"131\" \/> <img loading=\"lazy\" decoding=\"async\" class=\" wp-image-1606 alignleft\" src=\"https:\/\/agora.xtec.cat\/ceip-elpigros\/wp-content\/uploads\/usu931\/2019\/01\/images.jpg\" alt=\"\" width=\"225\" height=\"150\" \/><img loading=\"lazy\" decoding=\"async\" class=\"wp-image-1658 alignleft\" src=\"https:\/\/agora.xtec.cat\/ceip-elpigros\/wp-content\/uploads\/usu931\/2019\/04\/580b57fcd9996e24bc43c131.png\" alt=\"\" width=\"212\" height=\"142\" srcset=\"https:\/\/agora.xtec.cat\/ie-elpigros-santcebria\/wp-content\/uploads\/usu931\/2019\/04\/580b57fcd9996e24bc43c131.png 500w, https:\/\/agora.xtec.cat\/ie-elpigros-santcebria\/wp-content\/uploads\/usu931\/2019\/04\/580b57fcd9996e24bc43c131-300x201.png 300w\" sizes=\"auto, (max-width: 212px) 100vw, 212px\" \/><\/p>\n<p>&nbsp;<\/p>\n<p>&nbsp;<\/p>\n<p>&nbsp;<\/p>\n<p>&nbsp;<\/p>\n<p>(El Pla de consum de fruita es pot consultar <a href=\"https:\/\/agora.xtec.cat\/ceip-elpigros\/mengem-fruita\/\" target=\"_blank\" rel=\"noopener\">aqu\u00ed<\/a>).<\/p>\n","protected":false},"excerpt":{"rendered":"<p>A l&#8217;escola continua el repartiment mensual de fruita! Aquesta setmana han arribat peres, pomes i pl\u00e0tans per tal d&#8217;ajudar a una alimentaci\u00f3 sana i equilibrada. &nbsp; &nbsp; &nbsp; &nbsp; (El Pla de consum de fruita es pot consultar aqu\u00ed).<\/p>\n","protected":false},"author":1,"featured_media":0,"comment_status":"open","ping_status":"closed","sticky":false,"template":"","format":"standard","meta":{"_bbp_topic_count":0,"_bbp_reply_count":0,"_bbp_total_topic_count":0,"_bbp_total_reply_count":0,"_bbp_voice_count":0,"_bbp_anonymous_reply_count":0,"_bbp_topic_count_hidden":0,"_bbp_reply_count_hidden":0,"_bbp_forum_subforum_count":0,"site-sidebar-layout":"default","site-content-layout":"","ast-site-content-layout":"","site-content-style":"default","site-sidebar-style":"default","ast-global-header-display":"","ast-banner-title-visibility":"","ast-main-header-display":"","ast-hfb-above-header-display":"","ast-hfb-below-header-display":"","ast-hfb-mobile-header-display":"","site-post-title":"","ast-breadcrumbs-content":"","ast-featured-img":"","footer-sml-layout":"","theme-transparent-header-meta":"","adv-header-id-meta":"","stick-header-meta":"","header-above-stick-meta":"","header-main-stick-meta":"","header-below-stick-meta":"","astra-migrate-meta-layouts":"default","ast-page-background-enabled":"default","ast-page-background-meta":{"desktop":{"background-color":"var(--ast-global-color-4)","background-image":"","background-repeat":"repeat","background-position":"center center","background-size":"auto","background-attachment":"scroll","background-type":"","background-media":"","overlay-type":"","overlay-color":"","overlay-opacity":"","overlay-gradient":""},"tablet":{"background-color":"","background-image":"","background-repeat":"repeat","background-position":"center center","background-size":"auto","background-attachment":"scroll","background-type":"","background-media":"","overlay-type":"","overlay-color":"","overlay-opacity":"","overlay-gradient":""},"mobile":{"background-color":"","background-image":"","background-repeat":"repeat","background-position":"center center","background-size":"auto","background-attachment":"scroll","background-type":"","background-media":"","overlay-type":"","overlay-color":"","overlay-opacity":"","overlay-gradient":""}},"ast-content-background-meta":{"desktop":{"background-color":"var(--ast-global-color-5)","background-image":"","background-repeat":"repeat","background-position":"center center","background-size":"auto","background-attachment":"scroll","background-type":"","background-media":"","overlay-type":"","overlay-color":"","overlay-opacity":"","overlay-gradient":""},"tablet":{"background-color":"var(--ast-global-color-5)","background-image":"","background-repeat":"repeat","background-position":"center center","background-size":"auto","background-attachment":"scroll","background-type":"","background-media":"","overlay-type":"","overlay-color":"","overlay-opacity":"","overlay-gradient":""},"mobile":{"background-color":"var(--ast-global-color-5)","background-image":"","background-repeat":"repeat","background-position":"center center","background-size":"auto","background-attachment":"scroll","background-type":"","background-media":"","overlay-type":"","overlay-color":"","overlay-opacity":"","overlay-gradient":""}},"footnotes":""},"categories":[1],"tags":[],"class_list":["post-1657","post","type-post","status-publish","format-standard","hentry","category-general"],"post_mailing_queue_ids":[],"_links":{"self":[{"href":"https:\/\/agora.xtec.cat\/ie-elpigros-santcebria\/wp-json\/wp\/v2\/posts\/1657","targetHints":{"allow":["GET"]}}],"collection":[{"href":"https:\/\/agora.xtec.cat\/ie-elpigros-santcebria\/wp-json\/wp\/v2\/posts"}],"about":[{"href":"https:\/\/agora.xtec.cat\/ie-elpigros-santcebria\/wp-json\/wp\/v2\/types\/post"}],"author":[{"embeddable":true,"href":"https:\/\/agora.xtec.cat\/ie-elpigros-santcebria\/wp-json\/wp\/v2\/users\/1"}],"replies":[{"embeddable":true,"href":"https:\/\/agora.xtec.cat\/ie-elpigros-santcebria\/wp-json\/wp\/v2\/comments?post=1657"}],"version-history":[{"count":1,"href":"https:\/\/agora.xtec.cat\/ie-elpigros-santcebria\/wp-json\/wp\/v2\/posts\/1657\/revisions"}],"predecessor-version":[{"id":1659,"href":"https:\/\/agora.xtec.cat\/ie-elpigros-santcebria\/wp-json\/wp\/v2\/posts\/1657\/revisions\/1659"}],"wp:attachment":[{"href":"https:\/\/agora.xtec.cat\/ie-elpigros-santcebria\/wp-json\/wp\/v2\/media?parent=1657"}],"wp:term":[{"taxonomy":"category","embeddable":true,"href":"https:\/\/agora.xtec.cat\/ie-elpigros-santcebria\/wp-json\/wp\/v2\/categories?post=1657"},{"taxonomy":"post_tag","embeddable":true,"href":"https:\/\/agora.xtec.cat\/ie-elpigros-santcebria\/wp-json\/wp\/v2\/tags?post=1657"}],"curies":[{"name":"wp","href":"https:\/\/api.w.org\/{rel}","templated":true}]}}