{"id":1634,"date":"2019-02-06T19:45:13","date_gmt":"2019-02-06T18:45:13","guid":{"rendered":"http:\/\/agora.xtec.cat\/ceip-elpigros\/?p=1634"},"modified":"2019-02-07T20:45:36","modified_gmt":"2019-02-07T19:45:36","slug":"preinscripcions-pel-curs-2019-2020","status":"publish","type":"post","link":"https:\/\/agora.xtec.cat\/ie-elpigros-santcebria\/general\/preinscripcions-pel-curs-2019-2020\/","title":{"rendered":"Preinscripcions pel curs 2019-2020 i Jornada de Portes Obertes"},"content":{"rendered":"<h1 class=\"m_7955788093144477773m_7118210514730720732gmail-post-title m_7955788093144477773m_7118210514730720732entry-title\"><img loading=\"lazy\" decoding=\"async\" class=\"aligncenter size-full wp-image-1635\" src=\"https:\/\/agora.xtec.cat\/ceip-elpigros\/wp-content\/uploads\/usu931\/2019\/02\/preinscripcio_titol.jpg\" alt=\"\" width=\"494\" height=\"100\" srcset=\"https:\/\/agora.xtec.cat\/ie-elpigros-santcebria\/wp-content\/uploads\/usu931\/2019\/02\/preinscripcio_titol.jpg 494w, https:\/\/agora.xtec.cat\/ie-elpigros-santcebria\/wp-content\/uploads\/usu931\/2019\/02\/preinscripcio_titol-300x61.jpg 300w\" sizes=\"auto, (max-width: 494px) 100vw, 494px\" \/>CURS 2019-20<\/h1>\n<div class=\"m_7955788093144477773m_7118210514730720732entry-content\">\n<h4 id=\"m_7955788093144477773m_7118210514730720732gmail-FW_bloc_4d79907d-0439-11e9-85b2-005056924a59_1\" class=\"m_7955788093144477773m_7118210514730720732gmail-FW_ancora\">Calendari per a la presentaci\u00f3 de sol\u00b7licituds de preinscripci\u00f3:<\/h4>\n<div class=\"m_7955788093144477773m_7118210514730720732gmail-FW_sArticleFoto\">\n<div class=\"m_7955788093144477773m_7118210514730720732gmail-FW_sEditPro\">\n<ul>\n<li>Educaci\u00f3 infantil de segon cicle, educaci\u00f3 prim\u00e0ria i educaci\u00f3 secund\u00e0ria obligat\u00f2ria:\u00a0<strong><span style=\"font-size: small;\"><i>del 29 de mar\u00e7 al 9 d\u2019abril de 2019.<\/i><\/span><\/strong><\/li>\n<\/ul>\n<\/div>\n<\/div>\n<p>Per accedir al web de la Generalitat, cliqueu\u00a0<a href=\"http:\/\/queestudiar.gencat.cat\/ca\/preinscripcio\/informacio-general\/\" target=\"_blank\" rel=\"noopener noreferrer\" data-saferedirecturl=\"https:\/\/www.google.com\/url?q=http:\/\/queestudiar.gencat.cat\/ca\/preinscripcio\/informacio-general\/&amp;source=gmail&amp;ust=1549564115189000&amp;usg=AFQjCNFmqxOFQDEzD9zbEWqVeIwsJVGwpQ\">aqu\u00ed.<\/a><\/p>\n<p><img loading=\"lazy\" decoding=\"async\" class=\"aligncenter size-full wp-image-1643\" src=\"https:\/\/agora.xtec.cat\/ceip-elpigros\/wp-content\/uploads\/usu931\/2019\/02\/Porte-Obertes.jpg\" alt=\"\" width=\"1098\" height=\"743\" srcset=\"https:\/\/agora.xtec.cat\/ie-elpigros-santcebria\/wp-content\/uploads\/usu931\/2019\/02\/Porte-Obertes.jpg 1098w, https:\/\/agora.xtec.cat\/ie-elpigros-santcebria\/wp-content\/uploads\/usu931\/2019\/02\/Porte-Obertes-300x203.jpg 300w, https:\/\/agora.xtec.cat\/ie-elpigros-santcebria\/wp-content\/uploads\/usu931\/2019\/02\/Porte-Obertes-768x520.jpg 768w, https:\/\/agora.xtec.cat\/ie-elpigros-santcebria\/wp-content\/uploads\/usu931\/2019\/02\/Porte-Obertes-1024x693.jpg 1024w\" sizes=\"auto, (max-width: 1098px) 100vw, 1098px\" \/><\/p>\n<\/div>\n","protected":false},"excerpt":{"rendered":"<p>CURS 2019-20 Calendari per a la presentaci\u00f3 de sol\u00b7licituds de preinscripci\u00f3: Educaci\u00f3 infantil de segon cicle, educaci\u00f3 prim\u00e0ria i educaci\u00f3 secund\u00e0ria obligat\u00f2ria:\u00a0del 29 de mar\u00e7 al 9 d\u2019abril de 2019. Per accedir al web de la Generalitat, cliqueu\u00a0aqu\u00ed.<\/p>\n","protected":false},"author":1,"featured_media":0,"comment_status":"open","ping_status":"closed","sticky":false,"template":"","format":"standard","meta":{"_bbp_topic_count":0,"_bbp_reply_count":0,"_bbp_total_topic_count":0,"_bbp_total_reply_count":0,"_bbp_voice_count":0,"_bbp_anonymous_reply_count":0,"_bbp_topic_count_hidden":0,"_bbp_reply_count_hidden":0,"_bbp_forum_subforum_count":0,"site-sidebar-layout":"default","site-content-layout":"","ast-site-content-layout":"","site-content-style":"default","site-sidebar-style":"default","ast-global-header-display":"","ast-banner-title-visibility":"","ast-main-header-display":"","ast-hfb-above-header-display":"","ast-hfb-below-header-display":"","ast-hfb-mobile-header-display":"","site-post-title":"","ast-breadcrumbs-content":"","ast-featured-img":"","footer-sml-layout":"","theme-transparent-header-meta":"","adv-header-id-meta":"","stick-header-meta":"","header-above-stick-meta":"","header-main-stick-meta":"","header-below-stick-meta":"","astra-migrate-meta-layouts":"default","ast-page-background-enabled":"default","ast-page-background-meta":{"desktop":{"background-color":"var(--ast-global-color-4)","background-image":"","background-repeat":"repeat","background-position":"center center","background-size":"auto","background-attachment":"scroll","background-type":"","background-media":"","overlay-type":"","overlay-color":"","overlay-opacity":"","overlay-gradient":""},"tablet":{"background-color":"","background-image":"","background-repeat":"repeat","background-position":"center center","background-size":"auto","background-attachment":"scroll","background-type":"","background-media":"","overlay-type":"","overlay-color":"","overlay-opacity":"","overlay-gradient":""},"mobile":{"background-color":"","background-image":"","background-repeat":"repeat","background-position":"center center","background-size":"auto","background-attachment":"scroll","background-type":"","background-media":"","overlay-type":"","overlay-color":"","overlay-opacity":"","overlay-gradient":""}},"ast-content-background-meta":{"desktop":{"background-color":"var(--ast-global-color-5)","background-image":"","background-repeat":"repeat","background-position":"center center","background-size":"auto","background-attachment":"scroll","background-type":"","background-media":"","overlay-type":"","overlay-color":"","overlay-opacity":"","overlay-gradient":""},"tablet":{"background-color":"var(--ast-global-color-5)","background-image":"","background-repeat":"repeat","background-position":"center center","background-size":"auto","background-attachment":"scroll","background-type":"","background-media":"","overlay-type":"","overlay-color":"","overlay-opacity":"","overlay-gradient":""},"mobile":{"background-color":"var(--ast-global-color-5)","background-image":"","background-repeat":"repeat","background-position":"center center","background-size":"auto","background-attachment":"scroll","background-type":"","background-media":"","overlay-type":"","overlay-color":"","overlay-opacity":"","overlay-gradient":""}},"footnotes":""},"categories":[1],"tags":[],"class_list":["post-1634","post","type-post","status-publish","format-standard","hentry","category-general"],"post_mailing_queue_ids":[],"_links":{"self":[{"href":"https:\/\/agora.xtec.cat\/ie-elpigros-santcebria\/wp-json\/wp\/v2\/posts\/1634","targetHints":{"allow":["GET"]}}],"collection":[{"href":"https:\/\/agora.xtec.cat\/ie-elpigros-santcebria\/wp-json\/wp\/v2\/posts"}],"about":[{"href":"https:\/\/agora.xtec.cat\/ie-elpigros-santcebria\/wp-json\/wp\/v2\/types\/post"}],"author":[{"embeddable":true,"href":"https:\/\/agora.xtec.cat\/ie-elpigros-santcebria\/wp-json\/wp\/v2\/users\/1"}],"replies":[{"embeddable":true,"href":"https:\/\/agora.xtec.cat\/ie-elpigros-santcebria\/wp-json\/wp\/v2\/comments?post=1634"}],"version-history":[{"count":4,"href":"https:\/\/agora.xtec.cat\/ie-elpigros-santcebria\/wp-json\/wp\/v2\/posts\/1634\/revisions"}],"predecessor-version":[{"id":1647,"href":"https:\/\/agora.xtec.cat\/ie-elpigros-santcebria\/wp-json\/wp\/v2\/posts\/1634\/revisions\/1647"}],"wp:attachment":[{"href":"https:\/\/agora.xtec.cat\/ie-elpigros-santcebria\/wp-json\/wp\/v2\/media?parent=1634"}],"wp:term":[{"taxonomy":"category","embeddable":true,"href":"https:\/\/agora.xtec.cat\/ie-elpigros-santcebria\/wp-json\/wp\/v2\/categories?post=1634"},{"taxonomy":"post_tag","embeddable":true,"href":"https:\/\/agora.xtec.cat\/ie-elpigros-santcebria\/wp-json\/wp\/v2\/tags?post=1634"}],"curies":[{"name":"wp","href":"https:\/\/api.w.org\/{rel}","templated":true}]}}