{"id":1627,"date":"2019-02-04T13:45:08","date_gmt":"2019-02-04T12:45:08","guid":{"rendered":"http:\/\/agora.xtec.cat\/ceip-elpigros\/?p=1627"},"modified":"2019-02-04T13:47:22","modified_gmt":"2019-02-04T12:47:22","slug":"dia-de-la-pau-2019","status":"publish","type":"post","link":"https:\/\/agora.xtec.cat\/ie-elpigros-santcebria\/general\/dia-de-la-pau-2019\/","title":{"rendered":"Dia de la Pau 2019"},"content":{"rendered":"<p>Dimecres passat, dia 30 de gener, a l&#8217;escola del Pi Gros vam celebrar el Dia de la Pau.<\/p>\n<p>Durant tota la setmana vam poder reflexionar sobre qu\u00e8 significa la pau gr\u00e0cies als missatges de diferents personatges hist\u00f2rics, que ens parlaven des dels cartells penjats als passadissos de l&#8217;escola.<\/p>\n<p>A m\u00e9s, cada curs va confeccionar una part d&#8217;un mandala gegant amb diferents motius relacionats (mans obertes, el s\u00edmbol de la pau&#8230;). Aquest mandala es va completar en un acte conjunt al pati a \u00faltima hora del mat\u00ed de dimecres. Cada curs va presentar el seu fragment i es va cantar la can\u00e7\u00f3\u00a0<em>Imagine <\/em>de John Lennon.<\/p>\n<p>Podeu veure la foto del moment a continuaci\u00f3 (clic amb el bot\u00f3 dret i &#8220;obre la imatge en una pestanya nova&#8221; per veure-la m\u00e9s gran):<\/p>\n<p><img loading=\"lazy\" decoding=\"async\" class=\"aligncenter size-full wp-image-1630\" src=\"https:\/\/agora.xtec.cat\/ceip-elpigros\/wp-content\/uploads\/usu931\/2019\/02\/IMG_20190130_120257-c\u00f2pia.jpg\" alt=\"\" width=\"2912\" height=\"2184\" srcset=\"https:\/\/agora.xtec.cat\/ie-elpigros-santcebria\/wp-content\/uploads\/usu931\/2019\/02\/IMG_20190130_120257-c\u00f2pia.jpg 2912w, https:\/\/agora.xtec.cat\/ie-elpigros-santcebria\/wp-content\/uploads\/usu931\/2019\/02\/IMG_20190130_120257-c\u00f2pia-300x225.jpg 300w, https:\/\/agora.xtec.cat\/ie-elpigros-santcebria\/wp-content\/uploads\/usu931\/2019\/02\/IMG_20190130_120257-c\u00f2pia-768x576.jpg 768w, https:\/\/agora.xtec.cat\/ie-elpigros-santcebria\/wp-content\/uploads\/usu931\/2019\/02\/IMG_20190130_120257-c\u00f2pia-1024x768.jpg 1024w, https:\/\/agora.xtec.cat\/ie-elpigros-santcebria\/wp-content\/uploads\/usu931\/2019\/02\/IMG_20190130_120257-c\u00f2pia-200x150.jpg 200w\" sizes=\"auto, (max-width: 2912px) 100vw, 2912px\" \/><\/p>\n","protected":false},"excerpt":{"rendered":"<p>Dimecres passat, dia 30 de gener, a l&#8217;escola del Pi Gros vam celebrar el Dia de la Pau. Durant tota la setmana vam poder reflexionar sobre qu\u00e8 significa la pau gr\u00e0cies als missatges de diferents personatges hist\u00f2rics, que ens parlaven des dels cartells penjats als passadissos de l&#8217;escola. A m\u00e9s, cada curs va confeccionar una [&hellip;]<\/p>\n","protected":false},"author":1,"featured_media":0,"comment_status":"open","ping_status":"closed","sticky":false,"template":"","format":"standard","meta":{"_bbp_topic_count":0,"_bbp_reply_count":0,"_bbp_total_topic_count":0,"_bbp_total_reply_count":0,"_bbp_voice_count":0,"_bbp_anonymous_reply_count":0,"_bbp_topic_count_hidden":0,"_bbp_reply_count_hidden":0,"_bbp_forum_subforum_count":0,"site-sidebar-layout":"default","site-content-layout":"","ast-site-content-layout":"","site-content-style":"default","site-sidebar-style":"default","ast-global-header-display":"","ast-banner-title-visibility":"","ast-main-header-display":"","ast-hfb-above-header-display":"","ast-hfb-below-header-display":"","ast-hfb-mobile-header-display":"","site-post-title":"","ast-breadcrumbs-content":"","ast-featured-img":"","footer-sml-layout":"","theme-transparent-header-meta":"","adv-header-id-meta":"","stick-header-meta":"","header-above-stick-meta":"","header-main-stick-meta":"","header-below-stick-meta":"","astra-migrate-meta-layouts":"default","ast-page-background-enabled":"default","ast-page-background-meta":{"desktop":{"background-color":"var(--ast-global-color-4)","background-image":"","background-repeat":"repeat","background-position":"center center","background-size":"auto","background-attachment":"scroll","background-type":"","background-media":"","overlay-type":"","overlay-color":"","overlay-opacity":"","overlay-gradient":""},"tablet":{"background-color":"","background-image":"","background-repeat":"repeat","background-position":"center center","background-size":"auto","background-attachment":"scroll","background-type":"","background-media":"","overlay-type":"","overlay-color":"","overlay-opacity":"","overlay-gradient":""},"mobile":{"background-color":"","background-image":"","background-repeat":"repeat","background-position":"center center","background-size":"auto","background-attachment":"scroll","background-type":"","background-media":"","overlay-type":"","overlay-color":"","overlay-opacity":"","overlay-gradient":""}},"ast-content-background-meta":{"desktop":{"background-color":"var(--ast-global-color-5)","background-image":"","background-repeat":"repeat","background-position":"center center","background-size":"auto","background-attachment":"scroll","background-type":"","background-media":"","overlay-type":"","overlay-color":"","overlay-opacity":"","overlay-gradient":""},"tablet":{"background-color":"var(--ast-global-color-5)","background-image":"","background-repeat":"repeat","background-position":"center center","background-size":"auto","background-attachment":"scroll","background-type":"","background-media":"","overlay-type":"","overlay-color":"","overlay-opacity":"","overlay-gradient":""},"mobile":{"background-color":"var(--ast-global-color-5)","background-image":"","background-repeat":"repeat","background-position":"center center","background-size":"auto","background-attachment":"scroll","background-type":"","background-media":"","overlay-type":"","overlay-color":"","overlay-opacity":"","overlay-gradient":""}},"footnotes":""},"categories":[1],"tags":[],"class_list":["post-1627","post","type-post","status-publish","format-standard","hentry","category-general"],"post_mailing_queue_ids":[],"_links":{"self":[{"href":"https:\/\/agora.xtec.cat\/ie-elpigros-santcebria\/wp-json\/wp\/v2\/posts\/1627","targetHints":{"allow":["GET"]}}],"collection":[{"href":"https:\/\/agora.xtec.cat\/ie-elpigros-santcebria\/wp-json\/wp\/v2\/posts"}],"about":[{"href":"https:\/\/agora.xtec.cat\/ie-elpigros-santcebria\/wp-json\/wp\/v2\/types\/post"}],"author":[{"embeddable":true,"href":"https:\/\/agora.xtec.cat\/ie-elpigros-santcebria\/wp-json\/wp\/v2\/users\/1"}],"replies":[{"embeddable":true,"href":"https:\/\/agora.xtec.cat\/ie-elpigros-santcebria\/wp-json\/wp\/v2\/comments?post=1627"}],"version-history":[{"count":3,"href":"https:\/\/agora.xtec.cat\/ie-elpigros-santcebria\/wp-json\/wp\/v2\/posts\/1627\/revisions"}],"predecessor-version":[{"id":1633,"href":"https:\/\/agora.xtec.cat\/ie-elpigros-santcebria\/wp-json\/wp\/v2\/posts\/1627\/revisions\/1633"}],"wp:attachment":[{"href":"https:\/\/agora.xtec.cat\/ie-elpigros-santcebria\/wp-json\/wp\/v2\/media?parent=1627"}],"wp:term":[{"taxonomy":"category","embeddable":true,"href":"https:\/\/agora.xtec.cat\/ie-elpigros-santcebria\/wp-json\/wp\/v2\/categories?post=1627"},{"taxonomy":"post_tag","embeddable":true,"href":"https:\/\/agora.xtec.cat\/ie-elpigros-santcebria\/wp-json\/wp\/v2\/tags?post=1627"}],"curies":[{"name":"wp","href":"https:\/\/api.w.org\/{rel}","templated":true}]}}