{"id":1597,"date":"2019-01-08T12:24:57","date_gmt":"2019-01-08T11:24:57","guid":{"rendered":"http:\/\/agora.xtec.cat\/ceip-elpigros\/?p=1597"},"modified":"2019-01-08T12:30:58","modified_gmt":"2019-01-08T11:30:58","slug":"fruita-a-lescola-gener","status":"publish","type":"post","link":"https:\/\/agora.xtec.cat\/ie-elpigros-santcebria\/general\/fruita-a-lescola-gener\/","title":{"rendered":"Fruita a l&#8217;escola (gener)"},"content":{"rendered":"<p>Bon any 2019 a tothom!<\/p>\n<p>A l&#8217;escola El Pi Gros tornem a la feina i, per estar ben alimentats, com cada mes arriben les fruites!<br \/>\nLa propera setmana del 14 al 18 de gener es distribuir\u00e0 la fruita seg\u00fcent:<\/p>\n<p>*Cirerol (tom\u00e0quet cherry)<\/p>\n<p>*Pera confer\u00e8ncia<\/p>\n<p>*Poma<\/p>\n<p>*Clementina<\/p>\n<p><img loading=\"lazy\" decoding=\"async\" class=\"wp-image-1604 alignleft\" src=\"https:\/\/agora.xtec.cat\/ceip-elpigros\/wp-content\/uploads\/usu931\/2019\/01\/Cirerol-groc_63.jpg\" alt=\"\" width=\"169\" height=\"83\" \/><\/p>\n<p><img loading=\"lazy\" decoding=\"async\" class=\"wp-image-1606 alignleft\" src=\"https:\/\/agora.xtec.cat\/ceip-elpigros\/wp-content\/uploads\/usu931\/2019\/01\/images.jpg\" alt=\"\" width=\"131\" height=\"87\" \/><\/p>\n<p><img loading=\"lazy\" decoding=\"async\" class=\"wp-image-1607 alignleft\" src=\"https:\/\/agora.xtec.cat\/ceip-elpigros\/wp-content\/uploads\/usu931\/2019\/01\/iStock-639742360.jpg\" alt=\"\" width=\"165\" height=\"97\" \/><\/p>\n<p><img loading=\"lazy\" decoding=\"async\" class=\"wp-image-1614 alignleft\" src=\"https:\/\/agora.xtec.cat\/ceip-elpigros\/wp-content\/uploads\/usu931\/2019\/01\/clementine.jpg\" alt=\"\" width=\"152\" height=\"101\" \/><\/p>\n<p>&nbsp;<\/p>\n<p>&nbsp;<\/p>\n<p>&nbsp;<\/p>\n<p>Bon profit a tothom!<\/p>\n<p>(El Pla de consum de fruita es pot consultar <a href=\"https:\/\/agora.xtec.cat\/ceip-elpigros\/mengem-fruita\/\" target=\"_blank\" rel=\"noopener\">aqu\u00ed<\/a>).<\/p>\n","protected":false},"excerpt":{"rendered":"<p>Bon any 2019 a tothom! A l&#8217;escola El Pi Gros tornem a la feina i, per estar ben alimentats, com cada mes arriben les fruites! La propera setmana del 14 al 18 de gener es distribuir\u00e0 la fruita seg\u00fcent: *Cirerol (tom\u00e0quet cherry) *Pera confer\u00e8ncia *Poma *Clementina &nbsp; &nbsp; &nbsp; Bon profit a tothom! (El Pla [&hellip;]<\/p>\n","protected":false},"author":1,"featured_media":0,"comment_status":"open","ping_status":"closed","sticky":false,"template":"","format":"standard","meta":{"_bbp_topic_count":0,"_bbp_reply_count":0,"_bbp_total_topic_count":0,"_bbp_total_reply_count":0,"_bbp_voice_count":0,"_bbp_anonymous_reply_count":0,"_bbp_topic_count_hidden":0,"_bbp_reply_count_hidden":0,"_bbp_forum_subforum_count":0,"site-sidebar-layout":"default","site-content-layout":"","ast-site-content-layout":"","site-content-style":"default","site-sidebar-style":"default","ast-global-header-display":"","ast-banner-title-visibility":"","ast-main-header-display":"","ast-hfb-above-header-display":"","ast-hfb-below-header-display":"","ast-hfb-mobile-header-display":"","site-post-title":"","ast-breadcrumbs-content":"","ast-featured-img":"","footer-sml-layout":"","theme-transparent-header-meta":"","adv-header-id-meta":"","stick-header-meta":"","header-above-stick-meta":"","header-main-stick-meta":"","header-below-stick-meta":"","astra-migrate-meta-layouts":"default","ast-page-background-enabled":"default","ast-page-background-meta":{"desktop":{"background-color":"var(--ast-global-color-4)","background-image":"","background-repeat":"repeat","background-position":"center center","background-size":"auto","background-attachment":"scroll","background-type":"","background-media":"","overlay-type":"","overlay-color":"","overlay-opacity":"","overlay-gradient":""},"tablet":{"background-color":"","background-image":"","background-repeat":"repeat","background-position":"center center","background-size":"auto","background-attachment":"scroll","background-type":"","background-media":"","overlay-type":"","overlay-color":"","overlay-opacity":"","overlay-gradient":""},"mobile":{"background-color":"","background-image":"","background-repeat":"repeat","background-position":"center center","background-size":"auto","background-attachment":"scroll","background-type":"","background-media":"","overlay-type":"","overlay-color":"","overlay-opacity":"","overlay-gradient":""}},"ast-content-background-meta":{"desktop":{"background-color":"var(--ast-global-color-5)","background-image":"","background-repeat":"repeat","background-position":"center center","background-size":"auto","background-attachment":"scroll","background-type":"","background-media":"","overlay-type":"","overlay-color":"","overlay-opacity":"","overlay-gradient":""},"tablet":{"background-color":"var(--ast-global-color-5)","background-image":"","background-repeat":"repeat","background-position":"center center","background-size":"auto","background-attachment":"scroll","background-type":"","background-media":"","overlay-type":"","overlay-color":"","overlay-opacity":"","overlay-gradient":""},"mobile":{"background-color":"var(--ast-global-color-5)","background-image":"","background-repeat":"repeat","background-position":"center center","background-size":"auto","background-attachment":"scroll","background-type":"","background-media":"","overlay-type":"","overlay-color":"","overlay-opacity":"","overlay-gradient":""}},"footnotes":""},"categories":[1],"tags":[],"class_list":["post-1597","post","type-post","status-publish","format-standard","hentry","category-general"],"post_mailing_queue_ids":[],"_links":{"self":[{"href":"https:\/\/agora.xtec.cat\/ie-elpigros-santcebria\/wp-json\/wp\/v2\/posts\/1597","targetHints":{"allow":["GET"]}}],"collection":[{"href":"https:\/\/agora.xtec.cat\/ie-elpigros-santcebria\/wp-json\/wp\/v2\/posts"}],"about":[{"href":"https:\/\/agora.xtec.cat\/ie-elpigros-santcebria\/wp-json\/wp\/v2\/types\/post"}],"author":[{"embeddable":true,"href":"https:\/\/agora.xtec.cat\/ie-elpigros-santcebria\/wp-json\/wp\/v2\/users\/1"}],"replies":[{"embeddable":true,"href":"https:\/\/agora.xtec.cat\/ie-elpigros-santcebria\/wp-json\/wp\/v2\/comments?post=1597"}],"version-history":[{"count":3,"href":"https:\/\/agora.xtec.cat\/ie-elpigros-santcebria\/wp-json\/wp\/v2\/posts\/1597\/revisions"}],"predecessor-version":[{"id":1616,"href":"https:\/\/agora.xtec.cat\/ie-elpigros-santcebria\/wp-json\/wp\/v2\/posts\/1597\/revisions\/1616"}],"wp:attachment":[{"href":"https:\/\/agora.xtec.cat\/ie-elpigros-santcebria\/wp-json\/wp\/v2\/media?parent=1597"}],"wp:term":[{"taxonomy":"category","embeddable":true,"href":"https:\/\/agora.xtec.cat\/ie-elpigros-santcebria\/wp-json\/wp\/v2\/categories?post=1597"},{"taxonomy":"post_tag","embeddable":true,"href":"https:\/\/agora.xtec.cat\/ie-elpigros-santcebria\/wp-json\/wp\/v2\/tags?post=1597"}],"curies":[{"name":"wp","href":"https:\/\/api.w.org\/{rel}","templated":true}]}}