{"id":1588,"date":"2018-11-15T21:14:54","date_gmt":"2018-11-15T20:14:54","guid":{"rendered":"http:\/\/agora.xtec.cat\/ceip-elpigros\/?p=1588"},"modified":"2018-11-15T21:17:29","modified_gmt":"2018-11-15T20:17:29","slug":"fruita-a-lescola","status":"publish","type":"post","link":"https:\/\/agora.xtec.cat\/ie-elpigros-santcebria\/general\/fruita-a-lescola\/","title":{"rendered":"Fruita a l&#8217;escola"},"content":{"rendered":"<p><img loading=\"lazy\" decoding=\"async\" class=\"wp-image-671 alignright\" src=\"https:\/\/agora.xtec.cat\/ceip-elpigros\/wp-content\/uploads\/usu931\/2016\/06\/Fruita23maig.jpg\" alt=\"\" width=\"253\" height=\"190\" srcset=\"https:\/\/agora.xtec.cat\/ie-elpigros-santcebria\/wp-content\/uploads\/usu931\/2016\/06\/Fruita23maig.jpg 960w, https:\/\/agora.xtec.cat\/ie-elpigros-santcebria\/wp-content\/uploads\/usu931\/2016\/06\/Fruita23maig-300x225.jpg 300w, https:\/\/agora.xtec.cat\/ie-elpigros-santcebria\/wp-content\/uploads\/usu931\/2016\/06\/Fruita23maig-768x576.jpg 768w, https:\/\/agora.xtec.cat\/ie-elpigros-santcebria\/wp-content\/uploads\/usu931\/2016\/06\/Fruita23maig-200x150.jpg 200w\" sizes=\"auto, (max-width: 253px) 100vw, 253px\" \/>La propera setmana del 19 al 23 de novembre es distribuir\u00e0 la fruita a la nostra escola, segons el Pla de consum de fruita, que es pot consultar <a href=\"https:\/\/agora.xtec.cat\/ceip-elpigros\/mengem-fruita\/\">aqu\u00ed<\/a>.<\/p>\n<p>Concretament, l<span lang=\"CA\">es fruites del mes de novembre seran les seg\u00fcents:<\/span><\/p>\n<p class=\"m_7358192278321641622gmail-m_-4771320050083946655m_-7118495612613210579m_-1361519254392209070gmail-m_8867547937274729928m_1414931839186709591m_6735370295113584205gmail-m-8109158311969942491m-382811121497434931gmail-m-7700368550844576641m521837814281423583m2224034804021397348m-579193378540346696gmail-m933471428123959742gmail-m-8817764240258467844gmail-m9166118190923917391gmail-m6841010468782599591m5563811339127326108\"><span lang=\"CA\">*<\/span><b><span lang=\"CA\">Pera<\/span><\/b><span lang=\"CA\">\u00a0(180 g\/alumne)<\/span><\/p>\n<p class=\"m_7358192278321641622gmail-m_-4771320050083946655m_-7118495612613210579m_-1361519254392209070gmail-m_8867547937274729928m_1414931839186709591m_6735370295113584205gmail-m-8109158311969942491m-382811121497434931gmail-m-7700368550844576641m521837814281423583m2224034804021397348m-579193378540346696gmail-m933471428123959742gmail-m-8817764240258467844gmail-m9166118190923917391gmail-m6841010468782599591m5563811339127326108\"><span lang=\"CA\">*<\/span><b><span lang=\"CA\">Poma<\/span><\/b><span lang=\"CA\">,\u00a0<\/span><span lang=\"CA\">(180 g\/alumne)<\/span><\/p>\n<p class=\"m_7358192278321641622gmail-m_-4771320050083946655m_-7118495612613210579m_-1361519254392209070gmail-m_8867547937274729928m_1414931839186709591m_6735370295113584205gmail-m-8109158311969942491m-382811121497434931gmail-m-7700368550844576641m521837814281423583m2224034804021397348m-579193378540346696gmail-m933471428123959742gmail-m-8817764240258467844gmail-m9166118190923917391gmail-m6841010468782599591m5563811339127326108\"><b><span lang=\"CA\">*<\/span><\/b><b><span lang=\"CA\">Ra\u00efm<\/span><\/b><span lang=\"CA\">\u00a0<\/span><span lang=\"CA\">(120 g\/alumne)<\/span><\/p>\n<p class=\"m_7358192278321641622gmail-m_-4771320050083946655m_-7118495612613210579m_-1361519254392209070gmail-m_8867547937274729928m_1414931839186709591m_6735370295113584205gmail-m-8109158311969942491m-382811121497434931gmail-m-7700368550844576641m521837814281423583m2224034804021397348m-579193378540346696gmail-m933471428123959742gmail-m-8817764240258467844gmail-m9166118190923917391gmail-m6841010468782599591m5563811339127326108\"><span lang=\"CA\">*<\/span><b><span lang=\"CA\">Clementina<\/span><\/b><b><span lang=\"CA\">\u00a0<\/span><\/b><span lang=\"CA\">(150 g\/alumne)<\/span><\/p>\n<p>Bon profit a tothom!<\/p>\n","protected":false},"excerpt":{"rendered":"<p>La propera setmana del 19 al 23 de novembre es distribuir\u00e0 la fruita a la nostra escola, segons el Pla de consum de fruita, que es pot consultar aqu\u00ed. Concretament, les fruites del mes de novembre seran les seg\u00fcents: *Pera\u00a0(180 g\/alumne) *Poma,\u00a0(180 g\/alumne) *Ra\u00efm\u00a0(120 g\/alumne) *Clementina\u00a0(150 g\/alumne) Bon profit a tothom!<\/p>\n","protected":false},"author":1,"featured_media":0,"comment_status":"open","ping_status":"closed","sticky":false,"template":"","format":"standard","meta":{"_bbp_topic_count":0,"_bbp_reply_count":0,"_bbp_total_topic_count":0,"_bbp_total_reply_count":0,"_bbp_voice_count":0,"_bbp_anonymous_reply_count":0,"_bbp_topic_count_hidden":0,"_bbp_reply_count_hidden":0,"_bbp_forum_subforum_count":0,"site-sidebar-layout":"default","site-content-layout":"","ast-site-content-layout":"","site-content-style":"default","site-sidebar-style":"default","ast-global-header-display":"","ast-banner-title-visibility":"","ast-main-header-display":"","ast-hfb-above-header-display":"","ast-hfb-below-header-display":"","ast-hfb-mobile-header-display":"","site-post-title":"","ast-breadcrumbs-content":"","ast-featured-img":"","footer-sml-layout":"","theme-transparent-header-meta":"","adv-header-id-meta":"","stick-header-meta":"","header-above-stick-meta":"","header-main-stick-meta":"","header-below-stick-meta":"","astra-migrate-meta-layouts":"default","ast-page-background-enabled":"default","ast-page-background-meta":{"desktop":{"background-color":"var(--ast-global-color-4)","background-image":"","background-repeat":"repeat","background-position":"center center","background-size":"auto","background-attachment":"scroll","background-type":"","background-media":"","overlay-type":"","overlay-color":"","overlay-opacity":"","overlay-gradient":""},"tablet":{"background-color":"","background-image":"","background-repeat":"repeat","background-position":"center center","background-size":"auto","background-attachment":"scroll","background-type":"","background-media":"","overlay-type":"","overlay-color":"","overlay-opacity":"","overlay-gradient":""},"mobile":{"background-color":"","background-image":"","background-repeat":"repeat","background-position":"center center","background-size":"auto","background-attachment":"scroll","background-type":"","background-media":"","overlay-type":"","overlay-color":"","overlay-opacity":"","overlay-gradient":""}},"ast-content-background-meta":{"desktop":{"background-color":"var(--ast-global-color-5)","background-image":"","background-repeat":"repeat","background-position":"center center","background-size":"auto","background-attachment":"scroll","background-type":"","background-media":"","overlay-type":"","overlay-color":"","overlay-opacity":"","overlay-gradient":""},"tablet":{"background-color":"var(--ast-global-color-5)","background-image":"","background-repeat":"repeat","background-position":"center center","background-size":"auto","background-attachment":"scroll","background-type":"","background-media":"","overlay-type":"","overlay-color":"","overlay-opacity":"","overlay-gradient":""},"mobile":{"background-color":"var(--ast-global-color-5)","background-image":"","background-repeat":"repeat","background-position":"center center","background-size":"auto","background-attachment":"scroll","background-type":"","background-media":"","overlay-type":"","overlay-color":"","overlay-opacity":"","overlay-gradient":""}},"footnotes":""},"categories":[1],"tags":[],"class_list":["post-1588","post","type-post","status-publish","format-standard","hentry","category-general"],"post_mailing_queue_ids":[],"_links":{"self":[{"href":"https:\/\/agora.xtec.cat\/ie-elpigros-santcebria\/wp-json\/wp\/v2\/posts\/1588","targetHints":{"allow":["GET"]}}],"collection":[{"href":"https:\/\/agora.xtec.cat\/ie-elpigros-santcebria\/wp-json\/wp\/v2\/posts"}],"about":[{"href":"https:\/\/agora.xtec.cat\/ie-elpigros-santcebria\/wp-json\/wp\/v2\/types\/post"}],"author":[{"embeddable":true,"href":"https:\/\/agora.xtec.cat\/ie-elpigros-santcebria\/wp-json\/wp\/v2\/users\/1"}],"replies":[{"embeddable":true,"href":"https:\/\/agora.xtec.cat\/ie-elpigros-santcebria\/wp-json\/wp\/v2\/comments?post=1588"}],"version-history":[{"count":2,"href":"https:\/\/agora.xtec.cat\/ie-elpigros-santcebria\/wp-json\/wp\/v2\/posts\/1588\/revisions"}],"predecessor-version":[{"id":1590,"href":"https:\/\/agora.xtec.cat\/ie-elpigros-santcebria\/wp-json\/wp\/v2\/posts\/1588\/revisions\/1590"}],"wp:attachment":[{"href":"https:\/\/agora.xtec.cat\/ie-elpigros-santcebria\/wp-json\/wp\/v2\/media?parent=1588"}],"wp:term":[{"taxonomy":"category","embeddable":true,"href":"https:\/\/agora.xtec.cat\/ie-elpigros-santcebria\/wp-json\/wp\/v2\/categories?post=1588"},{"taxonomy":"post_tag","embeddable":true,"href":"https:\/\/agora.xtec.cat\/ie-elpigros-santcebria\/wp-json\/wp\/v2\/tags?post=1588"}],"curies":[{"name":"wp","href":"https:\/\/api.w.org\/{rel}","templated":true}]}}