{"id":9800,"date":"2024-02-02T13:30:25","date_gmt":"2024-02-02T12:30:25","guid":{"rendered":"https:\/\/agora.xtec.cat\/ie-elcabreres\/?p=9800"},"modified":"2024-02-02T13:30:25","modified_gmt":"2024-02-02T12:30:25","slug":"ja-es-aqui-el-rei-carnestoltes","status":"publish","type":"post","link":"https:\/\/agora.xtec.cat\/ie-elcabreres\/portada\/ja-es-aqui-el-rei-carnestoltes\/","title":{"rendered":"Ja \u00e9s aqu\u00ed el Rei Carnestoltes!"},"content":{"rendered":"<p><a href=\"https:\/\/agora.xtec.cat\/ie-elcabreres\/wp-content\/uploads\/usu2186\/2024\/02\/WhatsApp-Image-2024-02-02-at-12.39.45.jpeg\"><img loading=\"lazy\" decoding=\"async\" class=\"wp-image-9817 alignright\" src=\"https:\/\/agora.xtec.cat\/ie-elcabreres\/wp-content\/uploads\/usu2186\/2024\/02\/WhatsApp-Image-2024-02-02-at-12.39.45-768x1024.jpeg\" alt=\"\" width=\"464\" height=\"619\" srcset=\"https:\/\/agora.xtec.cat\/ie-elcabreres\/wp-content\/uploads\/usu2186\/2024\/02\/WhatsApp-Image-2024-02-02-at-12.39.45-768x1024.jpeg 768w, https:\/\/agora.xtec.cat\/ie-elcabreres\/wp-content\/uploads\/usu2186\/2024\/02\/WhatsApp-Image-2024-02-02-at-12.39.45-225x300.jpeg 225w, https:\/\/agora.xtec.cat\/ie-elcabreres\/wp-content\/uploads\/usu2186\/2024\/02\/WhatsApp-Image-2024-02-02-at-12.39.45-1152x1536.jpeg 1152w, https:\/\/agora.xtec.cat\/ie-elcabreres\/wp-content\/uploads\/usu2186\/2024\/02\/WhatsApp-Image-2024-02-02-at-12.39.45.jpeg 1200w\" sizes=\"auto, (max-width: 464px) 100vw, 464px\" \/><\/a><\/p>\n<p>Bon dia, nens i nenes de l\u2019institut escola el Cabrer\u00e8s!<br \/>\nCarai cada cop sou m\u00e9s, estic ben nervi\u00f3s!<br \/>\nAbans de comen\u00e7ar, sabeu qui soc?<\/p>\n<p>M\u00e9s fort que no us sento!<\/p>\n<p>Molt b\u00e9, veig que em coneixeu, soc el rei Carnestoltes, el rei dels poca-soltes.<br \/>\nQue sapigueu que estic molt cansat, m\u2019ha costat trobar el cam\u00ed per venir fins aqu\u00ed, el Google Maps no parava de fer voltes fins que he perdut la carretera i he acabat a Cabrera.<br \/>\nPer sort, finalment m\u2019he trobat un bon home que m\u2019ha indicat fins a arribar a l\u2019escola.<br \/>\nAquesta tecnologia d\u2019avui en dia no va pas b\u00e9 eh, sort que ja soc aqu\u00ed per regnar i manar aquests dies de disbauxa i ximpleries.<br \/>\nJa veureu que b\u00e9 que ens ho passarem: coses al cap, roba al rev\u00e9s, pintures, i pijames portareu i si no compliu les meves consignes, una bona penyora us emportareu.<\/p>\n<p>Com ja sabeu, l\u2019alumnat de primer d\u2019ESO han preparat un concurs de disfresses per al divendres que flipareu!<br \/>\nAquests dies tinc molta feina i la seva ajuda com a jurat m\u2019anir\u00e0 de perles. Per tant, han escollit les seg\u00fcents categories per premiar les disfresses m\u00e9s creatives:<\/p>\n<p>Cada categoria tindr\u00e0 3 premis.<br \/>\n&#8211; La m\u00e9s divertida<br \/>\n&#8211; La m\u00e9s detallista<br \/>\n&#8211; La m\u00e9s fidel al seu equip<br \/>\n&#8211; La m\u00e9s retro<br \/>\n&#8211; La m\u00e9s cridanera (la que m\u00e9s destaca, la m\u00e9s acolorida)<br \/>\n&#8211; La m\u00e9s original<br \/>\n&#8211; La millor disfressa de grup<\/p>\n<p>B\u00e9, dit aix\u00f2, anem al gra, per acabar us dir\u00e9 la consigna del primer dia:<\/p>\n<p><a href=\"https:\/\/agora.xtec.cat\/ie-elcabreres\/wp-content\/uploads\/usu2186\/2024\/02\/1.jpg\"><img loading=\"lazy\" decoding=\"async\" class=\"aligncenter size-large wp-image-9801\" src=\"https:\/\/agora.xtec.cat\/ie-elcabreres\/wp-content\/uploads\/usu2186\/2024\/02\/1-1024x577.jpg\" alt=\"\" width=\"1024\" height=\"577\" srcset=\"https:\/\/agora.xtec.cat\/ie-elcabreres\/wp-content\/uploads\/usu2186\/2024\/02\/1-1024x577.jpg 1024w, https:\/\/agora.xtec.cat\/ie-elcabreres\/wp-content\/uploads\/usu2186\/2024\/02\/1-300x169.jpg 300w, https:\/\/agora.xtec.cat\/ie-elcabreres\/wp-content\/uploads\/usu2186\/2024\/02\/1-768x433.jpg 768w, https:\/\/agora.xtec.cat\/ie-elcabreres\/wp-content\/uploads\/usu2186\/2024\/02\/1-1536x865.jpg 1536w, https:\/\/agora.xtec.cat\/ie-elcabreres\/wp-content\/uploads\/usu2186\/2024\/02\/1.jpg 1640w\" sizes=\"auto, (max-width: 1024px) 100vw, 1024px\" \/><\/a><\/p>\n","protected":false},"excerpt":{"rendered":"<p>Bon dia, nens i nenes de l\u2019institut escola el Cabrer\u00e8s! Carai cada cop sou m\u00e9s, estic ben nervi\u00f3s! Abans de comen\u00e7ar, sabeu qui soc? M\u00e9s fort que no us sento! Molt b\u00e9, veig que em coneixeu, soc el rei Carnestoltes, el rei dels poca-soltes. Que sapigueu que estic molt cansat, m\u2019ha costat trobar el cam\u00ed [&hellip;]<\/p>\n","protected":false},"author":4,"featured_media":9801,"comment_status":"closed","ping_status":"closed","sticky":false,"template":"","format":"standard","meta":{"_bbp_topic_count":0,"_bbp_reply_count":0,"_bbp_total_topic_count":0,"_bbp_total_reply_count":0,"_bbp_voice_count":0,"_bbp_anonymous_reply_count":0,"_bbp_topic_count_hidden":0,"_bbp_reply_count_hidden":0,"_bbp_forum_subforum_count":0,"site-sidebar-layout":"default","site-content-layout":"","ast-site-content-layout":"","site-content-style":"default","site-sidebar-style":"default","ast-global-header-display":"","ast-banner-title-visibility":"","ast-main-header-display":"","ast-hfb-above-header-display":"","ast-hfb-below-header-display":"","ast-hfb-mobile-header-display":"","site-post-title":"","ast-breadcrumbs-content":"","ast-featured-img":"","footer-sml-layout":"","theme-transparent-header-meta":"","adv-header-id-meta":"","stick-header-meta":"","header-above-stick-meta":"","header-main-stick-meta":"","header-below-stick-meta":"","astra-migrate-meta-layouts":"default","ast-page-background-enabled":"default","ast-page-background-meta":{"desktop":{"background-color":"var(--ast-global-color-4)","background-image":"","background-repeat":"repeat","background-position":"center center","background-size":"auto","background-attachment":"scroll","background-type":"","background-media":"","overlay-type":"","overlay-color":"","overlay-opacity":"","overlay-gradient":""},"tablet":{"background-color":"","background-image":"","background-repeat":"repeat","background-position":"center center","background-size":"auto","background-attachment":"scroll","background-type":"","background-media":"","overlay-type":"","overlay-color":"","overlay-opacity":"","overlay-gradient":""},"mobile":{"background-color":"","background-image":"","background-repeat":"repeat","background-position":"center center","background-size":"auto","background-attachment":"scroll","background-type":"","background-media":"","overlay-type":"","overlay-color":"","overlay-opacity":"","overlay-gradient":""}},"ast-content-background-meta":{"desktop":{"background-color":"var(--ast-global-color-5)","background-image":"","background-repeat":"repeat","background-position":"center center","background-size":"auto","background-attachment":"scroll","background-type":"","background-media":"","overlay-type":"","overlay-color":"","overlay-opacity":"","overlay-gradient":""},"tablet":{"background-color":"var(--ast-global-color-5)","background-image":"","background-repeat":"repeat","background-position":"center center","background-size":"auto","background-attachment":"scroll","background-type":"","background-media":"","overlay-type":"","overlay-color":"","overlay-opacity":"","overlay-gradient":""},"mobile":{"background-color":"var(--ast-global-color-5)","background-image":"","background-repeat":"repeat","background-position":"center center","background-size":"auto","background-attachment":"scroll","background-type":"","background-media":"","overlay-type":"","overlay-color":"","overlay-opacity":"","overlay-gradient":""}},"footnotes":""},"categories":[4],"tags":[99,101],"class_list":["post-9800","post","type-post","status-publish","format-standard","has-post-thumbnail","hentry","category-portada","tag-carnaval","tag-carnestoltes"],"post_mailing_queue_ids":[],"_links":{"self":[{"href":"https:\/\/agora.xtec.cat\/ie-elcabreres\/wp-json\/wp\/v2\/posts\/9800","targetHints":{"allow":["GET"]}}],"collection":[{"href":"https:\/\/agora.xtec.cat\/ie-elcabreres\/wp-json\/wp\/v2\/posts"}],"about":[{"href":"https:\/\/agora.xtec.cat\/ie-elcabreres\/wp-json\/wp\/v2\/types\/post"}],"author":[{"embeddable":true,"href":"https:\/\/agora.xtec.cat\/ie-elcabreres\/wp-json\/wp\/v2\/users\/4"}],"replies":[{"embeddable":true,"href":"https:\/\/agora.xtec.cat\/ie-elcabreres\/wp-json\/wp\/v2\/comments?post=9800"}],"version-history":[{"count":2,"href":"https:\/\/agora.xtec.cat\/ie-elcabreres\/wp-json\/wp\/v2\/posts\/9800\/revisions"}],"predecessor-version":[{"id":9818,"href":"https:\/\/agora.xtec.cat\/ie-elcabreres\/wp-json\/wp\/v2\/posts\/9800\/revisions\/9818"}],"wp:featuredmedia":[{"embeddable":true,"href":"https:\/\/agora.xtec.cat\/ie-elcabreres\/wp-json\/wp\/v2\/media\/9801"}],"wp:attachment":[{"href":"https:\/\/agora.xtec.cat\/ie-elcabreres\/wp-json\/wp\/v2\/media?parent=9800"}],"wp:term":[{"taxonomy":"category","embeddable":true,"href":"https:\/\/agora.xtec.cat\/ie-elcabreres\/wp-json\/wp\/v2\/categories?post=9800"},{"taxonomy":"post_tag","embeddable":true,"href":"https:\/\/agora.xtec.cat\/ie-elcabreres\/wp-json\/wp\/v2\/tags?post=9800"}],"curies":[{"name":"wp","href":"https:\/\/api.w.org\/{rel}","templated":true}]}}