{"id":9403,"date":"2023-11-24T07:37:30","date_gmt":"2023-11-24T06:37:30","guid":{"rendered":"https:\/\/agora.xtec.cat\/ie-elcabreres\/?p=9403"},"modified":"2023-11-24T00:16:09","modified_gmt":"2023-11-23T23:16:09","slug":"setmana-del-20-al-24","status":"publish","type":"post","link":"https:\/\/agora.xtec.cat\/ie-elcabreres\/promocio-2013\/setmana-del-20-al-24\/","title":{"rendered":"Setmana del 20 al 24"},"content":{"rendered":"<p>Dilluns<br \/>\nA l\u00b4hora de medi vam fer <span style=\"font-family: inherit;font-size: 1em\">portades dels nostres \u00e9ssers vius i ens vam dividir per cada regne per fer-les.<\/span><\/p>\n<p>Dimarts<br \/>\nVam haver de portar les maquetes dels nostres \u00e9ssers vius per explicar-les un altre dia.<\/p>\n<p>Dimecres<br \/>\nVam fer un karaoke per santa Cec\u00edlia i totes les classes vam baixar a l&#8217;escenari i van cantar.<\/p>\n<p style=\"text-align: center\"><a href=\"https:\/\/agora.xtec.cat\/ie-elcabreres\/wp-content\/uploads\/usu2186\/2023\/11\/IMG_20231122_090806.jpg\"><img loading=\"lazy\" decoding=\"async\" class=\"alignnone  wp-image-9404\" src=\"https:\/\/agora.xtec.cat\/ie-elcabreres\/wp-content\/uploads\/usu2186\/2023\/11\/IMG_20231122_090806-300x169.jpg\" alt=\"\" width=\"396\" height=\"223\" srcset=\"https:\/\/agora.xtec.cat\/ie-elcabreres\/wp-content\/uploads\/usu2186\/2023\/11\/IMG_20231122_090806-300x169.jpg 300w, https:\/\/agora.xtec.cat\/ie-elcabreres\/wp-content\/uploads\/usu2186\/2023\/11\/IMG_20231122_090806-1024x576.jpg 1024w, https:\/\/agora.xtec.cat\/ie-elcabreres\/wp-content\/uploads\/usu2186\/2023\/11\/IMG_20231122_090806-768x432.jpg 768w, https:\/\/agora.xtec.cat\/ie-elcabreres\/wp-content\/uploads\/usu2186\/2023\/11\/IMG_20231122_090806.jpg 1156w\" sizes=\"auto, (max-width: 396px) 100vw, 396px\" \/><\/a><\/p>\n<p>Dijous<br \/>\nA la nostra classe van fer una presentaci\u00f3 d&#8217;obres d&#8217;art <span style=\"font-family: inherit;font-size: 1em\">en Marc i l\u2019Orel. I quan est\u00e0vem dinant va sonar el simulacre d&#8217;emerg\u00e8ncia. A la tarda vam fer guions per fer l&#8217;obra de teatre de Nadal.<\/span><\/p>\n<p style=\"text-align: right\">Article escrit per: Armand<\/p>\n","protected":false},"excerpt":{"rendered":"<p>Dilluns A l\u00b4hora de medi vam fer portades dels nostres \u00e9ssers vius i ens vam dividir per cada regne per fer-les. Dimarts Vam haver de portar les maquetes dels nostres \u00e9ssers vius per explicar-les un altre dia. Dimecres Vam fer un karaoke per santa Cec\u00edlia i totes les classes vam baixar a l&#8217;escenari i van [&hellip;]<\/p>\n","protected":false},"author":15,"featured_media":9405,"comment_status":"closed","ping_status":"closed","sticky":false,"template":"","format":"standard","meta":{"_bbp_topic_count":0,"_bbp_reply_count":0,"_bbp_total_topic_count":0,"_bbp_total_reply_count":0,"_bbp_voice_count":0,"_bbp_anonymous_reply_count":0,"_bbp_topic_count_hidden":0,"_bbp_reply_count_hidden":0,"_bbp_forum_subforum_count":0,"site-sidebar-layout":"default","site-content-layout":"","ast-site-content-layout":"","site-content-style":"default","site-sidebar-style":"default","ast-global-header-display":"","ast-banner-title-visibility":"","ast-main-header-display":"","ast-hfb-above-header-display":"","ast-hfb-below-header-display":"","ast-hfb-mobile-header-display":"","site-post-title":"","ast-breadcrumbs-content":"","ast-featured-img":"","footer-sml-layout":"","theme-transparent-header-meta":"","adv-header-id-meta":"","stick-header-meta":"","header-above-stick-meta":"","header-main-stick-meta":"","header-below-stick-meta":"","astra-migrate-meta-layouts":"default","ast-page-background-enabled":"default","ast-page-background-meta":{"desktop":{"background-color":"var(--ast-global-color-4)","background-image":"","background-repeat":"repeat","background-position":"center center","background-size":"auto","background-attachment":"scroll","background-type":"","background-media":"","overlay-type":"","overlay-color":"","overlay-opacity":"","overlay-gradient":""},"tablet":{"background-color":"","background-image":"","background-repeat":"repeat","background-position":"center center","background-size":"auto","background-attachment":"scroll","background-type":"","background-media":"","overlay-type":"","overlay-color":"","overlay-opacity":"","overlay-gradient":""},"mobile":{"background-color":"","background-image":"","background-repeat":"repeat","background-position":"center center","background-size":"auto","background-attachment":"scroll","background-type":"","background-media":"","overlay-type":"","overlay-color":"","overlay-opacity":"","overlay-gradient":""}},"ast-content-background-meta":{"desktop":{"background-color":"var(--ast-global-color-5)","background-image":"","background-repeat":"repeat","background-position":"center center","background-size":"auto","background-attachment":"scroll","background-type":"","background-media":"","overlay-type":"","overlay-color":"","overlay-opacity":"","overlay-gradient":""},"tablet":{"background-color":"var(--ast-global-color-5)","background-image":"","background-repeat":"repeat","background-position":"center center","background-size":"auto","background-attachment":"scroll","background-type":"","background-media":"","overlay-type":"","overlay-color":"","overlay-opacity":"","overlay-gradient":""},"mobile":{"background-color":"var(--ast-global-color-5)","background-image":"","background-repeat":"repeat","background-position":"center center","background-size":"auto","background-attachment":"scroll","background-type":"","background-media":"","overlay-type":"","overlay-color":"","overlay-opacity":"","overlay-gradient":""}},"footnotes":""},"categories":[11],"tags":[],"class_list":["post-9403","post","type-post","status-publish","format-standard","has-post-thumbnail","hentry","category-promocio-2013"],"post_mailing_queue_ids":[],"_links":{"self":[{"href":"https:\/\/agora.xtec.cat\/ie-elcabreres\/wp-json\/wp\/v2\/posts\/9403","targetHints":{"allow":["GET"]}}],"collection":[{"href":"https:\/\/agora.xtec.cat\/ie-elcabreres\/wp-json\/wp\/v2\/posts"}],"about":[{"href":"https:\/\/agora.xtec.cat\/ie-elcabreres\/wp-json\/wp\/v2\/types\/post"}],"author":[{"embeddable":true,"href":"https:\/\/agora.xtec.cat\/ie-elcabreres\/wp-json\/wp\/v2\/users\/15"}],"replies":[{"embeddable":true,"href":"https:\/\/agora.xtec.cat\/ie-elcabreres\/wp-json\/wp\/v2\/comments?post=9403"}],"version-history":[{"count":1,"href":"https:\/\/agora.xtec.cat\/ie-elcabreres\/wp-json\/wp\/v2\/posts\/9403\/revisions"}],"predecessor-version":[{"id":9406,"href":"https:\/\/agora.xtec.cat\/ie-elcabreres\/wp-json\/wp\/v2\/posts\/9403\/revisions\/9406"}],"wp:featuredmedia":[{"embeddable":true,"href":"https:\/\/agora.xtec.cat\/ie-elcabreres\/wp-json\/wp\/v2\/media\/9405"}],"wp:attachment":[{"href":"https:\/\/agora.xtec.cat\/ie-elcabreres\/wp-json\/wp\/v2\/media?parent=9403"}],"wp:term":[{"taxonomy":"category","embeddable":true,"href":"https:\/\/agora.xtec.cat\/ie-elcabreres\/wp-json\/wp\/v2\/categories?post=9403"},{"taxonomy":"post_tag","embeddable":true,"href":"https:\/\/agora.xtec.cat\/ie-elcabreres\/wp-json\/wp\/v2\/tags?post=9403"}],"curies":[{"name":"wp","href":"https:\/\/api.w.org\/{rel}","templated":true}]}}