{"id":8532,"date":"2023-05-06T09:29:31","date_gmt":"2023-05-06T07:29:31","guid":{"rendered":"https:\/\/agora.xtec.cat\/ie-elcabreres\/?p=8532"},"modified":"2024-02-06T13:19:38","modified_gmt":"2024-02-06T12:19:38","slug":"visita-a-rupit","status":"publish","type":"post","link":"https:\/\/agora.xtec.cat\/ie-elcabreres\/promocio-2016\/visita-a-rupit\/","title":{"rendered":"Visita a Rupit"},"content":{"rendered":"<p>Dia de visita a Rupit amb els infants de 1r i 2n, on l&#8217;escola l&#8217;Agullola ens ha rebut i ens ha ensenyat els llocs m\u00e9s importants del poble. I aprofitant el dia &#8220;Let&#8217;s Clean Up Europe&#8221;, hem contribu\u00eft en deixar un tram de la riera m\u00e9s neta recollint les deixalles que trob\u00e0vem. Amb aquest dia tan bonic i complet culminem el projecte del poble que vam estar portant a terme durant el 2n trimestre. Us deixem amb 4 fotos de la sortida, fins dilluns!<\/p>\n<p><a href=\"https:\/\/agora.xtec.cat\/ie-elcabreres\/wp-content\/uploads\/usu2186\/2023\/05\/WhatsApp-Image-2023-05-05-at-18.06.44-1.jpeg\"><img loading=\"lazy\" decoding=\"async\" class=\"size-large wp-image-8536 aligncenter\" src=\"https:\/\/agora.xtec.cat\/ie-elcabreres\/wp-content\/uploads\/usu2186\/2023\/05\/WhatsApp-Image-2023-05-05-at-18.06.44-1-771x1024.jpeg\" alt=\"\" width=\"771\" height=\"1024\" srcset=\"https:\/\/agora.xtec.cat\/ie-elcabreres\/wp-content\/uploads\/usu2186\/2023\/05\/WhatsApp-Image-2023-05-05-at-18.06.44-1-771x1024.jpeg 771w, https:\/\/agora.xtec.cat\/ie-elcabreres\/wp-content\/uploads\/usu2186\/2023\/05\/WhatsApp-Image-2023-05-05-at-18.06.44-1-226x300.jpeg 226w, https:\/\/agora.xtec.cat\/ie-elcabreres\/wp-content\/uploads\/usu2186\/2023\/05\/WhatsApp-Image-2023-05-05-at-18.06.44-1-768x1020.jpeg 768w, https:\/\/agora.xtec.cat\/ie-elcabreres\/wp-content\/uploads\/usu2186\/2023\/05\/WhatsApp-Image-2023-05-05-at-18.06.44-1-1157x1536.jpeg 1157w, https:\/\/agora.xtec.cat\/ie-elcabreres\/wp-content\/uploads\/usu2186\/2023\/05\/WhatsApp-Image-2023-05-05-at-18.06.44-1.jpeg 1536w\" sizes=\"auto, (max-width: 771px) 100vw, 771px\" \/><\/a><\/p>\n<p><a href=\"https:\/\/agora.xtec.cat\/ie-elcabreres\/wp-content\/uploads\/usu2186\/2023\/05\/WhatsApp-Image-2023-05-05-at-18.06.52-2.jpeg\"><img loading=\"lazy\" decoding=\"async\" class=\"size-large wp-image-8535 aligncenter\" src=\"https:\/\/agora.xtec.cat\/ie-elcabreres\/wp-content\/uploads\/usu2186\/2023\/05\/WhatsApp-Image-2023-05-05-at-18.06.52-2-1024x771.jpeg\" alt=\"\" width=\"1024\" height=\"771\" srcset=\"https:\/\/agora.xtec.cat\/ie-elcabreres\/wp-content\/uploads\/usu2186\/2023\/05\/WhatsApp-Image-2023-05-05-at-18.06.52-2-1024x771.jpeg 1024w, https:\/\/agora.xtec.cat\/ie-elcabreres\/wp-content\/uploads\/usu2186\/2023\/05\/WhatsApp-Image-2023-05-05-at-18.06.52-2-300x226.jpeg 300w, https:\/\/agora.xtec.cat\/ie-elcabreres\/wp-content\/uploads\/usu2186\/2023\/05\/WhatsApp-Image-2023-05-05-at-18.06.52-2-768x578.jpeg 768w, https:\/\/agora.xtec.cat\/ie-elcabreres\/wp-content\/uploads\/usu2186\/2023\/05\/WhatsApp-Image-2023-05-05-at-18.06.52-2-1536x1157.jpeg 1536w, https:\/\/agora.xtec.cat\/ie-elcabreres\/wp-content\/uploads\/usu2186\/2023\/05\/WhatsApp-Image-2023-05-05-at-18.06.52-2-200x150.jpeg 200w, https:\/\/agora.xtec.cat\/ie-elcabreres\/wp-content\/uploads\/usu2186\/2023\/05\/WhatsApp-Image-2023-05-05-at-18.06.52-2.jpeg 2040w\" sizes=\"auto, (max-width: 1024px) 100vw, 1024px\" \/><\/a><\/p>\n<p><a href=\"https:\/\/agora.xtec.cat\/ie-elcabreres\/wp-content\/uploads\/usu2186\/2023\/05\/WhatsApp-Image-2023-05-05-at-18.06.50-1.jpeg\"><img loading=\"lazy\" decoding=\"async\" class=\"size-large wp-image-8534 aligncenter\" src=\"https:\/\/agora.xtec.cat\/ie-elcabreres\/wp-content\/uploads\/usu2186\/2023\/05\/WhatsApp-Image-2023-05-05-at-18.06.50-1-1024x771.jpeg\" alt=\"\" width=\"1024\" height=\"771\" srcset=\"https:\/\/agora.xtec.cat\/ie-elcabreres\/wp-content\/uploads\/usu2186\/2023\/05\/WhatsApp-Image-2023-05-05-at-18.06.50-1-1024x771.jpeg 1024w, https:\/\/agora.xtec.cat\/ie-elcabreres\/wp-content\/uploads\/usu2186\/2023\/05\/WhatsApp-Image-2023-05-05-at-18.06.50-1-300x226.jpeg 300w, https:\/\/agora.xtec.cat\/ie-elcabreres\/wp-content\/uploads\/usu2186\/2023\/05\/WhatsApp-Image-2023-05-05-at-18.06.50-1-768x578.jpeg 768w, https:\/\/agora.xtec.cat\/ie-elcabreres\/wp-content\/uploads\/usu2186\/2023\/05\/WhatsApp-Image-2023-05-05-at-18.06.50-1-1536x1157.jpeg 1536w, https:\/\/agora.xtec.cat\/ie-elcabreres\/wp-content\/uploads\/usu2186\/2023\/05\/WhatsApp-Image-2023-05-05-at-18.06.50-1-200x150.jpeg 200w, https:\/\/agora.xtec.cat\/ie-elcabreres\/wp-content\/uploads\/usu2186\/2023\/05\/WhatsApp-Image-2023-05-05-at-18.06.50-1.jpeg 2040w\" sizes=\"auto, (max-width: 1024px) 100vw, 1024px\" \/><\/a><\/p>\n<p><a href=\"https:\/\/agora.xtec.cat\/ie-elcabreres\/wp-content\/uploads\/usu2186\/2023\/05\/WhatsApp-Image-2023-05-05-at-18.06.46.jpeg\"><img loading=\"lazy\" decoding=\"async\" class=\"size-large wp-image-8533 aligncenter\" src=\"https:\/\/agora.xtec.cat\/ie-elcabreres\/wp-content\/uploads\/usu2186\/2023\/05\/WhatsApp-Image-2023-05-05-at-18.06.46-1024x771.jpeg\" alt=\"\" width=\"1024\" height=\"771\" srcset=\"https:\/\/agora.xtec.cat\/ie-elcabreres\/wp-content\/uploads\/usu2186\/2023\/05\/WhatsApp-Image-2023-05-05-at-18.06.46-1024x771.jpeg 1024w, https:\/\/agora.xtec.cat\/ie-elcabreres\/wp-content\/uploads\/usu2186\/2023\/05\/WhatsApp-Image-2023-05-05-at-18.06.46-300x226.jpeg 300w, https:\/\/agora.xtec.cat\/ie-elcabreres\/wp-content\/uploads\/usu2186\/2023\/05\/WhatsApp-Image-2023-05-05-at-18.06.46-768x578.jpeg 768w, https:\/\/agora.xtec.cat\/ie-elcabreres\/wp-content\/uploads\/usu2186\/2023\/05\/WhatsApp-Image-2023-05-05-at-18.06.46-1536x1157.jpeg 1536w, https:\/\/agora.xtec.cat\/ie-elcabreres\/wp-content\/uploads\/usu2186\/2023\/05\/WhatsApp-Image-2023-05-05-at-18.06.46-200x150.jpeg 200w, https:\/\/agora.xtec.cat\/ie-elcabreres\/wp-content\/uploads\/usu2186\/2023\/05\/WhatsApp-Image-2023-05-05-at-18.06.46.jpeg 2040w\" sizes=\"auto, (max-width: 1024px) 100vw, 1024px\" \/><\/a><\/p>\n<p>&nbsp;<\/p>\n","protected":false},"excerpt":{"rendered":"<p>Dia de visita a Rupit amb els infants de 1r i 2n, on l&#8217;escola l&#8217;Agullola ens ha rebut i ens ha ensenyat els llocs m\u00e9s importants del poble. I aprofitant el dia &#8220;Let&#8217;s Clean Up Europe&#8221;, hem contribu\u00eft en deixar un tram de la riera m\u00e9s neta recollint les deixalles que trob\u00e0vem. Amb aquest dia [&hellip;]<\/p>\n","protected":false},"author":23,"featured_media":8535,"comment_status":"closed","ping_status":"closed","sticky":false,"template":"","format":"standard","meta":{"_bbp_topic_count":0,"_bbp_reply_count":0,"_bbp_total_topic_count":0,"_bbp_total_reply_count":0,"_bbp_voice_count":0,"_bbp_anonymous_reply_count":0,"_bbp_topic_count_hidden":0,"_bbp_reply_count_hidden":0,"_bbp_forum_subforum_count":0,"site-sidebar-layout":"default","site-content-layout":"","ast-site-content-layout":"","site-content-style":"default","site-sidebar-style":"default","ast-global-header-display":"","ast-banner-title-visibility":"","ast-main-header-display":"","ast-hfb-above-header-display":"","ast-hfb-below-header-display":"","ast-hfb-mobile-header-display":"","site-post-title":"","ast-breadcrumbs-content":"","ast-featured-img":"","footer-sml-layout":"","theme-transparent-header-meta":"","adv-header-id-meta":"","stick-header-meta":"","header-above-stick-meta":"","header-main-stick-meta":"","header-below-stick-meta":"","astra-migrate-meta-layouts":"default","ast-page-background-enabled":"default","ast-page-background-meta":{"desktop":{"background-color":"var(--ast-global-color-4)","background-image":"","background-repeat":"repeat","background-position":"center center","background-size":"auto","background-attachment":"scroll","background-type":"","background-media":"","overlay-type":"","overlay-color":"","overlay-opacity":"","overlay-gradient":""},"tablet":{"background-color":"","background-image":"","background-repeat":"repeat","background-position":"center center","background-size":"auto","background-attachment":"scroll","background-type":"","background-media":"","overlay-type":"","overlay-color":"","overlay-opacity":"","overlay-gradient":""},"mobile":{"background-color":"","background-image":"","background-repeat":"repeat","background-position":"center center","background-size":"auto","background-attachment":"scroll","background-type":"","background-media":"","overlay-type":"","overlay-color":"","overlay-opacity":"","overlay-gradient":""}},"ast-content-background-meta":{"desktop":{"background-color":"var(--ast-global-color-5)","background-image":"","background-repeat":"repeat","background-position":"center center","background-size":"auto","background-attachment":"scroll","background-type":"","background-media":"","overlay-type":"","overlay-color":"","overlay-opacity":"","overlay-gradient":""},"tablet":{"background-color":"var(--ast-global-color-5)","background-image":"","background-repeat":"repeat","background-position":"center center","background-size":"auto","background-attachment":"scroll","background-type":"","background-media":"","overlay-type":"","overlay-color":"","overlay-opacity":"","overlay-gradient":""},"mobile":{"background-color":"var(--ast-global-color-5)","background-image":"","background-repeat":"repeat","background-position":"center center","background-size":"auto","background-attachment":"scroll","background-type":"","background-media":"","overlay-type":"","overlay-color":"","overlay-opacity":"","overlay-gradient":""}},"footnotes":""},"categories":[8,9],"tags":[211],"class_list":["post-8532","post","type-post","status-publish","format-standard","has-post-thumbnail","hentry","category-promocio-2016","category-promocio-2015","tag-escoles-verdes"],"post_mailing_queue_ids":[],"_links":{"self":[{"href":"https:\/\/agora.xtec.cat\/ie-elcabreres\/wp-json\/wp\/v2\/posts\/8532","targetHints":{"allow":["GET"]}}],"collection":[{"href":"https:\/\/agora.xtec.cat\/ie-elcabreres\/wp-json\/wp\/v2\/posts"}],"about":[{"href":"https:\/\/agora.xtec.cat\/ie-elcabreres\/wp-json\/wp\/v2\/types\/post"}],"author":[{"embeddable":true,"href":"https:\/\/agora.xtec.cat\/ie-elcabreres\/wp-json\/wp\/v2\/users\/23"}],"replies":[{"embeddable":true,"href":"https:\/\/agora.xtec.cat\/ie-elcabreres\/wp-json\/wp\/v2\/comments?post=8532"}],"version-history":[{"count":4,"href":"https:\/\/agora.xtec.cat\/ie-elcabreres\/wp-json\/wp\/v2\/posts\/8532\/revisions"}],"predecessor-version":[{"id":9887,"href":"https:\/\/agora.xtec.cat\/ie-elcabreres\/wp-json\/wp\/v2\/posts\/8532\/revisions\/9887"}],"wp:featuredmedia":[{"embeddable":true,"href":"https:\/\/agora.xtec.cat\/ie-elcabreres\/wp-json\/wp\/v2\/media\/8535"}],"wp:attachment":[{"href":"https:\/\/agora.xtec.cat\/ie-elcabreres\/wp-json\/wp\/v2\/media?parent=8532"}],"wp:term":[{"taxonomy":"category","embeddable":true,"href":"https:\/\/agora.xtec.cat\/ie-elcabreres\/wp-json\/wp\/v2\/categories?post=8532"},{"taxonomy":"post_tag","embeddable":true,"href":"https:\/\/agora.xtec.cat\/ie-elcabreres\/wp-json\/wp\/v2\/tags?post=8532"}],"curies":[{"name":"wp","href":"https:\/\/api.w.org\/{rel}","templated":true}]}}