{"id":8419,"date":"2023-04-21T08:31:21","date_gmt":"2023-04-21T06:31:21","guid":{"rendered":"https:\/\/agora.xtec.cat\/ie-elcabreres\/?p=8419"},"modified":"2023-04-21T08:31:21","modified_gmt":"2023-04-21T06:31:21","slug":"setmana-de-sant-jordi-2","status":"publish","type":"post","link":"https:\/\/agora.xtec.cat\/ie-elcabreres\/promocio-2012\/setmana-de-sant-jordi-2\/","title":{"rendered":"Setmana de Sant Jordi"},"content":{"rendered":"<p>A l&#8217;escola es una setmana molt important, \u00e9s la setmana de Sant Jordi i les decoracions estan molt preparades.<\/p>\n<p style=\"text-align: center\"><a href=\"https:\/\/agora.xtec.cat\/ie-elcabreres\/wp-content\/uploads\/usu2186\/2023\/04\/5.jpg\"><img loading=\"lazy\" decoding=\"async\" class=\"alignnone  wp-image-8415\" src=\"https:\/\/agora.xtec.cat\/ie-elcabreres\/wp-content\/uploads\/usu2186\/2023\/04\/5-300x225.jpg\" alt=\"\" width=\"468\" height=\"351\" srcset=\"https:\/\/agora.xtec.cat\/ie-elcabreres\/wp-content\/uploads\/usu2186\/2023\/04\/5-300x225.jpg 300w, https:\/\/agora.xtec.cat\/ie-elcabreres\/wp-content\/uploads\/usu2186\/2023\/04\/5-200x150.jpg 200w, https:\/\/agora.xtec.cat\/ie-elcabreres\/wp-content\/uploads\/usu2186\/2023\/04\/5.jpg 600w\" sizes=\"auto, (max-width: 468px) 100vw, 468px\" \/><\/a><\/p>\n<div>El dilluns vam tenir tota la sort que va venir la Martina Fabreg\u00f3 a explicar-nos qu\u00e8 \u00e9s la menstruaci\u00f3.<\/p>\n<div>El dimarts els nens i nenes de 5\u00e8 van poder agafar un bon conte o un llibre o c\u00f2mic. Els professors ens van actuar la llegenda de sant Jordi.<\/div>\n<div>El dimecres vam ser nosaltres els que vam actuar la llegenda de Sant Jordi amb instruments musicals. Ja de pas despr\u00e9s de que acab\u00e9ssim els nens i nenes de 2n ens van cantar dues can\u00e7ons molt boniques. I la setmana segueix que a la tarda tota la escola va dibuixar pedres d&#8217;algun color que amb elles farem flors que no es reguin.<\/div>\n<div>El dijous a la tarda ens van ensenyar i deixar portar els gegants i cap grossos de l&#8217;Esquirol i Tavertet.<\/div>\n<div>El divendres els de sis\u00e8 ja ens esperen a la seva paradeta a donar-nos els llibres.<\/div>\n<\/div>\n<div><\/div>\n<div style=\"text-align: right\">Article escrit per: Guiu Vilella Coll<\/div>\n","protected":false},"excerpt":{"rendered":"<p>A l&#8217;escola es una setmana molt important, \u00e9s la setmana de Sant Jordi i les decoracions estan molt preparades. El dilluns vam tenir tota la sort que va venir la Martina Fabreg\u00f3 a explicar-nos qu\u00e8 \u00e9s la menstruaci\u00f3. El dimarts els nens i nenes de 5\u00e8 van poder agafar un bon conte o un llibre [&hellip;]<\/p>\n","protected":false},"author":15,"featured_media":8420,"comment_status":"closed","ping_status":"closed","sticky":false,"template":"","format":"standard","meta":{"_bbp_topic_count":0,"_bbp_reply_count":0,"_bbp_total_topic_count":0,"_bbp_total_reply_count":0,"_bbp_voice_count":0,"_bbp_anonymous_reply_count":0,"_bbp_topic_count_hidden":0,"_bbp_reply_count_hidden":0,"_bbp_forum_subforum_count":0,"site-sidebar-layout":"default","site-content-layout":"","ast-site-content-layout":"","site-content-style":"default","site-sidebar-style":"default","ast-global-header-display":"","ast-banner-title-visibility":"","ast-main-header-display":"","ast-hfb-above-header-display":"","ast-hfb-below-header-display":"","ast-hfb-mobile-header-display":"","site-post-title":"","ast-breadcrumbs-content":"","ast-featured-img":"","footer-sml-layout":"","theme-transparent-header-meta":"","adv-header-id-meta":"","stick-header-meta":"","header-above-stick-meta":"","header-main-stick-meta":"","header-below-stick-meta":"","astra-migrate-meta-layouts":"default","ast-page-background-enabled":"default","ast-page-background-meta":{"desktop":{"background-color":"var(--ast-global-color-4)","background-image":"","background-repeat":"repeat","background-position":"center center","background-size":"auto","background-attachment":"scroll","background-type":"","background-media":"","overlay-type":"","overlay-color":"","overlay-opacity":"","overlay-gradient":""},"tablet":{"background-color":"","background-image":"","background-repeat":"repeat","background-position":"center center","background-size":"auto","background-attachment":"scroll","background-type":"","background-media":"","overlay-type":"","overlay-color":"","overlay-opacity":"","overlay-gradient":""},"mobile":{"background-color":"","background-image":"","background-repeat":"repeat","background-position":"center center","background-size":"auto","background-attachment":"scroll","background-type":"","background-media":"","overlay-type":"","overlay-color":"","overlay-opacity":"","overlay-gradient":""}},"ast-content-background-meta":{"desktop":{"background-color":"var(--ast-global-color-5)","background-image":"","background-repeat":"repeat","background-position":"center center","background-size":"auto","background-attachment":"scroll","background-type":"","background-media":"","overlay-type":"","overlay-color":"","overlay-opacity":"","overlay-gradient":""},"tablet":{"background-color":"var(--ast-global-color-5)","background-image":"","background-repeat":"repeat","background-position":"center center","background-size":"auto","background-attachment":"scroll","background-type":"","background-media":"","overlay-type":"","overlay-color":"","overlay-opacity":"","overlay-gradient":""},"mobile":{"background-color":"var(--ast-global-color-5)","background-image":"","background-repeat":"repeat","background-position":"center center","background-size":"auto","background-attachment":"scroll","background-type":"","background-media":"","overlay-type":"","overlay-color":"","overlay-opacity":"","overlay-gradient":""}},"footnotes":""},"categories":[12],"tags":[114],"class_list":["post-8419","post","type-post","status-publish","format-standard","has-post-thumbnail","hentry","category-promocio-2012","tag-sant-jordi"],"post_mailing_queue_ids":[],"_links":{"self":[{"href":"https:\/\/agora.xtec.cat\/ie-elcabreres\/wp-json\/wp\/v2\/posts\/8419","targetHints":{"allow":["GET"]}}],"collection":[{"href":"https:\/\/agora.xtec.cat\/ie-elcabreres\/wp-json\/wp\/v2\/posts"}],"about":[{"href":"https:\/\/agora.xtec.cat\/ie-elcabreres\/wp-json\/wp\/v2\/types\/post"}],"author":[{"embeddable":true,"href":"https:\/\/agora.xtec.cat\/ie-elcabreres\/wp-json\/wp\/v2\/users\/15"}],"replies":[{"embeddable":true,"href":"https:\/\/agora.xtec.cat\/ie-elcabreres\/wp-json\/wp\/v2\/comments?post=8419"}],"version-history":[{"count":1,"href":"https:\/\/agora.xtec.cat\/ie-elcabreres\/wp-json\/wp\/v2\/posts\/8419\/revisions"}],"predecessor-version":[{"id":8421,"href":"https:\/\/agora.xtec.cat\/ie-elcabreres\/wp-json\/wp\/v2\/posts\/8419\/revisions\/8421"}],"wp:featuredmedia":[{"embeddable":true,"href":"https:\/\/agora.xtec.cat\/ie-elcabreres\/wp-json\/wp\/v2\/media\/8420"}],"wp:attachment":[{"href":"https:\/\/agora.xtec.cat\/ie-elcabreres\/wp-json\/wp\/v2\/media?parent=8419"}],"wp:term":[{"taxonomy":"category","embeddable":true,"href":"https:\/\/agora.xtec.cat\/ie-elcabreres\/wp-json\/wp\/v2\/categories?post=8419"},{"taxonomy":"post_tag","embeddable":true,"href":"https:\/\/agora.xtec.cat\/ie-elcabreres\/wp-json\/wp\/v2\/tags?post=8419"}],"curies":[{"name":"wp","href":"https:\/\/api.w.org\/{rel}","templated":true}]}}