{"id":807,"date":"2020-08-09T11:48:39","date_gmt":"2020-08-09T09:48:39","guid":{"rendered":"https:\/\/agora.xtec.cat\/ie-elcabreres\/?p=807"},"modified":"2020-09-01T18:18:32","modified_gmt":"2020-09-01T16:18:32","slug":"preparem-el-nou-curs-2020-2021","status":"publish","type":"post","link":"https:\/\/agora.xtec.cat\/ie-elcabreres\/portada\/preparem-el-nou-curs-2020-2021\/","title":{"rendered":"PREPAREM EL NOU CURS 2020-2021"},"content":{"rendered":"<p>Benvolgudes fam\u00edlies,<br \/>\nJa falta poc per iniciar el curs 2020-2021. Us fem un recordatori de qu\u00e8 cal portar a l\u2019escola per comen\u00e7ar al setembre, enguany s&#8217;inclouen algunes novetats!<\/p>\n<p><b>MASCARETA:\u00a0 <\/b><span style=\"font-weight: 400;\">Caldr\u00e0 l\u2019\u00fas de mascareta per a entrar i sortir de l\u2019escola i per als moments en que no sigui possible el distanciament f\u00edsic entre els alumnes dels diferents grups estables. Recomanem que es porti mascareta marcada amb el nom. L\u2019escola proporcionar\u00e0 bosseta\/funda per a poder ser guardada quan no s\u2019utilitzi.<\/span><\/p>\n<p><b>CAL\u00c7AT PER CIRCULAR PER DINS DE L\u2019ESCOLA!<\/b><\/p>\n<p><span style=\"font-weight: 400;\">Els alumnes es canvien les sabates quan entren a l\u2019escola per minimitzar la sorra i la pols que hi ha a aules i passadissos. Cada alumne haur\u00e0 de tenir un cal\u00e7at net per circular per l\u2019escola (pot ser el mateix que utilitzen per Educaci\u00f3 F\u00edsica i M\u00fasica).\u00a0<\/span><\/p>\n<p><b>EQUIP DE PLUJA (botes d\u2019aigua i impermeable):<\/b><span style=\"font-weight: 400;\"> Per tal d\u2019aprofitar al m\u00e0xim l\u2019espai exterior i poder sortir encara que estigui moll, necessitem que cada alumne tingui unes botes d\u2019aigua i un impermeable a l\u2019escola marcats amb el nom.<\/span><\/p>\n<p><b>BATES: <\/b><span style=\"font-weight: 400;\">Els alumnes de P3 fins a 6\u00e8 utilitzen nom\u00e9s una bata per a fer pintura o manualitats, a poder ser cordada per davant (a l\u2019escola tamb\u00e9 reciclem bates, si en teniu que es puguin aprofitar ser\u00e0 benvinguda i si en voleu una tamb\u00e9 podeu consultar si n\u2019hi ha de la talla que necessiteu).<\/span><\/p>\n<p><b>ROBA I ALTRES OBJECTES: <\/b><span style=\"font-weight: 400;\">Les peces de roba i d\u2019altres objectes (carmanyoles, motxilles, sabatilles de gimn\u00e0stica i bossa per a les sabatilles, pitets, tovallons\u2026) han d\u2019anar marcats amb el nom en un lloc visible i les peces de roba cal tinguin una beta llarga o goma el\u00e0stica per tal que es puguin penjar.\u00a0<\/span><\/p>\n<p><span style=\"font-weight: 400;\">Els dies en que els vostres fills tinguin educaci\u00f3 f\u00edsica han de portar xandall i sabates d\u2019esport, per l\u2019exterior i sabatilles de gimn\u00e0stica o similars \/ cal\u00e7at net pel gimn\u00e0s.\u00a0<\/span><\/p>\n<p><b>MOTXILLA, ESTOIG i MATERIAL: <\/b><span style=\"font-weight: 400;\">\u00a0A Prim\u00e0ria a la motxilla hi ha de cabre una carpeta mida foli. I han de portar un estoig buit (que no sigui met\u00e0l\u00b7lic), a l\u2019escola els donarem el material necessari. No s\u2019ha de portar cap altre tipus de material escolar. Recomanem motxilles sense rodes.\u00a0<\/span><\/p>\n<p><b>MOCADORS I CANTIMPLORA:<\/b><\/p>\n<p><span style=\"font-weight: 400;\">\u00c9s necessari que portin una capsa de mocadors de paper i una cantimplora amb aigua. Els alumnes de P3 tamb\u00e9 cal que portin un paquet de tovalloletes humides.<\/span><\/p>\n<p><b>MENJADOR:\u00a0<\/b><\/p>\n<p><span style=\"font-weight: 400;\">Els alumnes que es queden a dinar han de portar tots un tovall\u00f3. Els alumnes d\u2019Educaci\u00f3 infantil (P3 i P4) a m\u00e9s, un pitet.<\/span><\/p>\n<p><b>ESMORZARS SALUDABLES:<\/b><\/p>\n<p><span style=\"font-weight: 400;\">\u00c9s molt important venir esmorzats de casa perqu\u00e8 els vostres fills puguin afrontar amb energia les activitats escolars fins a l\u2019hora d\u2019esbarjo. L\u2019esmorzar que es fa a l\u2019escola cal que sigui de la mida i quantitat adequada per a l\u2019edat i pr\u00e0ctics de menjar. Cal evitar esmorzars poc saludables o excessius (tenen poqueta estona i la necessiten per jugar). De tant en tant trobem entrepans a les papereres del pati; recordeu als vostres fills\/es que si no tenen m\u00e9s gana, guardin el que no s\u2019han pogut acabar i que a casa ho expliquin.<\/span><\/p>\n","protected":false},"excerpt":{"rendered":"<p>Benvolgudes fam\u00edlies, Ja falta poc per iniciar el curs 2020-2021. Us fem un recordatori de qu\u00e8 cal portar a l\u2019escola per comen\u00e7ar al setembre, enguany s&#8217;inclouen algunes novetats! MASCARETA:\u00a0 Caldr\u00e0 l\u2019\u00fas de mascareta per a entrar i sortir de l\u2019escola i per als moments en que no sigui possible el distanciament f\u00edsic entre els alumnes [&hellip;]<\/p>\n","protected":false},"author":4,"featured_media":808,"comment_status":"closed","ping_status":"closed","sticky":false,"template":"","format":"standard","meta":{"_bbp_topic_count":0,"_bbp_reply_count":0,"_bbp_total_topic_count":0,"_bbp_total_reply_count":0,"_bbp_voice_count":0,"_bbp_anonymous_reply_count":0,"_bbp_topic_count_hidden":0,"_bbp_reply_count_hidden":0,"_bbp_forum_subforum_count":0,"site-sidebar-layout":"default","site-content-layout":"","ast-site-content-layout":"","site-content-style":"default","site-sidebar-style":"default","ast-global-header-display":"","ast-banner-title-visibility":"","ast-main-header-display":"","ast-hfb-above-header-display":"","ast-hfb-below-header-display":"","ast-hfb-mobile-header-display":"","site-post-title":"","ast-breadcrumbs-content":"","ast-featured-img":"","footer-sml-layout":"","theme-transparent-header-meta":"","adv-header-id-meta":"","stick-header-meta":"","header-above-stick-meta":"","header-main-stick-meta":"","header-below-stick-meta":"","astra-migrate-meta-layouts":"default","ast-page-background-enabled":"default","ast-page-background-meta":{"desktop":{"background-color":"var(--ast-global-color-4)","background-image":"","background-repeat":"repeat","background-position":"center center","background-size":"auto","background-attachment":"scroll","background-type":"","background-media":"","overlay-type":"","overlay-color":"","overlay-opacity":"","overlay-gradient":""},"tablet":{"background-color":"","background-image":"","background-repeat":"repeat","background-position":"center center","background-size":"auto","background-attachment":"scroll","background-type":"","background-media":"","overlay-type":"","overlay-color":"","overlay-opacity":"","overlay-gradient":""},"mobile":{"background-color":"","background-image":"","background-repeat":"repeat","background-position":"center center","background-size":"auto","background-attachment":"scroll","background-type":"","background-media":"","overlay-type":"","overlay-color":"","overlay-opacity":"","overlay-gradient":""}},"ast-content-background-meta":{"desktop":{"background-color":"var(--ast-global-color-5)","background-image":"","background-repeat":"repeat","background-position":"center center","background-size":"auto","background-attachment":"scroll","background-type":"","background-media":"","overlay-type":"","overlay-color":"","overlay-opacity":"","overlay-gradient":""},"tablet":{"background-color":"var(--ast-global-color-5)","background-image":"","background-repeat":"repeat","background-position":"center center","background-size":"auto","background-attachment":"scroll","background-type":"","background-media":"","overlay-type":"","overlay-color":"","overlay-opacity":"","overlay-gradient":""},"mobile":{"background-color":"var(--ast-global-color-5)","background-image":"","background-repeat":"repeat","background-position":"center center","background-size":"auto","background-attachment":"scroll","background-type":"","background-media":"","overlay-type":"","overlay-color":"","overlay-opacity":"","overlay-gradient":""}},"footnotes":""},"categories":[11,12,13,8,9,10,4,15,14],"tags":[67,66],"class_list":["post-807","post","type-post","status-publish","format-standard","has-post-thumbnail","hentry","category-promocio-2013","category-promocio-2012","category-promocio-2011","category-promocio-2016","category-promocio-2015","category-promocio-2014","category-portada","category-promocio-2012-2021","category-promocio-2013-2022","tag-covid","tag-curs-20-21"],"post_mailing_queue_ids":[],"_links":{"self":[{"href":"https:\/\/agora.xtec.cat\/ie-elcabreres\/wp-json\/wp\/v2\/posts\/807","targetHints":{"allow":["GET"]}}],"collection":[{"href":"https:\/\/agora.xtec.cat\/ie-elcabreres\/wp-json\/wp\/v2\/posts"}],"about":[{"href":"https:\/\/agora.xtec.cat\/ie-elcabreres\/wp-json\/wp\/v2\/types\/post"}],"author":[{"embeddable":true,"href":"https:\/\/agora.xtec.cat\/ie-elcabreres\/wp-json\/wp\/v2\/users\/4"}],"replies":[{"embeddable":true,"href":"https:\/\/agora.xtec.cat\/ie-elcabreres\/wp-json\/wp\/v2\/comments?post=807"}],"version-history":[{"count":3,"href":"https:\/\/agora.xtec.cat\/ie-elcabreres\/wp-json\/wp\/v2\/posts\/807\/revisions"}],"predecessor-version":[{"id":836,"href":"https:\/\/agora.xtec.cat\/ie-elcabreres\/wp-json\/wp\/v2\/posts\/807\/revisions\/836"}],"wp:featuredmedia":[{"embeddable":true,"href":"https:\/\/agora.xtec.cat\/ie-elcabreres\/wp-json\/wp\/v2\/media\/808"}],"wp:attachment":[{"href":"https:\/\/agora.xtec.cat\/ie-elcabreres\/wp-json\/wp\/v2\/media?parent=807"}],"wp:term":[{"taxonomy":"category","embeddable":true,"href":"https:\/\/agora.xtec.cat\/ie-elcabreres\/wp-json\/wp\/v2\/categories?post=807"},{"taxonomy":"post_tag","embeddable":true,"href":"https:\/\/agora.xtec.cat\/ie-elcabreres\/wp-json\/wp\/v2\/tags?post=807"}],"curies":[{"name":"wp","href":"https:\/\/api.w.org\/{rel}","templated":true}]}}