{"id":7860,"date":"2023-02-11T10:00:29","date_gmt":"2023-02-11T09:00:29","guid":{"rendered":"https:\/\/agora.xtec.cat\/ie-elcabreres\/?p=7860"},"modified":"2023-02-11T16:15:37","modified_gmt":"2023-02-11T15:15:37","slug":"ha-arribat-el-carnastoltes-amb-la-primera-consigna","status":"publish","type":"post","link":"https:\/\/agora.xtec.cat\/ie-elcabreres\/general\/ha-arribat-el-carnastoltes-amb-la-primera-consigna\/","title":{"rendered":"Ha arribat el Carnestoltes amb la primera consigna!"},"content":{"rendered":"<p>Ja el tenim aqu\u00ed, el Carnestoltes ha tornat i avui ens ha demanat una consigna ben divertida! Aqu\u00ed teniu el seu discurs:<\/p>\n<p><a href=\"https:\/\/agora.xtec.cat\/ie-elcabreres\/wp-content\/uploads\/usu2186\/2023\/02\/IMG_1485-Copy-e1676105943573.jpg\"><img loading=\"lazy\" decoding=\"async\" class=\"aligncenter wp-image-7866 \" src=\"https:\/\/agora.xtec.cat\/ie-elcabreres\/wp-content\/uploads\/usu2186\/2023\/02\/IMG_1485-Copy-e1676105943573.jpg\" alt=\"\" width=\"458\" height=\"476\" srcset=\"https:\/\/agora.xtec.cat\/ie-elcabreres\/wp-content\/uploads\/usu2186\/2023\/02\/IMG_1485-Copy-e1676105943573.jpg 522w, https:\/\/agora.xtec.cat\/ie-elcabreres\/wp-content\/uploads\/usu2186\/2023\/02\/IMG_1485-Copy-e1676105943573-289x300.jpg 289w\" sizes=\"auto, (max-width: 458px) 100vw, 458px\" \/><\/a><\/p>\n<p style=\"text-align: center;\"><span style=\"font-weight: 400;\">Bon dia, nens i nenes des del m\u00e9s infant fins al m\u00e9s gran i sense deixar-me el professorat, vinc a inaugurar la setmana del Carnaval.<\/span><\/p>\n<p style=\"text-align: center;\"><span style=\"font-weight: 400;\">Sou l&#8217;escola de la Cabra Torta no? <\/span><span style=\"font-weight: 400;\">Ah b\u00e9, \u00e9s veritat perdoneu. Sou de l\u2019escola el Cabrer\u00e8s!<\/span><\/p>\n<p style=\"text-align: center;\"><span style=\"font-weight: 400;\">Vinc del m\u00f3n de les tonteries i estic segur que no aguantareu ni cinc dies.<\/span><\/p>\n<p style=\"text-align: center;\"><span style=\"font-weight: 400;\">Sabeu qui soc ja?\u00a0<\/span><span style=\"font-weight: 400;\">No ho heu descobert encara?\u00a0<\/span><span style=\"font-weight: 400;\">Soc el vostre rei Carnestoltes el rei de tots els poca-soltes i sabeu qu\u00e8? <\/span><span style=\"font-weight: 400;\">Per l\u2019escola m\u2019agrada passejar i moltes penyores poder regalar.<\/span><\/p>\n<p style=\"text-align: center;\"><span style=\"font-weight: 400;\"><b><a href=\"https:\/\/agora.xtec.cat\/ie-elcabreres\/wp-content\/uploads\/usu2186\/2023\/02\/cartell-dilluns-2_page-0001-Copy.jpg\"><img loading=\"lazy\" decoding=\"async\" class=\"wp-image-7865 size-full alignleft\" src=\"https:\/\/agora.xtec.cat\/ie-elcabreres\/wp-content\/uploads\/usu2186\/2023\/02\/cartell-dilluns-2_page-0001-Copy.jpg\" alt=\"\" width=\"768\" height=\"1024\" srcset=\"https:\/\/agora.xtec.cat\/ie-elcabreres\/wp-content\/uploads\/usu2186\/2023\/02\/cartell-dilluns-2_page-0001-Copy.jpg 768w, https:\/\/agora.xtec.cat\/ie-elcabreres\/wp-content\/uploads\/usu2186\/2023\/02\/cartell-dilluns-2_page-0001-Copy-225x300.jpg 225w\" sizes=\"auto, (max-width: 768px) 100vw, 768px\" \/><\/a><\/b>Ara b\u00e9, aix\u00f2 nom\u00e9s passar\u00e0 si les meves consignes no us atreviu a portar.<\/span><\/p>\n<p style=\"text-align: center;\"><span style=\"font-weight: 400;\">Per\u00f2 no patiu, perqu\u00e8 aquesta setmana ens divertirem i moltes bogeries farem.<\/span><\/p>\n<p style=\"text-align: center;\"><span style=\"font-weight: 400;\">Estic aqu\u00ed per portar-vos uns quants dies de diversi\u00f3 assegurada.<\/span><\/p>\n<p style=\"text-align: center;\"><span style=\"font-weight: 400;\">El dilluns comen\u00e7arem amb la consigna que ara escoltareu:<\/span><\/p>\n<p style=\"text-align: center;\"><b>Dilluns: ulleres esborrajades:<\/b><\/p>\n<p>&nbsp;<\/p>\n","protected":false},"excerpt":{"rendered":"<p>Ja el tenim aqu\u00ed, el Carnestoltes ha tornat i avui ens ha demanat una consigna ben divertida! Aqu\u00ed teniu el seu discurs: Bon dia, nens i nenes des del m\u00e9s infant fins al m\u00e9s gran i sense deixar-me el professorat, vinc a inaugurar la setmana del Carnaval. Sou l&#8217;escola de la Cabra Torta no? Ah [&hellip;]<\/p>\n","protected":false},"author":4,"featured_media":7865,"comment_status":"closed","ping_status":"closed","sticky":false,"template":"","format":"standard","meta":{"_bbp_topic_count":0,"_bbp_reply_count":0,"_bbp_total_topic_count":0,"_bbp_total_reply_count":0,"_bbp_voice_count":0,"_bbp_anonymous_reply_count":0,"_bbp_topic_count_hidden":0,"_bbp_reply_count_hidden":0,"_bbp_forum_subforum_count":0,"site-sidebar-layout":"default","site-content-layout":"","ast-site-content-layout":"","site-content-style":"default","site-sidebar-style":"default","ast-global-header-display":"","ast-banner-title-visibility":"","ast-main-header-display":"","ast-hfb-above-header-display":"","ast-hfb-below-header-display":"","ast-hfb-mobile-header-display":"","site-post-title":"","ast-breadcrumbs-content":"","ast-featured-img":"","footer-sml-layout":"","theme-transparent-header-meta":"","adv-header-id-meta":"","stick-header-meta":"","header-above-stick-meta":"","header-main-stick-meta":"","header-below-stick-meta":"","astra-migrate-meta-layouts":"default","ast-page-background-enabled":"default","ast-page-background-meta":{"desktop":{"background-color":"var(--ast-global-color-4)","background-image":"","background-repeat":"repeat","background-position":"center center","background-size":"auto","background-attachment":"scroll","background-type":"","background-media":"","overlay-type":"","overlay-color":"","overlay-opacity":"","overlay-gradient":""},"tablet":{"background-color":"","background-image":"","background-repeat":"repeat","background-position":"center center","background-size":"auto","background-attachment":"scroll","background-type":"","background-media":"","overlay-type":"","overlay-color":"","overlay-opacity":"","overlay-gradient":""},"mobile":{"background-color":"","background-image":"","background-repeat":"repeat","background-position":"center center","background-size":"auto","background-attachment":"scroll","background-type":"","background-media":"","overlay-type":"","overlay-color":"","overlay-opacity":"","overlay-gradient":""}},"ast-content-background-meta":{"desktop":{"background-color":"var(--ast-global-color-5)","background-image":"","background-repeat":"repeat","background-position":"center center","background-size":"auto","background-attachment":"scroll","background-type":"","background-media":"","overlay-type":"","overlay-color":"","overlay-opacity":"","overlay-gradient":""},"tablet":{"background-color":"var(--ast-global-color-5)","background-image":"","background-repeat":"repeat","background-position":"center center","background-size":"auto","background-attachment":"scroll","background-type":"","background-media":"","overlay-type":"","overlay-color":"","overlay-opacity":"","overlay-gradient":""},"mobile":{"background-color":"var(--ast-global-color-5)","background-image":"","background-repeat":"repeat","background-position":"center center","background-size":"auto","background-attachment":"scroll","background-type":"","background-media":"","overlay-type":"","overlay-color":"","overlay-opacity":"","overlay-gradient":""}},"footnotes":""},"categories":[1,4],"tags":[99],"class_list":["post-7860","post","type-post","status-publish","format-standard","has-post-thumbnail","hentry","category-general","category-portada","tag-carnaval"],"post_mailing_queue_ids":[],"_links":{"self":[{"href":"https:\/\/agora.xtec.cat\/ie-elcabreres\/wp-json\/wp\/v2\/posts\/7860","targetHints":{"allow":["GET"]}}],"collection":[{"href":"https:\/\/agora.xtec.cat\/ie-elcabreres\/wp-json\/wp\/v2\/posts"}],"about":[{"href":"https:\/\/agora.xtec.cat\/ie-elcabreres\/wp-json\/wp\/v2\/types\/post"}],"author":[{"embeddable":true,"href":"https:\/\/agora.xtec.cat\/ie-elcabreres\/wp-json\/wp\/v2\/users\/4"}],"replies":[{"embeddable":true,"href":"https:\/\/agora.xtec.cat\/ie-elcabreres\/wp-json\/wp\/v2\/comments?post=7860"}],"version-history":[{"count":3,"href":"https:\/\/agora.xtec.cat\/ie-elcabreres\/wp-json\/wp\/v2\/posts\/7860\/revisions"}],"predecessor-version":[{"id":7885,"href":"https:\/\/agora.xtec.cat\/ie-elcabreres\/wp-json\/wp\/v2\/posts\/7860\/revisions\/7885"}],"wp:featuredmedia":[{"embeddable":true,"href":"https:\/\/agora.xtec.cat\/ie-elcabreres\/wp-json\/wp\/v2\/media\/7865"}],"wp:attachment":[{"href":"https:\/\/agora.xtec.cat\/ie-elcabreres\/wp-json\/wp\/v2\/media?parent=7860"}],"wp:term":[{"taxonomy":"category","embeddable":true,"href":"https:\/\/agora.xtec.cat\/ie-elcabreres\/wp-json\/wp\/v2\/categories?post=7860"},{"taxonomy":"post_tag","embeddable":true,"href":"https:\/\/agora.xtec.cat\/ie-elcabreres\/wp-json\/wp\/v2\/tags?post=7860"}],"curies":[{"name":"wp","href":"https:\/\/api.w.org\/{rel}","templated":true}]}}