{"id":7793,"date":"2023-02-08T10:06:28","date_gmt":"2023-02-08T09:06:28","guid":{"rendered":"https:\/\/agora.xtec.cat\/ie-elcabreres\/?p=7793"},"modified":"2023-02-09T13:34:41","modified_gmt":"2023-02-09T12:34:41","slug":"setmana-de-la-pau-2023","status":"publish","type":"post","link":"https:\/\/agora.xtec.cat\/ie-elcabreres\/general\/setmana-de-la-pau-2023\/","title":{"rendered":"Setmana de la Pau 2023"},"content":{"rendered":"<p>El Dia Escolar de la No-viol\u00e8ncia i la Pau ( DENIP), fou fundat l&#8217;any 1964 pel poeta i educador mallorqu\u00ed Lloren\u00e7 Vidal Vidal, i \u00e9s una iniciativa d&#8217;Educaci\u00f3 No-violenta i Pacificadora, difosa internacionalment. Es porta a terme a escoles de tot el m\u00f3n, al voltant del 30 de gener (aniversari de la mort de Mahatma Gandhi). Un any ens hem unit a la iniciativa amb diferents activitats.<\/p>\n<p>Dilluns vam comen\u00e7ar tots junts amb una cantada compartida amb les fam\u00edlies.<\/p>\n<p><a href=\"https:\/\/agora.xtec.cat\/ie-elcabreres\/wp-content\/uploads\/usu2186\/2023\/02\/IMG-20230203-WA0017.jpg\"><img loading=\"lazy\" decoding=\"async\" class=\"wp-image-7794 aligncenter\" src=\"https:\/\/agora.xtec.cat\/ie-elcabreres\/wp-content\/uploads\/usu2186\/2023\/02\/IMG-20230203-WA0017.jpg\" alt=\"\" width=\"600\" height=\"450\" srcset=\"https:\/\/agora.xtec.cat\/ie-elcabreres\/wp-content\/uploads\/usu2186\/2023\/02\/IMG-20230203-WA0017.jpg 1024w, https:\/\/agora.xtec.cat\/ie-elcabreres\/wp-content\/uploads\/usu2186\/2023\/02\/IMG-20230203-WA0017-300x225.jpg 300w, https:\/\/agora.xtec.cat\/ie-elcabreres\/wp-content\/uploads\/usu2186\/2023\/02\/IMG-20230203-WA0017-768x576.jpg 768w, https:\/\/agora.xtec.cat\/ie-elcabreres\/wp-content\/uploads\/usu2186\/2023\/02\/IMG-20230203-WA0017-200x150.jpg 200w\" sizes=\"auto, (max-width: 600px) 100vw, 600px\" \/><\/a><\/p>\n<p>A prim\u00e0ria hem estat treballant els diferents Objectius de desenvolupament Sostenible i hem creat uns punts de llibre amb els nostres desitjos per fer el nostre m\u00f3n una mica millor. Desp\u00e9s ens els hem intercanviat i ara els guardem amb molt de carinyu.<\/p>\n<p>Tamb\u00e9 hem fet els tallers de participaci\u00f3 dins el projecte Veu i Bot.<\/p>\n<p><a href=\"https:\/\/agora.xtec.cat\/ie-elcabreres\/wp-content\/uploads\/usu2186\/2023\/02\/IMG_20230131_113554.jpg\"><img loading=\"lazy\" decoding=\"async\" class=\"wp-image-7779 aligncenter\" src=\"https:\/\/agora.xtec.cat\/ie-elcabreres\/wp-content\/uploads\/usu2186\/2023\/02\/IMG_20230131_113554.jpg\" alt=\"\" width=\"707\" height=\"337\" srcset=\"https:\/\/agora.xtec.cat\/ie-elcabreres\/wp-content\/uploads\/usu2186\/2023\/02\/IMG_20230131_113554.jpg 2081w, https:\/\/agora.xtec.cat\/ie-elcabreres\/wp-content\/uploads\/usu2186\/2023\/02\/IMG_20230131_113554-300x143.jpg 300w, https:\/\/agora.xtec.cat\/ie-elcabreres\/wp-content\/uploads\/usu2186\/2023\/02\/IMG_20230131_113554-1024x488.jpg 1024w, https:\/\/agora.xtec.cat\/ie-elcabreres\/wp-content\/uploads\/usu2186\/2023\/02\/IMG_20230131_113554-768x366.jpg 768w, https:\/\/agora.xtec.cat\/ie-elcabreres\/wp-content\/uploads\/usu2186\/2023\/02\/IMG_20230131_113554-1536x731.jpg 1536w, https:\/\/agora.xtec.cat\/ie-elcabreres\/wp-content\/uploads\/usu2186\/2023\/02\/IMG_20230131_113554-2048x975.jpg 2048w\" sizes=\"auto, (max-width: 707px) 100vw, 707px\" \/><\/a><a href=\"https:\/\/agora.xtec.cat\/ie-elcabreres\/wp-content\/uploads\/usu2186\/2023\/02\/20230131_102807-Copy-scaled.jpg\"> \u00a0<img loading=\"lazy\" decoding=\"async\" class=\"wp-image-7798 aligncenter\" src=\"https:\/\/agora.xtec.cat\/ie-elcabreres\/wp-content\/uploads\/usu2186\/2023\/02\/20230131_102807-Copy-scaled.jpg\" alt=\"\" width=\"601\" height=\"338\" srcset=\"https:\/\/agora.xtec.cat\/ie-elcabreres\/wp-content\/uploads\/usu2186\/2023\/02\/20230131_102807-Copy-scaled.jpg 2560w, https:\/\/agora.xtec.cat\/ie-elcabreres\/wp-content\/uploads\/usu2186\/2023\/02\/20230131_102807-Copy-300x169.jpg 300w, https:\/\/agora.xtec.cat\/ie-elcabreres\/wp-content\/uploads\/usu2186\/2023\/02\/20230131_102807-Copy-1024x577.jpg 1024w, https:\/\/agora.xtec.cat\/ie-elcabreres\/wp-content\/uploads\/usu2186\/2023\/02\/20230131_102807-Copy-768x432.jpg 768w, https:\/\/agora.xtec.cat\/ie-elcabreres\/wp-content\/uploads\/usu2186\/2023\/02\/20230131_102807-Copy-1536x865.jpg 1536w, https:\/\/agora.xtec.cat\/ie-elcabreres\/wp-content\/uploads\/usu2186\/2023\/02\/20230131_102807-Copy-2048x1153.jpg 2048w\" sizes=\"auto, (max-width: 601px) 100vw, 601px\" \/><\/a><\/p>\n<p>Pel DENIP 2023 la proposta era abordar la tem\u00e0tica de la Comunicaci\u00f3 No Violenta. Per fer-ho hem creat entre alumnes i fam\u00edlies, tres plafons amb paraules boniques.<\/p>\n<p>A les aules vam reflexionar sobre quines coses no ens agradava que ens diguessin i quines s\u00ed, i han estat aquestes coses boniques i agradables les que hem recollit.<\/p>\n<p><a href=\"https:\/\/agora.xtec.cat\/ie-elcabreres\/wp-content\/uploads\/usu2186\/2023\/02\/4-rotated.jpg\"><br \/>\n<img loading=\"lazy\" decoding=\"async\" class=\"wp-image-7785 alignleft\" src=\"https:\/\/agora.xtec.cat\/ie-elcabreres\/wp-content\/uploads\/usu2186\/2023\/02\/4-rotated.jpg\" alt=\"\" width=\"282\" height=\"500\" srcset=\"https:\/\/agora.xtec.cat\/ie-elcabreres\/wp-content\/uploads\/usu2186\/2023\/02\/4-rotated.jpg 384w, https:\/\/agora.xtec.cat\/ie-elcabreres\/wp-content\/uploads\/usu2186\/2023\/02\/4-169x300.jpg 169w\" sizes=\"auto, (max-width: 282px) 100vw, 282px\" \/><\/a><a href=\"https:\/\/agora.xtec.cat\/ie-elcabreres\/wp-content\/uploads\/usu2186\/2023\/02\/1675846285216.jpg\"><img loading=\"lazy\" decoding=\"async\" class=\"alignnone wp-image-7808\" src=\"https:\/\/agora.xtec.cat\/ie-elcabreres\/wp-content\/uploads\/usu2186\/2023\/02\/1675846285216-771x1024.jpg\" alt=\"\" width=\"410\" height=\"545\" srcset=\"https:\/\/agora.xtec.cat\/ie-elcabreres\/wp-content\/uploads\/usu2186\/2023\/02\/1675846285216-771x1024.jpg 771w, https:\/\/agora.xtec.cat\/ie-elcabreres\/wp-content\/uploads\/usu2186\/2023\/02\/1675846285216-226x300.jpg 226w, https:\/\/agora.xtec.cat\/ie-elcabreres\/wp-content\/uploads\/usu2186\/2023\/02\/1675846285216-768x1020.jpg 768w, https:\/\/agora.xtec.cat\/ie-elcabreres\/wp-content\/uploads\/usu2186\/2023\/02\/1675846285216-1157x1536.jpg 1157w, https:\/\/agora.xtec.cat\/ie-elcabreres\/wp-content\/uploads\/usu2186\/2023\/02\/1675846285216.jpg 1536w\" sizes=\"auto, (max-width: 410px) 100vw, 410px\" \/><\/a><\/p>\n<p>A m\u00e9s a la biblioteca hem tingut un recull de llibres sobre la Pau .<\/p>\n<p><a href=\"https:\/\/agora.xtec.cat\/ie-elcabreres\/wp-content\/uploads\/usu2186\/2023\/02\/1675846285205.jpg\"><img loading=\"lazy\" decoding=\"async\" class=\"alignnone size-large wp-image-7841\" src=\"https:\/\/agora.xtec.cat\/ie-elcabreres\/wp-content\/uploads\/usu2186\/2023\/02\/1675846285205-771x1024.jpg\" alt=\"\" width=\"771\" height=\"1024\" srcset=\"https:\/\/agora.xtec.cat\/ie-elcabreres\/wp-content\/uploads\/usu2186\/2023\/02\/1675846285205-771x1024.jpg 771w, https:\/\/agora.xtec.cat\/ie-elcabreres\/wp-content\/uploads\/usu2186\/2023\/02\/1675846285205-226x300.jpg 226w, https:\/\/agora.xtec.cat\/ie-elcabreres\/wp-content\/uploads\/usu2186\/2023\/02\/1675846285205-768x1020.jpg 768w, https:\/\/agora.xtec.cat\/ie-elcabreres\/wp-content\/uploads\/usu2186\/2023\/02\/1675846285205-1157x1536.jpg 1157w, https:\/\/agora.xtec.cat\/ie-elcabreres\/wp-content\/uploads\/usu2186\/2023\/02\/1675846285205.jpg 1536w\" sizes=\"auto, (max-width: 771px) 100vw, 771px\" \/><\/a><\/p>\n<p>&nbsp;<\/p>\n","protected":false},"excerpt":{"rendered":"<p>El Dia Escolar de la No-viol\u00e8ncia i la Pau ( DENIP), fou fundat l&#8217;any 1964 pel poeta i educador mallorqu\u00ed Lloren\u00e7 Vidal Vidal, i \u00e9s una iniciativa d&#8217;Educaci\u00f3 No-violenta i Pacificadora, difosa internacionalment. Es porta a terme a escoles de tot el m\u00f3n, al voltant del 30 de gener (aniversari de la mort de Mahatma [&hellip;]<\/p>\n","protected":false},"author":4,"featured_media":7794,"comment_status":"closed","ping_status":"closed","sticky":false,"template":"","format":"standard","meta":{"_bbp_topic_count":0,"_bbp_reply_count":0,"_bbp_total_topic_count":0,"_bbp_total_reply_count":0,"_bbp_voice_count":0,"_bbp_anonymous_reply_count":0,"_bbp_topic_count_hidden":0,"_bbp_reply_count_hidden":0,"_bbp_forum_subforum_count":0,"site-sidebar-layout":"default","site-content-layout":"","ast-site-content-layout":"","site-content-style":"default","site-sidebar-style":"default","ast-global-header-display":"","ast-banner-title-visibility":"","ast-main-header-display":"","ast-hfb-above-header-display":"","ast-hfb-below-header-display":"","ast-hfb-mobile-header-display":"","site-post-title":"","ast-breadcrumbs-content":"","ast-featured-img":"","footer-sml-layout":"","theme-transparent-header-meta":"","adv-header-id-meta":"","stick-header-meta":"","header-above-stick-meta":"","header-main-stick-meta":"","header-below-stick-meta":"","astra-migrate-meta-layouts":"default","ast-page-background-enabled":"default","ast-page-background-meta":{"desktop":{"background-color":"var(--ast-global-color-4)","background-image":"","background-repeat":"repeat","background-position":"center center","background-size":"auto","background-attachment":"scroll","background-type":"","background-media":"","overlay-type":"","overlay-color":"","overlay-opacity":"","overlay-gradient":""},"tablet":{"background-color":"","background-image":"","background-repeat":"repeat","background-position":"center center","background-size":"auto","background-attachment":"scroll","background-type":"","background-media":"","overlay-type":"","overlay-color":"","overlay-opacity":"","overlay-gradient":""},"mobile":{"background-color":"","background-image":"","background-repeat":"repeat","background-position":"center center","background-size":"auto","background-attachment":"scroll","background-type":"","background-media":"","overlay-type":"","overlay-color":"","overlay-opacity":"","overlay-gradient":""}},"ast-content-background-meta":{"desktop":{"background-color":"var(--ast-global-color-5)","background-image":"","background-repeat":"repeat","background-position":"center center","background-size":"auto","background-attachment":"scroll","background-type":"","background-media":"","overlay-type":"","overlay-color":"","overlay-opacity":"","overlay-gradient":""},"tablet":{"background-color":"var(--ast-global-color-5)","background-image":"","background-repeat":"repeat","background-position":"center center","background-size":"auto","background-attachment":"scroll","background-type":"","background-media":"","overlay-type":"","overlay-color":"","overlay-opacity":"","overlay-gradient":""},"mobile":{"background-color":"var(--ast-global-color-5)","background-image":"","background-repeat":"repeat","background-position":"center center","background-size":"auto","background-attachment":"scroll","background-type":"","background-media":"","overlay-type":"","overlay-color":"","overlay-opacity":"","overlay-gradient":""}},"footnotes":""},"categories":[1,4],"tags":[96,191],"class_list":["post-7793","post","type-post","status-publish","format-standard","has-post-thumbnail","hentry","category-general","category-portada","tag-denip","tag-setmana-de-la-pau"],"post_mailing_queue_ids":[],"_links":{"self":[{"href":"https:\/\/agora.xtec.cat\/ie-elcabreres\/wp-json\/wp\/v2\/posts\/7793","targetHints":{"allow":["GET"]}}],"collection":[{"href":"https:\/\/agora.xtec.cat\/ie-elcabreres\/wp-json\/wp\/v2\/posts"}],"about":[{"href":"https:\/\/agora.xtec.cat\/ie-elcabreres\/wp-json\/wp\/v2\/types\/post"}],"author":[{"embeddable":true,"href":"https:\/\/agora.xtec.cat\/ie-elcabreres\/wp-json\/wp\/v2\/users\/4"}],"replies":[{"embeddable":true,"href":"https:\/\/agora.xtec.cat\/ie-elcabreres\/wp-json\/wp\/v2\/comments?post=7793"}],"version-history":[{"count":3,"href":"https:\/\/agora.xtec.cat\/ie-elcabreres\/wp-json\/wp\/v2\/posts\/7793\/revisions"}],"predecessor-version":[{"id":7842,"href":"https:\/\/agora.xtec.cat\/ie-elcabreres\/wp-json\/wp\/v2\/posts\/7793\/revisions\/7842"}],"wp:featuredmedia":[{"embeddable":true,"href":"https:\/\/agora.xtec.cat\/ie-elcabreres\/wp-json\/wp\/v2\/media\/7794"}],"wp:attachment":[{"href":"https:\/\/agora.xtec.cat\/ie-elcabreres\/wp-json\/wp\/v2\/media?parent=7793"}],"wp:term":[{"taxonomy":"category","embeddable":true,"href":"https:\/\/agora.xtec.cat\/ie-elcabreres\/wp-json\/wp\/v2\/categories?post=7793"},{"taxonomy":"post_tag","embeddable":true,"href":"https:\/\/agora.xtec.cat\/ie-elcabreres\/wp-json\/wp\/v2\/tags?post=7793"}],"curies":[{"name":"wp","href":"https:\/\/api.w.org\/{rel}","templated":true}]}}