{"id":7518,"date":"2022-12-08T11:05:05","date_gmt":"2022-12-08T10:05:05","guid":{"rendered":"https:\/\/agora.xtec.cat\/ie-elcabreres\/?p=7518"},"modified":"2023-09-21T15:41:40","modified_gmt":"2023-09-21T13:41:40","slug":"santa-cecilia-2022","status":"publish","type":"post","link":"https:\/\/agora.xtec.cat\/ie-elcabreres\/general\/santa-cecilia-2022\/","title":{"rendered":"Santa Cec\u00edlia 2022"},"content":{"rendered":"<p dir=\"ltr\">El dia 22 de novembre va ser Santa Cec\u00edlia, la patrona dels m\u00fasics i des de l&#8217;escola s&#8217;ha fet un reconeixement a la gran import\u00e0ncia que t\u00e9 la m\u00fasica a les nostres vides.<\/p>\n<p dir=\"ltr\">Per aix\u00f2, vam poder gaudir d&#8217;uns dies molt musicals!<\/p>\n<p dir=\"ltr\">Dilluns i dimarts, va venir l&#8217;Anna Busanya a fer uns tallers de percussi\u00f3 corporal.<\/p>\n<p dir=\"ltr\">Al llarg de la setmana, uns quants pares i mares es van animar a tocar-nos can\u00e7ons molt conegudes i divertides, l&#8217;Ester, la Mariona, en Maiol, la Joana, en Roger i en Jordi ens van fer passar una bona estona.<\/p>\n<p dir=\"ltr\">Dijous, els nens i nenes varen fer una petita representaci\u00f3 musical a tota l&#8217;escola i aquesta setmana, la tanquem amb un tastet d&#8217;instruments. Durant l&#8217;hora de m\u00fasica, els i les alumnes que volen porten el seu instrument i ens canten i toquen una can\u00e7\u00f3!<\/p>\n<p dir=\"ltr\">Com va dir Leonard Cohen (1934-2016) &#8220;La m\u00fasica \u00e9s la vida emocional de la majoria de la gent&#8221; i aquesta setmana ha quedat demostrat!<\/p>\n<p dir=\"ltr\">Moltes gr\u00e0cies a tots i totes per la vostra participaci\u00f3!, i sobretot, visca la m\u00fasica!<\/p>\n<p dir=\"ltr\" style=\"text-align: center;\">Clicant a la imatge podreu veure un petit recull de fotografies de les activitats que vam fer.<\/p>\n<p dir=\"ltr\"><a href=\"https:\/\/drive.google.com\/drive\/folders\/1IVfCZZAXdX7mjh0_2n20huwWlwq5DzBm?usp=share_link\" target=\"_blank\" rel=\"noopener\"><img loading=\"lazy\" decoding=\"async\" class=\"aligncenter wp-image-7528\" src=\"https:\/\/agora.xtec.cat\/ie-elcabreres\/wp-content\/uploads\/usu2186\/2022\/12\/Santa-Cecilia-2022-1024x766.jpg\" alt=\"\" width=\"711\" height=\"532\" srcset=\"https:\/\/agora.xtec.cat\/ie-elcabreres\/wp-content\/uploads\/usu2186\/2022\/12\/Santa-Cecilia-2022-1024x766.jpg 1024w, https:\/\/agora.xtec.cat\/ie-elcabreres\/wp-content\/uploads\/usu2186\/2022\/12\/Santa-Cecilia-2022-300x224.jpg 300w, https:\/\/agora.xtec.cat\/ie-elcabreres\/wp-content\/uploads\/usu2186\/2022\/12\/Santa-Cecilia-2022-768x574.jpg 768w, https:\/\/agora.xtec.cat\/ie-elcabreres\/wp-content\/uploads\/usu2186\/2022\/12\/Santa-Cecilia-2022-1536x1149.jpg 1536w, https:\/\/agora.xtec.cat\/ie-elcabreres\/wp-content\/uploads\/usu2186\/2022\/12\/Santa-Cecilia-2022-200x150.jpg 200w, https:\/\/agora.xtec.cat\/ie-elcabreres\/wp-content\/uploads\/usu2186\/2022\/12\/Santa-Cecilia-2022.jpg 2000w\" sizes=\"auto, (max-width: 711px) 100vw, 711px\" \/><\/a><\/p>\n","protected":false},"excerpt":{"rendered":"<p>El dia 22 de novembre va ser Santa Cec\u00edlia, la patrona dels m\u00fasics i des de l&#8217;escola s&#8217;ha fet un reconeixement a la gran import\u00e0ncia que t\u00e9 la m\u00fasica a les nostres vides. Per aix\u00f2, vam poder gaudir d&#8217;uns dies molt musicals! Dilluns i dimarts, va venir l&#8217;Anna Busanya a fer uns tallers de percussi\u00f3 [&hellip;]<\/p>\n","protected":false},"author":4,"featured_media":7528,"comment_status":"closed","ping_status":"closed","sticky":false,"template":"","format":"standard","meta":{"_bbp_topic_count":0,"_bbp_reply_count":0,"_bbp_total_topic_count":0,"_bbp_total_reply_count":0,"_bbp_voice_count":0,"_bbp_anonymous_reply_count":0,"_bbp_topic_count_hidden":0,"_bbp_reply_count_hidden":0,"_bbp_forum_subforum_count":0,"site-sidebar-layout":"default","site-content-layout":"","ast-site-content-layout":"","site-content-style":"default","site-sidebar-style":"default","ast-global-header-display":"","ast-banner-title-visibility":"","ast-main-header-display":"","ast-hfb-above-header-display":"","ast-hfb-below-header-display":"","ast-hfb-mobile-header-display":"","site-post-title":"","ast-breadcrumbs-content":"","ast-featured-img":"","footer-sml-layout":"","theme-transparent-header-meta":"","adv-header-id-meta":"","stick-header-meta":"","header-above-stick-meta":"","header-main-stick-meta":"","header-below-stick-meta":"","astra-migrate-meta-layouts":"default","ast-page-background-enabled":"default","ast-page-background-meta":{"desktop":{"background-color":"var(--ast-global-color-4)","background-image":"","background-repeat":"repeat","background-position":"center center","background-size":"auto","background-attachment":"scroll","background-type":"","background-media":"","overlay-type":"","overlay-color":"","overlay-opacity":"","overlay-gradient":""},"tablet":{"background-color":"","background-image":"","background-repeat":"repeat","background-position":"center center","background-size":"auto","background-attachment":"scroll","background-type":"","background-media":"","overlay-type":"","overlay-color":"","overlay-opacity":"","overlay-gradient":""},"mobile":{"background-color":"","background-image":"","background-repeat":"repeat","background-position":"center center","background-size":"auto","background-attachment":"scroll","background-type":"","background-media":"","overlay-type":"","overlay-color":"","overlay-opacity":"","overlay-gradient":""}},"ast-content-background-meta":{"desktop":{"background-color":"var(--ast-global-color-5)","background-image":"","background-repeat":"repeat","background-position":"center center","background-size":"auto","background-attachment":"scroll","background-type":"","background-media":"","overlay-type":"","overlay-color":"","overlay-opacity":"","overlay-gradient":""},"tablet":{"background-color":"var(--ast-global-color-5)","background-image":"","background-repeat":"repeat","background-position":"center center","background-size":"auto","background-attachment":"scroll","background-type":"","background-media":"","overlay-type":"","overlay-color":"","overlay-opacity":"","overlay-gradient":""},"mobile":{"background-color":"var(--ast-global-color-5)","background-image":"","background-repeat":"repeat","background-position":"center center","background-size":"auto","background-attachment":"scroll","background-type":"","background-media":"","overlay-type":"","overlay-color":"","overlay-opacity":"","overlay-gradient":""}},"footnotes":""},"categories":[11,12,217,13,8,9,10,1,127,63,4],"tags":[100,136],"class_list":["post-7518","post","type-post","status-publish","format-standard","has-post-thumbnail","hentry","category-promocio-2013","category-promocio-2012","category-promocio-2017","category-promocio-2011","category-promocio-2016","category-promocio-2015","category-promocio-2014","category-general","category-infantil","category-musica","category-portada","tag-festes","tag-santa-cecilia"],"post_mailing_queue_ids":[],"_links":{"self":[{"href":"https:\/\/agora.xtec.cat\/ie-elcabreres\/wp-json\/wp\/v2\/posts\/7518","targetHints":{"allow":["GET"]}}],"collection":[{"href":"https:\/\/agora.xtec.cat\/ie-elcabreres\/wp-json\/wp\/v2\/posts"}],"about":[{"href":"https:\/\/agora.xtec.cat\/ie-elcabreres\/wp-json\/wp\/v2\/types\/post"}],"author":[{"embeddable":true,"href":"https:\/\/agora.xtec.cat\/ie-elcabreres\/wp-json\/wp\/v2\/users\/4"}],"replies":[{"embeddable":true,"href":"https:\/\/agora.xtec.cat\/ie-elcabreres\/wp-json\/wp\/v2\/comments?post=7518"}],"version-history":[{"count":4,"href":"https:\/\/agora.xtec.cat\/ie-elcabreres\/wp-json\/wp\/v2\/posts\/7518\/revisions"}],"predecessor-version":[{"id":7531,"href":"https:\/\/agora.xtec.cat\/ie-elcabreres\/wp-json\/wp\/v2\/posts\/7518\/revisions\/7531"}],"wp:featuredmedia":[{"embeddable":true,"href":"https:\/\/agora.xtec.cat\/ie-elcabreres\/wp-json\/wp\/v2\/media\/7528"}],"wp:attachment":[{"href":"https:\/\/agora.xtec.cat\/ie-elcabreres\/wp-json\/wp\/v2\/media?parent=7518"}],"wp:term":[{"taxonomy":"category","embeddable":true,"href":"https:\/\/agora.xtec.cat\/ie-elcabreres\/wp-json\/wp\/v2\/categories?post=7518"},{"taxonomy":"post_tag","embeddable":true,"href":"https:\/\/agora.xtec.cat\/ie-elcabreres\/wp-json\/wp\/v2\/tags?post=7518"}],"curies":[{"name":"wp","href":"https:\/\/api.w.org\/{rel}","templated":true}]}}