{"id":7226,"date":"2022-10-23T12:51:28","date_gmt":"2022-10-23T10:51:28","guid":{"rendered":"https:\/\/agora.xtec.cat\/ie-elcabreres\/?p=7226"},"modified":"2024-02-06T13:54:08","modified_gmt":"2024-02-06T12:54:08","slug":"setmana-bio-de-4t","status":"publish","type":"post","link":"https:\/\/agora.xtec.cat\/ie-elcabreres\/promocio-2013\/setmana-bio-de-4t\/","title":{"rendered":"Setmana Bio de 4t"},"content":{"rendered":"<p>Aquesta \u00faltima setmana ha estat molt especial, tota l&#8217;escola hem fet activitats referents al medi ambient, la sostenibilitat, la cura de l&#8217;entorn i la producci\u00f3 local: <strong>La setmana Bio.<\/strong><\/p>\n<p>Dilluns vam comen\u00e7ar amb una visita a la riera de la Gorga on vam fer diferents mesures i an\u00e0lisis de l&#8217;aigua dins el Projecte Rius.<\/p>\n<p><a href=\"https:\/\/agora.xtec.cat\/ie-elcabreres\/wp-content\/uploads\/usu2186\/2022\/10\/20221017_103454-scaled.jpg\"><img loading=\"lazy\" decoding=\"async\" class=\"alignnone wp-image-7238 size-medium\" src=\"https:\/\/agora.xtec.cat\/ie-elcabreres\/wp-content\/uploads\/usu2186\/2022\/10\/20221017_103454-300x225.jpg\" alt=\"\" width=\"300\" height=\"225\" srcset=\"https:\/\/agora.xtec.cat\/ie-elcabreres\/wp-content\/uploads\/usu2186\/2022\/10\/20221017_103454-300x225.jpg 300w, https:\/\/agora.xtec.cat\/ie-elcabreres\/wp-content\/uploads\/usu2186\/2022\/10\/20221017_103454-1024x768.jpg 1024w, https:\/\/agora.xtec.cat\/ie-elcabreres\/wp-content\/uploads\/usu2186\/2022\/10\/20221017_103454-768x576.jpg 768w, https:\/\/agora.xtec.cat\/ie-elcabreres\/wp-content\/uploads\/usu2186\/2022\/10\/20221017_103454-1536x1152.jpg 1536w, https:\/\/agora.xtec.cat\/ie-elcabreres\/wp-content\/uploads\/usu2186\/2022\/10\/20221017_103454-2048x1536.jpg 2048w, https:\/\/agora.xtec.cat\/ie-elcabreres\/wp-content\/uploads\/usu2186\/2022\/10\/20221017_103454-200x150.jpg 200w\" sizes=\"auto, (max-width: 300px) 100vw, 300px\" \/>\u00a0 <\/a><a href=\"https:\/\/agora.xtec.cat\/ie-elcabreres\/wp-content\/uploads\/usu2186\/2022\/10\/20221017_103245-Copy.jpg\"><img loading=\"lazy\" decoding=\"async\" class=\"alignnone size-medium wp-image-7243\" src=\"https:\/\/agora.xtec.cat\/ie-elcabreres\/wp-content\/uploads\/usu2186\/2022\/10\/20221017_103245-Copy-300x225.jpg\" alt=\"\" width=\"300\" height=\"225\" srcset=\"https:\/\/agora.xtec.cat\/ie-elcabreres\/wp-content\/uploads\/usu2186\/2022\/10\/20221017_103245-Copy-300x225.jpg 300w, https:\/\/agora.xtec.cat\/ie-elcabreres\/wp-content\/uploads\/usu2186\/2022\/10\/20221017_103245-Copy-768x576.jpg 768w, https:\/\/agora.xtec.cat\/ie-elcabreres\/wp-content\/uploads\/usu2186\/2022\/10\/20221017_103245-Copy-200x150.jpg 200w, https:\/\/agora.xtec.cat\/ie-elcabreres\/wp-content\/uploads\/usu2186\/2022\/10\/20221017_103245-Copy.jpg 1024w\" sizes=\"auto, (max-width: 300px) 100vw, 300px\" \/> <\/a><a href=\"https:\/\/agora.xtec.cat\/ie-elcabreres\/wp-content\/uploads\/usu2186\/2022\/10\/20221017_103311-Copy.jpg\"><img loading=\"lazy\" decoding=\"async\" class=\"alignnone size-medium wp-image-7244\" src=\"https:\/\/agora.xtec.cat\/ie-elcabreres\/wp-content\/uploads\/usu2186\/2022\/10\/20221017_103311-Copy-300x225.jpg\" alt=\"\" width=\"300\" height=\"225\" srcset=\"https:\/\/agora.xtec.cat\/ie-elcabreres\/wp-content\/uploads\/usu2186\/2022\/10\/20221017_103311-Copy-300x225.jpg 300w, https:\/\/agora.xtec.cat\/ie-elcabreres\/wp-content\/uploads\/usu2186\/2022\/10\/20221017_103311-Copy-768x576.jpg 768w, https:\/\/agora.xtec.cat\/ie-elcabreres\/wp-content\/uploads\/usu2186\/2022\/10\/20221017_103311-Copy-200x150.jpg 200w, https:\/\/agora.xtec.cat\/ie-elcabreres\/wp-content\/uploads\/usu2186\/2022\/10\/20221017_103311-Copy.jpg 1024w\" sizes=\"auto, (max-width: 300px) 100vw, 300px\" \/> <\/a><a href=\"https:\/\/agora.xtec.cat\/ie-elcabreres\/wp-content\/uploads\/usu2186\/2022\/10\/20221017_103319-Copy.jpg\"><img loading=\"lazy\" decoding=\"async\" class=\"alignnone size-medium wp-image-7245\" src=\"https:\/\/agora.xtec.cat\/ie-elcabreres\/wp-content\/uploads\/usu2186\/2022\/10\/20221017_103319-Copy-300x225.jpg\" alt=\"\" width=\"300\" height=\"225\" srcset=\"https:\/\/agora.xtec.cat\/ie-elcabreres\/wp-content\/uploads\/usu2186\/2022\/10\/20221017_103319-Copy-300x225.jpg 300w, https:\/\/agora.xtec.cat\/ie-elcabreres\/wp-content\/uploads\/usu2186\/2022\/10\/20221017_103319-Copy-768x576.jpg 768w, https:\/\/agora.xtec.cat\/ie-elcabreres\/wp-content\/uploads\/usu2186\/2022\/10\/20221017_103319-Copy-200x150.jpg 200w, https:\/\/agora.xtec.cat\/ie-elcabreres\/wp-content\/uploads\/usu2186\/2022\/10\/20221017_103319-Copy.jpg 1024w\" sizes=\"auto, (max-width: 300px) 100vw, 300px\" \/><\/a><\/p>\n<p>Dimarts vam fer una sortida per l&#8217;entorn i vam aprofitar per fer les activitats a les Comes que no hav\u00edem pogut fer a les col\u00f2nies per culpa de la pluja.<\/p>\n<p><a href=\"https:\/\/agora.xtec.cat\/ie-elcabreres\/wp-content\/uploads\/usu2186\/2022\/10\/IMG_20221018_141640-Copy.jpg\"><img loading=\"lazy\" decoding=\"async\" class=\"alignnone wp-image-7239 \" src=\"https:\/\/agora.xtec.cat\/ie-elcabreres\/wp-content\/uploads\/usu2186\/2022\/10\/IMG_20221018_141640-Copy-300x169.jpg\" alt=\"\" width=\"382\" height=\"215\" srcset=\"https:\/\/agora.xtec.cat\/ie-elcabreres\/wp-content\/uploads\/usu2186\/2022\/10\/IMG_20221018_141640-Copy-300x169.jpg 300w, https:\/\/agora.xtec.cat\/ie-elcabreres\/wp-content\/uploads\/usu2186\/2022\/10\/IMG_20221018_141640-Copy-768x433.jpg 768w, https:\/\/agora.xtec.cat\/ie-elcabreres\/wp-content\/uploads\/usu2186\/2022\/10\/IMG_20221018_141640-Copy.jpg 1024w\" sizes=\"auto, (max-width: 382px) 100vw, 382px\" \/> <\/a><a href=\"https:\/\/agora.xtec.cat\/ie-elcabreres\/wp-content\/uploads\/usu2186\/2022\/10\/IMG_0830-Copy.jpg\"><img loading=\"lazy\" decoding=\"async\" class=\"alignnone size-medium wp-image-7246\" src=\"https:\/\/agora.xtec.cat\/ie-elcabreres\/wp-content\/uploads\/usu2186\/2022\/10\/IMG_0830-Copy-300x225.jpg\" alt=\"\" width=\"300\" height=\"225\" srcset=\"https:\/\/agora.xtec.cat\/ie-elcabreres\/wp-content\/uploads\/usu2186\/2022\/10\/IMG_0830-Copy-300x225.jpg 300w, https:\/\/agora.xtec.cat\/ie-elcabreres\/wp-content\/uploads\/usu2186\/2022\/10\/IMG_0830-Copy-768x576.jpg 768w, https:\/\/agora.xtec.cat\/ie-elcabreres\/wp-content\/uploads\/usu2186\/2022\/10\/IMG_0830-Copy-200x150.jpg 200w, https:\/\/agora.xtec.cat\/ie-elcabreres\/wp-content\/uploads\/usu2186\/2022\/10\/IMG_0830-Copy.jpg 1024w\" sizes=\"auto, (max-width: 300px) 100vw, 300px\" \/> <\/a><a href=\"https:\/\/agora.xtec.cat\/ie-elcabreres\/wp-content\/uploads\/usu2186\/2022\/10\/IMG_20221018_123747-Copy.jpg\">\u00a0<\/a><a href=\"https:\/\/agora.xtec.cat\/ie-elcabreres\/wp-content\/uploads\/usu2186\/2022\/10\/20221018_105827-Copy.jpg\"><img loading=\"lazy\" decoding=\"async\" class=\"alignnone wp-image-7248\" src=\"https:\/\/agora.xtec.cat\/ie-elcabreres\/wp-content\/uploads\/usu2186\/2022\/10\/20221018_105827-Copy-300x135.jpg\" alt=\"\" width=\"511\" height=\"230\" srcset=\"https:\/\/agora.xtec.cat\/ie-elcabreres\/wp-content\/uploads\/usu2186\/2022\/10\/20221018_105827-Copy-300x135.jpg 300w, https:\/\/agora.xtec.cat\/ie-elcabreres\/wp-content\/uploads\/usu2186\/2022\/10\/20221018_105827-Copy-768x347.jpg 768w, https:\/\/agora.xtec.cat\/ie-elcabreres\/wp-content\/uploads\/usu2186\/2022\/10\/20221018_105827-Copy.jpg 1024w\" sizes=\"auto, (max-width: 511px) 100vw, 511px\" \/><\/a><\/p>\n<p><a href=\"https:\/\/agora.xtec.cat\/ie-elcabreres\/wp-content\/uploads\/usu2186\/2022\/10\/20221018_121904-Copy.jpg\"><img loading=\"lazy\" decoding=\"async\" class=\"alignnone wp-image-7249\" src=\"https:\/\/agora.xtec.cat\/ie-elcabreres\/wp-content\/uploads\/usu2186\/2022\/10\/20221018_121904-Copy-135x300.jpg\" alt=\"\" width=\"197\" height=\"438\" \/><\/a><a style=\"color: #2795b6;\" href=\"https:\/\/agora.xtec.cat\/ie-elcabreres\/wp-content\/uploads\/usu2186\/2022\/10\/IMG_20221018_123747-Copy.jpg\"> <img loading=\"lazy\" decoding=\"async\" class=\"alignnone wp-image-7247\" src=\"https:\/\/agora.xtec.cat\/ie-elcabreres\/wp-content\/uploads\/usu2186\/2022\/10\/IMG_20221018_123747-Copy-169x300.jpg\" alt=\"\" width=\"246\" height=\"437\" srcset=\"https:\/\/agora.xtec.cat\/ie-elcabreres\/wp-content\/uploads\/usu2186\/2022\/10\/IMG_20221018_123747-Copy-169x300.jpg 169w, https:\/\/agora.xtec.cat\/ie-elcabreres\/wp-content\/uploads\/usu2186\/2022\/10\/IMG_20221018_123747-Copy.jpg 432w\" sizes=\"auto, (max-width: 246px) 100vw, 246px\" \/><\/a><\/p>\n<p>Dimecres vam rebre la visita d&#8217;en Roger Riudavets i ens va parlar de com produeix formatges.<\/p>\n<p><a href=\"https:\/\/agora.xtec.cat\/ie-elcabreres\/wp-content\/uploads\/usu2186\/2022\/10\/IMG-20221023-WA0008-Copy.jpg\"><img loading=\"lazy\" decoding=\"async\" class=\"alignnone size-medium wp-image-7250\" src=\"https:\/\/agora.xtec.cat\/ie-elcabreres\/wp-content\/uploads\/usu2186\/2022\/10\/IMG-20221023-WA0008-Copy-300x168.jpg\" alt=\"\" width=\"300\" height=\"168\" srcset=\"https:\/\/agora.xtec.cat\/ie-elcabreres\/wp-content\/uploads\/usu2186\/2022\/10\/IMG-20221023-WA0008-Copy-300x168.jpg 300w, https:\/\/agora.xtec.cat\/ie-elcabreres\/wp-content\/uploads\/usu2186\/2022\/10\/IMG-20221023-WA0008-Copy-768x431.jpg 768w, https:\/\/agora.xtec.cat\/ie-elcabreres\/wp-content\/uploads\/usu2186\/2022\/10\/IMG-20221023-WA0008-Copy.jpg 1024w\" sizes=\"auto, (max-width: 300px) 100vw, 300px\" \/><\/a><\/p>\n<p>Dijous al mat\u00ed vam fer ja la tradicional batuda verda, tot realitzant una ruta circular des de l&#8217;escola, fins al carrer nou i despr\u00e9s vam anar fins a La Bertrana i vam tornar pel Pedr\u00f3. Vam recollir for\u00e7a deixalles, per\u00f2 estem contents perqu\u00e8 ho vam trobar molt m\u00e9s nets que altres anys!<\/p>\n<p><a href=\"https:\/\/agora.xtec.cat\/ie-elcabreres\/wp-content\/uploads\/usu2186\/2022\/10\/20221020_094259-Copy.jpg\"><img loading=\"lazy\" decoding=\"async\" class=\"alignnone wp-image-7240\" src=\"https:\/\/agora.xtec.cat\/ie-elcabreres\/wp-content\/uploads\/usu2186\/2022\/10\/20221020_094259-Copy-300x135.jpg\" alt=\"\" width=\"382\" height=\"172\" srcset=\"https:\/\/agora.xtec.cat\/ie-elcabreres\/wp-content\/uploads\/usu2186\/2022\/10\/20221020_094259-Copy-300x135.jpg 300w, https:\/\/agora.xtec.cat\/ie-elcabreres\/wp-content\/uploads\/usu2186\/2022\/10\/20221020_094259-Copy-768x347.jpg 768w, https:\/\/agora.xtec.cat\/ie-elcabreres\/wp-content\/uploads\/usu2186\/2022\/10\/20221020_094259-Copy.jpg 1024w\" sizes=\"auto, (max-width: 382px) 100vw, 382px\" \/> <\/a><a href=\"https:\/\/agora.xtec.cat\/ie-elcabreres\/wp-content\/uploads\/usu2186\/2022\/10\/20221020_115521-1-Copy.jpg\"><img loading=\"lazy\" decoding=\"async\" class=\"alignnone wp-image-7251\" src=\"https:\/\/agora.xtec.cat\/ie-elcabreres\/wp-content\/uploads\/usu2186\/2022\/10\/20221020_115521-1-Copy-300x135.jpg\" alt=\"\" width=\"380\" height=\"171\" srcset=\"https:\/\/agora.xtec.cat\/ie-elcabreres\/wp-content\/uploads\/usu2186\/2022\/10\/20221020_115521-1-Copy-300x135.jpg 300w, https:\/\/agora.xtec.cat\/ie-elcabreres\/wp-content\/uploads\/usu2186\/2022\/10\/20221020_115521-1-Copy-768x347.jpg 768w, https:\/\/agora.xtec.cat\/ie-elcabreres\/wp-content\/uploads\/usu2186\/2022\/10\/20221020_115521-1-Copy.jpg 1024w\" sizes=\"auto, (max-width: 380px) 100vw, 380px\" \/><\/a><\/p>\n<p><a href=\"https:\/\/agora.xtec.cat\/ie-elcabreres\/wp-content\/uploads\/usu2186\/2022\/10\/20221020_101229-1-Copy.jpg\"><img loading=\"lazy\" decoding=\"async\" class=\"alignnone wp-image-7253\" src=\"https:\/\/agora.xtec.cat\/ie-elcabreres\/wp-content\/uploads\/usu2186\/2022\/10\/20221020_101229-1-Copy-135x300.jpg\" alt=\"\" width=\"205\" height=\"456\" srcset=\"https:\/\/agora.xtec.cat\/ie-elcabreres\/wp-content\/uploads\/usu2186\/2022\/10\/20221020_101229-1-Copy-135x300.jpg 135w, https:\/\/agora.xtec.cat\/ie-elcabreres\/wp-content\/uploads\/usu2186\/2022\/10\/20221020_101229-1-Copy.jpg 346w\" sizes=\"auto, (max-width: 205px) 100vw, 205px\" \/><\/a> <img loading=\"lazy\" decoding=\"async\" class=\"alignnone wp-image-7252\" src=\"https:\/\/agora.xtec.cat\/ie-elcabreres\/wp-content\/uploads\/usu2186\/2022\/10\/20221021_091905-1-Copy-135x300.jpg\" alt=\"\" width=\"205\" height=\"456\" srcset=\"https:\/\/agora.xtec.cat\/ie-elcabreres\/wp-content\/uploads\/usu2186\/2022\/10\/20221021_091905-1-Copy-135x300.jpg 135w, https:\/\/agora.xtec.cat\/ie-elcabreres\/wp-content\/uploads\/usu2186\/2022\/10\/20221021_091905-1-Copy.jpg 346w\" sizes=\"auto, (max-width: 205px) 100vw, 205px\" \/><\/p>\n<p>Aquella mateixa tarda tamb\u00e9 va venir l&#8217;Albert Codina i ens va parlar de l&#8217;elaboraci\u00f3 artesana d&#8217;embotits i la import\u00e0ncia del comer\u00e7 local.<\/p>\n<p>I per \u00faltim la setmana va acabar amb una fan\u00e0tica fira mediambiental on vam fer tallers de menjadores per ocells, dibuixos amb fulles, llibretes reciclades i pinxos de fruita. Al mateix temps van anar reconstruint els hotels d&#8217;insectes i escoltant contes relacionats amb la natura. Tamb\u00e9 van venir de l&#8217;Associaci\u00f3 Tapis a fer-nos un taller de com es fa el paper. A m\u00e9s a m\u00e9s, vam estar traient cautx\u00fa de la bassa de la Pollancreda, EN VAM TREURE 112 KILOGRAMS!!, i encara en va quedar for\u00e7a!<\/p>\n<p><a href=\"https:\/\/agora.xtec.cat\/ie-elcabreres\/wp-content\/uploads\/usu2186\/2022\/10\/20221021_101903-Copy.jpg\">\u00a0<\/a><a href=\"https:\/\/agora.xtec.cat\/ie-elcabreres\/wp-content\/uploads\/usu2186\/2022\/10\/1666516543005.jpg\"><img loading=\"lazy\" decoding=\"async\" class=\"alignnone wp-image-7254 size-large\" src=\"https:\/\/agora.xtec.cat\/ie-elcabreres\/wp-content\/uploads\/usu2186\/2022\/10\/1666516543005-1024x163.jpg\" alt=\"\" width=\"1024\" height=\"163\" srcset=\"https:\/\/agora.xtec.cat\/ie-elcabreres\/wp-content\/uploads\/usu2186\/2022\/10\/1666516543005-1024x163.jpg 1024w, https:\/\/agora.xtec.cat\/ie-elcabreres\/wp-content\/uploads\/usu2186\/2022\/10\/1666516543005-300x48.jpg 300w, https:\/\/agora.xtec.cat\/ie-elcabreres\/wp-content\/uploads\/usu2186\/2022\/10\/1666516543005-768x122.jpg 768w, https:\/\/agora.xtec.cat\/ie-elcabreres\/wp-content\/uploads\/usu2186\/2022\/10\/1666516543005-1536x244.jpg 1536w, https:\/\/agora.xtec.cat\/ie-elcabreres\/wp-content\/uploads\/usu2186\/2022\/10\/1666516543005.jpg 1600w\" sizes=\"auto, (max-width: 1024px) 100vw, 1024px\" \/>\u00a0<\/a><\/p>\n<p>I vam rematar la setmana amb uns mandales i un berenar saludable compartit amb els nostres GANOCS!<\/p>\n<p><a href=\"https:\/\/agora.xtec.cat\/ie-elcabreres\/wp-content\/uploads\/usu2186\/2022\/10\/20221021_151851-1-Copy.jpg\"><img loading=\"lazy\" decoding=\"async\" class=\"alignnone wp-image-7242\" src=\"https:\/\/agora.xtec.cat\/ie-elcabreres\/wp-content\/uploads\/usu2186\/2022\/10\/20221021_151851-1-Copy-135x300.jpg\" alt=\"\" width=\"186\" height=\"413\" srcset=\"https:\/\/agora.xtec.cat\/ie-elcabreres\/wp-content\/uploads\/usu2186\/2022\/10\/20221021_151851-1-Copy-135x300.jpg 135w, https:\/\/agora.xtec.cat\/ie-elcabreres\/wp-content\/uploads\/usu2186\/2022\/10\/20221021_151851-1-Copy.jpg 346w\" sizes=\"auto, (max-width: 186px) 100vw, 186px\" \/> <\/a><a href=\"https:\/\/agora.xtec.cat\/ie-elcabreres\/wp-content\/uploads\/usu2186\/2022\/10\/1666513358952-Copy.jpg\"><img loading=\"lazy\" decoding=\"async\" class=\"alignnone wp-image-7256\" src=\"https:\/\/agora.xtec.cat\/ie-elcabreres\/wp-content\/uploads\/usu2186\/2022\/10\/1666513358952-Copy-300x139.jpg\" alt=\"\" width=\"464\" height=\"215\" srcset=\"https:\/\/agora.xtec.cat\/ie-elcabreres\/wp-content\/uploads\/usu2186\/2022\/10\/1666513358952-Copy-300x139.jpg 300w, https:\/\/agora.xtec.cat\/ie-elcabreres\/wp-content\/uploads\/usu2186\/2022\/10\/1666513358952-Copy-768x355.jpg 768w, https:\/\/agora.xtec.cat\/ie-elcabreres\/wp-content\/uploads\/usu2186\/2022\/10\/1666513358952-Copy.jpg 1024w\" sizes=\"auto, (max-width: 464px) 100vw, 464px\" \/><\/a><\/p>\n<p>Una setmana intensa, plena d&#8217;emocions i aprenentatges!<\/p>\n<p>&nbsp;<\/p>\n","protected":false},"excerpt":{"rendered":"<p>Aquesta \u00faltima setmana ha estat molt especial, tota l&#8217;escola hem fet activitats referents al medi ambient, la sostenibilitat, la cura de l&#8217;entorn i la producci\u00f3 local: La setmana Bio. Dilluns vam comen\u00e7ar amb una visita a la riera de la Gorga on vam fer diferents mesures i an\u00e0lisis de l&#8217;aigua dins el Projecte Rius. \u00a0 [&hellip;]<\/p>\n","protected":false},"author":4,"featured_media":7254,"comment_status":"closed","ping_status":"closed","sticky":false,"template":"","format":"standard","meta":{"_bbp_topic_count":0,"_bbp_reply_count":0,"_bbp_total_topic_count":0,"_bbp_total_reply_count":0,"_bbp_voice_count":0,"_bbp_anonymous_reply_count":0,"_bbp_topic_count_hidden":0,"_bbp_reply_count_hidden":0,"_bbp_forum_subforum_count":0,"site-sidebar-layout":"default","site-content-layout":"","ast-site-content-layout":"","site-content-style":"default","site-sidebar-style":"default","ast-global-header-display":"","ast-banner-title-visibility":"","ast-main-header-display":"","ast-hfb-above-header-display":"","ast-hfb-below-header-display":"","ast-hfb-mobile-header-display":"","site-post-title":"","ast-breadcrumbs-content":"","ast-featured-img":"","footer-sml-layout":"","theme-transparent-header-meta":"","adv-header-id-meta":"","stick-header-meta":"","header-above-stick-meta":"","header-main-stick-meta":"","header-below-stick-meta":"","astra-migrate-meta-layouts":"default","ast-page-background-enabled":"default","ast-page-background-meta":{"desktop":{"background-color":"var(--ast-global-color-4)","background-image":"","background-repeat":"repeat","background-position":"center center","background-size":"auto","background-attachment":"scroll","background-type":"","background-media":"","overlay-type":"","overlay-color":"","overlay-opacity":"","overlay-gradient":""},"tablet":{"background-color":"","background-image":"","background-repeat":"repeat","background-position":"center center","background-size":"auto","background-attachment":"scroll","background-type":"","background-media":"","overlay-type":"","overlay-color":"","overlay-opacity":"","overlay-gradient":""},"mobile":{"background-color":"","background-image":"","background-repeat":"repeat","background-position":"center center","background-size":"auto","background-attachment":"scroll","background-type":"","background-media":"","overlay-type":"","overlay-color":"","overlay-opacity":"","overlay-gradient":""}},"ast-content-background-meta":{"desktop":{"background-color":"var(--ast-global-color-5)","background-image":"","background-repeat":"repeat","background-position":"center center","background-size":"auto","background-attachment":"scroll","background-type":"","background-media":"","overlay-type":"","overlay-color":"","overlay-opacity":"","overlay-gradient":""},"tablet":{"background-color":"var(--ast-global-color-5)","background-image":"","background-repeat":"repeat","background-position":"center center","background-size":"auto","background-attachment":"scroll","background-type":"","background-media":"","overlay-type":"","overlay-color":"","overlay-opacity":"","overlay-gradient":""},"mobile":{"background-color":"var(--ast-global-color-5)","background-image":"","background-repeat":"repeat","background-position":"center center","background-size":"auto","background-attachment":"scroll","background-type":"","background-media":"","overlay-type":"","overlay-color":"","overlay-opacity":"","overlay-gradient":""}},"footnotes":""},"categories":[11],"tags":[211,80],"class_list":["post-7226","post","type-post","status-publish","format-standard","has-post-thumbnail","hentry","category-promocio-2013","tag-escoles-verdes","tag-setmana-bio"],"post_mailing_queue_ids":[],"_links":{"self":[{"href":"https:\/\/agora.xtec.cat\/ie-elcabreres\/wp-json\/wp\/v2\/posts\/7226","targetHints":{"allow":["GET"]}}],"collection":[{"href":"https:\/\/agora.xtec.cat\/ie-elcabreres\/wp-json\/wp\/v2\/posts"}],"about":[{"href":"https:\/\/agora.xtec.cat\/ie-elcabreres\/wp-json\/wp\/v2\/types\/post"}],"author":[{"embeddable":true,"href":"https:\/\/agora.xtec.cat\/ie-elcabreres\/wp-json\/wp\/v2\/users\/4"}],"replies":[{"embeddable":true,"href":"https:\/\/agora.xtec.cat\/ie-elcabreres\/wp-json\/wp\/v2\/comments?post=7226"}],"version-history":[{"count":2,"href":"https:\/\/agora.xtec.cat\/ie-elcabreres\/wp-json\/wp\/v2\/posts\/7226\/revisions"}],"predecessor-version":[{"id":9908,"href":"https:\/\/agora.xtec.cat\/ie-elcabreres\/wp-json\/wp\/v2\/posts\/7226\/revisions\/9908"}],"wp:featuredmedia":[{"embeddable":true,"href":"https:\/\/agora.xtec.cat\/ie-elcabreres\/wp-json\/wp\/v2\/media\/7254"}],"wp:attachment":[{"href":"https:\/\/agora.xtec.cat\/ie-elcabreres\/wp-json\/wp\/v2\/media?parent=7226"}],"wp:term":[{"taxonomy":"category","embeddable":true,"href":"https:\/\/agora.xtec.cat\/ie-elcabreres\/wp-json\/wp\/v2\/categories?post=7226"},{"taxonomy":"post_tag","embeddable":true,"href":"https:\/\/agora.xtec.cat\/ie-elcabreres\/wp-json\/wp\/v2\/tags?post=7226"}],"curies":[{"name":"wp","href":"https:\/\/api.w.org\/{rel}","templated":true}]}}