{"id":7188,"date":"2022-10-24T06:24:34","date_gmt":"2022-10-24T04:24:34","guid":{"rendered":"https:\/\/agora.xtec.cat\/ie-elcabreres\/?p=7188"},"modified":"2024-02-06T13:33:28","modified_gmt":"2024-02-06T12:33:28","slug":"setmana-bio-5","status":"publish","type":"post","link":"https:\/\/agora.xtec.cat\/ie-elcabreres\/promocio-2014\/setmana-bio-5\/","title":{"rendered":"Setmana Bio 3r"},"content":{"rendered":"<p>Aquests \u00faltims dies hem estat molt atrafagats. A l&#8217;escola s&#8217;ha organitzat la &#8220;Setmana Bio&#8221;, on hem fet moltes activitats diferents per treballar i reflexionar al voltant dels diferents models de producci\u00f3 agr\u00e0ria i de consum alimentari, aix\u00ed com les seves implicacions socials i ambientals.<\/p>\n<p>Dilluns vam anar a la riera de la Gorga, a agafar mostratges per tal d&#8217;inspeccionar, analitzar i <span style=\"font-family: inherit; font-size: 1em;\">comprovar l&#8217;estat de l&#8217;aigua i l&#8217;entorn de ribera.&#8221;Projecte Rius&#8221;.<\/span><a href=\"https:\/\/agora.xtec.cat\/ie-elcabreres\/wp-content\/uploads\/usu2186\/2022\/10\/20221017_103319-Copy.jpg\"><img loading=\"lazy\" decoding=\"async\" class=\"wp-image-7245 aligncenter\" src=\"https:\/\/agora.xtec.cat\/ie-elcabreres\/wp-content\/uploads\/usu2186\/2022\/10\/20221017_103319-Copy-300x225.jpg\" alt=\"\" width=\"265\" height=\"199\" srcset=\"https:\/\/agora.xtec.cat\/ie-elcabreres\/wp-content\/uploads\/usu2186\/2022\/10\/20221017_103319-Copy-300x225.jpg 300w, https:\/\/agora.xtec.cat\/ie-elcabreres\/wp-content\/uploads\/usu2186\/2022\/10\/20221017_103319-Copy-768x576.jpg 768w, https:\/\/agora.xtec.cat\/ie-elcabreres\/wp-content\/uploads\/usu2186\/2022\/10\/20221017_103319-Copy-200x150.jpg 200w, https:\/\/agora.xtec.cat\/ie-elcabreres\/wp-content\/uploads\/usu2186\/2022\/10\/20221017_103319-Copy.jpg 1024w\" sizes=\"auto, (max-width: 265px) 100vw, 265px\" \/><\/a>El dimarts, excursi\u00f3 per l&#8217;entorn del poble, fins el pont i mol\u00ed de la Bertrana i el parc del Pedr\u00f3.<a href=\"https:\/\/agora.xtec.cat\/ie-elcabreres\/wp-content\/uploads\/usu2186\/2022\/10\/20221018_144015-scaled.jpg\"><img loading=\"lazy\" decoding=\"async\" class=\"wp-image-7189 aligncenter\" src=\"https:\/\/agora.xtec.cat\/ie-elcabreres\/wp-content\/uploads\/usu2186\/2022\/10\/20221018_144015-300x225.jpg\" alt=\"\" width=\"270\" height=\"203\" srcset=\"https:\/\/agora.xtec.cat\/ie-elcabreres\/wp-content\/uploads\/usu2186\/2022\/10\/20221018_144015-300x225.jpg 300w, https:\/\/agora.xtec.cat\/ie-elcabreres\/wp-content\/uploads\/usu2186\/2022\/10\/20221018_144015-1024x768.jpg 1024w, https:\/\/agora.xtec.cat\/ie-elcabreres\/wp-content\/uploads\/usu2186\/2022\/10\/20221018_144015-768x576.jpg 768w, https:\/\/agora.xtec.cat\/ie-elcabreres\/wp-content\/uploads\/usu2186\/2022\/10\/20221018_144015-1536x1152.jpg 1536w, https:\/\/agora.xtec.cat\/ie-elcabreres\/wp-content\/uploads\/usu2186\/2022\/10\/20221018_144015-2048x1536.jpg 2048w, https:\/\/agora.xtec.cat\/ie-elcabreres\/wp-content\/uploads\/usu2186\/2022\/10\/20221018_144015-200x150.jpg 200w\" sizes=\"auto, (max-width: 270px) 100vw, 270px\" \/><\/a>Dimecres ens van venir a fer un taller de la Diputaci\u00f3: &#8220;Vaig net, estic content&#8221;.<a href=\"https:\/\/agora.xtec.cat\/ie-elcabreres\/wp-content\/uploads\/usu2186\/2022\/10\/taller.jpg\"><img loading=\"lazy\" decoding=\"async\" class=\"size-medium wp-image-7270 aligncenter\" src=\"https:\/\/agora.xtec.cat\/ie-elcabreres\/wp-content\/uploads\/usu2186\/2022\/10\/taller-300x192.jpg\" alt=\"\" width=\"300\" height=\"192\" srcset=\"https:\/\/agora.xtec.cat\/ie-elcabreres\/wp-content\/uploads\/usu2186\/2022\/10\/taller-300x192.jpg 300w, https:\/\/agora.xtec.cat\/ie-elcabreres\/wp-content\/uploads\/usu2186\/2022\/10\/taller.jpg 696w\" sizes=\"auto, (max-width: 300px) 100vw, 300px\" \/><\/a>El dijous al mat\u00ed \u00a0&#8220;Batuda Verda&#8221; on vam recollir les deixalles d&#8217;alguns carrers del poble.\u00a0 A la tarda vam explicar a les \u00e0vies l&#8217;exposici\u00f3 &#8220;LIFE Potamo Fauna&#8221; qu<span style=\"font-family: inherit; font-size: 1em;\">e hi ha a l&#8217;escola sobre els animals en perill d&#8217;extinci\u00f3 dels nostres rius.<\/span>Tot i que est\u00e0vem una mica nerviosos\/es ens va agradar molt compartir experi\u00e8ncies amb elles.<span style=\"color: #2795b6;\"><a style=\"color: #2795b6;\" href=\"https:\/\/agora.xtec.cat\/ie-elcabreres\/wp-content\/uploads\/usu2186\/2022\/10\/exposicio.jpg\"><img loading=\"lazy\" decoding=\"async\" class=\"size-medium wp-image-7269 aligncenter\" src=\"https:\/\/agora.xtec.cat\/ie-elcabreres\/wp-content\/uploads\/usu2186\/2022\/10\/exposicio-300x191.jpg\" alt=\"\" width=\"300\" height=\"191\" srcset=\"https:\/\/agora.xtec.cat\/ie-elcabreres\/wp-content\/uploads\/usu2186\/2022\/10\/exposicio-300x191.jpg 300w, https:\/\/agora.xtec.cat\/ie-elcabreres\/wp-content\/uploads\/usu2186\/2022\/10\/exposicio.jpg 671w\" sizes=\"auto, (max-width: 300px) 100vw, 300px\" \/><\/a><\/span>El divendres van gaudir d&#8217;all\u00f2 m\u00e9s a la fira mediambiental de la pollancreda. <a href=\"https:\/\/agora.xtec.cat\/ie-elcabreres\/wp-content\/uploads\/usu2186\/2022\/10\/fira-2.jpg\"><img loading=\"lazy\" decoding=\"async\" class=\"size-medium wp-image-7272 aligncenter\" src=\"https:\/\/agora.xtec.cat\/ie-elcabreres\/wp-content\/uploads\/usu2186\/2022\/10\/fira-2-300x103.jpg\" alt=\"\" width=\"300\" height=\"103\" srcset=\"https:\/\/agora.xtec.cat\/ie-elcabreres\/wp-content\/uploads\/usu2186\/2022\/10\/fira-2-300x103.jpg 300w, https:\/\/agora.xtec.cat\/ie-elcabreres\/wp-content\/uploads\/usu2186\/2022\/10\/fira-2.jpg 681w\" sizes=\"auto, (max-width: 300px) 100vw, 300px\" \/><\/a>\u00c9s va acabar la setmana Bio amb una festa-berenar a la font de l&#8217;escudella.<\/p>\n<p>&nbsp;<\/p>\n<p>&nbsp;<\/p>\n<p>&nbsp;<\/p>\n<p>&nbsp;<\/p>\n","protected":false},"excerpt":{"rendered":"<p>Aquests \u00faltims dies hem estat molt atrafagats. A l&#8217;escola s&#8217;ha organitzat la &#8220;Setmana Bio&#8221;, on hem fet moltes activitats diferents per treballar i reflexionar al voltant dels diferents models de producci\u00f3 agr\u00e0ria i de consum alimentari, aix\u00ed com les seves implicacions socials i ambientals. Dilluns vam anar a la riera de la Gorga, a agafar [&hellip;]<\/p>\n","protected":false},"author":13,"featured_media":0,"comment_status":"closed","ping_status":"closed","sticky":false,"template":"","format":"standard","meta":{"_bbp_topic_count":0,"_bbp_reply_count":0,"_bbp_total_topic_count":0,"_bbp_total_reply_count":0,"_bbp_voice_count":0,"_bbp_anonymous_reply_count":0,"_bbp_topic_count_hidden":0,"_bbp_reply_count_hidden":0,"_bbp_forum_subforum_count":0,"site-sidebar-layout":"default","site-content-layout":"","ast-site-content-layout":"","site-content-style":"default","site-sidebar-style":"default","ast-global-header-display":"","ast-banner-title-visibility":"","ast-main-header-display":"","ast-hfb-above-header-display":"","ast-hfb-below-header-display":"","ast-hfb-mobile-header-display":"","site-post-title":"","ast-breadcrumbs-content":"","ast-featured-img":"","footer-sml-layout":"","theme-transparent-header-meta":"","adv-header-id-meta":"","stick-header-meta":"","header-above-stick-meta":"","header-main-stick-meta":"","header-below-stick-meta":"","astra-migrate-meta-layouts":"default","ast-page-background-enabled":"default","ast-page-background-meta":{"desktop":{"background-color":"var(--ast-global-color-4)","background-image":"","background-repeat":"repeat","background-position":"center center","background-size":"auto","background-attachment":"scroll","background-type":"","background-media":"","overlay-type":"","overlay-color":"","overlay-opacity":"","overlay-gradient":""},"tablet":{"background-color":"","background-image":"","background-repeat":"repeat","background-position":"center center","background-size":"auto","background-attachment":"scroll","background-type":"","background-media":"","overlay-type":"","overlay-color":"","overlay-opacity":"","overlay-gradient":""},"mobile":{"background-color":"","background-image":"","background-repeat":"repeat","background-position":"center center","background-size":"auto","background-attachment":"scroll","background-type":"","background-media":"","overlay-type":"","overlay-color":"","overlay-opacity":"","overlay-gradient":""}},"ast-content-background-meta":{"desktop":{"background-color":"var(--ast-global-color-5)","background-image":"","background-repeat":"repeat","background-position":"center center","background-size":"auto","background-attachment":"scroll","background-type":"","background-media":"","overlay-type":"","overlay-color":"","overlay-opacity":"","overlay-gradient":""},"tablet":{"background-color":"var(--ast-global-color-5)","background-image":"","background-repeat":"repeat","background-position":"center center","background-size":"auto","background-attachment":"scroll","background-type":"","background-media":"","overlay-type":"","overlay-color":"","overlay-opacity":"","overlay-gradient":""},"mobile":{"background-color":"var(--ast-global-color-5)","background-image":"","background-repeat":"repeat","background-position":"center center","background-size":"auto","background-attachment":"scroll","background-type":"","background-media":"","overlay-type":"","overlay-color":"","overlay-opacity":"","overlay-gradient":""}},"footnotes":""},"categories":[10],"tags":[211],"class_list":["post-7188","post","type-post","status-publish","format-standard","hentry","category-promocio-2014","tag-escoles-verdes"],"post_mailing_queue_ids":[],"_links":{"self":[{"href":"https:\/\/agora.xtec.cat\/ie-elcabreres\/wp-json\/wp\/v2\/posts\/7188","targetHints":{"allow":["GET"]}}],"collection":[{"href":"https:\/\/agora.xtec.cat\/ie-elcabreres\/wp-json\/wp\/v2\/posts"}],"about":[{"href":"https:\/\/agora.xtec.cat\/ie-elcabreres\/wp-json\/wp\/v2\/types\/post"}],"author":[{"embeddable":true,"href":"https:\/\/agora.xtec.cat\/ie-elcabreres\/wp-json\/wp\/v2\/users\/13"}],"replies":[{"embeddable":true,"href":"https:\/\/agora.xtec.cat\/ie-elcabreres\/wp-json\/wp\/v2\/comments?post=7188"}],"version-history":[{"count":4,"href":"https:\/\/agora.xtec.cat\/ie-elcabreres\/wp-json\/wp\/v2\/posts\/7188\/revisions"}],"predecessor-version":[{"id":9894,"href":"https:\/\/agora.xtec.cat\/ie-elcabreres\/wp-json\/wp\/v2\/posts\/7188\/revisions\/9894"}],"wp:attachment":[{"href":"https:\/\/agora.xtec.cat\/ie-elcabreres\/wp-json\/wp\/v2\/media?parent=7188"}],"wp:term":[{"taxonomy":"category","embeddable":true,"href":"https:\/\/agora.xtec.cat\/ie-elcabreres\/wp-json\/wp\/v2\/categories?post=7188"},{"taxonomy":"post_tag","embeddable":true,"href":"https:\/\/agora.xtec.cat\/ie-elcabreres\/wp-json\/wp\/v2\/tags?post=7188"}],"curies":[{"name":"wp","href":"https:\/\/api.w.org\/{rel}","templated":true}]}}