{"id":7145,"date":"2022-10-13T21:46:41","date_gmt":"2022-10-13T19:46:41","guid":{"rendered":"https:\/\/agora.xtec.cat\/ie-elcabreres\/?p=7145"},"modified":"2022-10-13T21:46:41","modified_gmt":"2022-10-13T19:46:41","slug":"visita-dels-mossos-desquadra","status":"publish","type":"post","link":"https:\/\/agora.xtec.cat\/ie-elcabreres\/promocio-2012\/visita-dels-mossos-desquadra\/","title":{"rendered":"Visita dels Mossos d&#8217;Esquadra"},"content":{"rendered":"<p><span style=\"font-weight: 400\">El dimarts passat, 11 d&#8217;octubre, van venir els mossos d&#8217;esquadra a la nostra escola.\u00a0<\/span><\/p>\n<p><span style=\"font-weight: 400\">A la classe de 5\u00e8, van venir els agents que es van presentar com en Josep i en Toni, ens van fer una xerrada explicar-nos les normes b\u00e0siques de seguretat vi\u00e0ria, com l\u00b4\u00fas obligatori de casc si anem en bicicleta o en patinet el\u00e8ctric; l\u00b4\u00fas obligatori de posar-nos el cintur\u00f3 de seguretat si anem en cotxe\u2026<\/span><\/p>\n<p><span style=\"font-weight: 400\">Despr\u00e9s ens van separar en dos grups, uns amb en Josep i els altres amb en Toni, vam anar al carrer vam posar avisos als cotxes, a les motos que estaven mal estacionats; tamb\u00e9 en una llibreta vam apuntar les matr\u00edcules.<\/span><\/p>\n<p><span style=\"font-weight: 400\">Quan vam arribar a classe, ens van donar 3 papers, un amb 12 normes de circulaci\u00f3 de vehicles de mobilitat personal, un altre de circulaci\u00f3 en paral\u00b7lel i l\u00b4\u00fas del casc, i l\u00b4\u00faltim un retallable per jugar.<\/span><\/p>\n<p><em><span style=\"font-weight: 400\">Color\u00edn colorado <\/span><\/em><span style=\"font-weight: 400\">els mossos s\u00b4han<\/span><em><span style=\"font-weight: 400\"> \u201cpirado\u201d.<\/span><\/em><\/p>\n<p style=\"text-align: right\">Article escrit per: Gil Serra Pajares<\/p>\n<p><span style=\"font-weight: 400\"><a href=\"https:\/\/agora.xtec.cat\/ie-elcabreres\/wp-content\/uploads\/usu2186\/2022\/10\/IMG_20221011_114421.jpg\"><img loading=\"lazy\" decoding=\"async\" class=\" wp-image-7147 aligncenter\" src=\"https:\/\/agora.xtec.cat\/ie-elcabreres\/wp-content\/uploads\/usu2186\/2022\/10\/IMG_20221011_114421-300x169.jpg\" alt=\"\" width=\"366\" height=\"206\" srcset=\"https:\/\/agora.xtec.cat\/ie-elcabreres\/wp-content\/uploads\/usu2186\/2022\/10\/IMG_20221011_114421-300x169.jpg 300w, https:\/\/agora.xtec.cat\/ie-elcabreres\/wp-content\/uploads\/usu2186\/2022\/10\/IMG_20221011_114421-1024x576.jpg 1024w, https:\/\/agora.xtec.cat\/ie-elcabreres\/wp-content\/uploads\/usu2186\/2022\/10\/IMG_20221011_114421-768x432.jpg 768w, https:\/\/agora.xtec.cat\/ie-elcabreres\/wp-content\/uploads\/usu2186\/2022\/10\/IMG_20221011_114421.jpg 1156w\" sizes=\"auto, (max-width: 366px) 100vw, 366px\" \/><\/a><a href=\"https:\/\/agora.xtec.cat\/ie-elcabreres\/wp-content\/uploads\/usu2186\/2022\/10\/IMG_20221011_110629.jpg\"><img loading=\"lazy\" decoding=\"async\" class=\" wp-image-7146 aligncenter\" src=\"https:\/\/agora.xtec.cat\/ie-elcabreres\/wp-content\/uploads\/usu2186\/2022\/10\/IMG_20221011_110629-300x169.jpg\" alt=\"\" width=\"375\" height=\"211\" srcset=\"https:\/\/agora.xtec.cat\/ie-elcabreres\/wp-content\/uploads\/usu2186\/2022\/10\/IMG_20221011_110629-300x169.jpg 300w, https:\/\/agora.xtec.cat\/ie-elcabreres\/wp-content\/uploads\/usu2186\/2022\/10\/IMG_20221011_110629-1024x576.jpg 1024w, https:\/\/agora.xtec.cat\/ie-elcabreres\/wp-content\/uploads\/usu2186\/2022\/10\/IMG_20221011_110629-768x432.jpg 768w, https:\/\/agora.xtec.cat\/ie-elcabreres\/wp-content\/uploads\/usu2186\/2022\/10\/IMG_20221011_110629.jpg 1156w\" sizes=\"auto, (max-width: 375px) 100vw, 375px\" \/><\/a><\/span><\/p>\n<p style=\"text-align: right\">\n","protected":false},"excerpt":{"rendered":"<p>El dimarts passat, 11 d&#8217;octubre, van venir els mossos d&#8217;esquadra a la nostra escola.\u00a0 A la classe de 5\u00e8, van venir els agents que es van presentar com en Josep i en Toni, ens van fer una xerrada explicar-nos les normes b\u00e0siques de seguretat vi\u00e0ria, com l\u00b4\u00fas obligatori de casc si anem en bicicleta o [&hellip;]<\/p>\n","protected":false},"author":15,"featured_media":7147,"comment_status":"closed","ping_status":"closed","sticky":false,"template":"","format":"standard","meta":{"_bbp_topic_count":0,"_bbp_reply_count":0,"_bbp_total_topic_count":0,"_bbp_total_reply_count":0,"_bbp_voice_count":0,"_bbp_anonymous_reply_count":0,"_bbp_topic_count_hidden":0,"_bbp_reply_count_hidden":0,"_bbp_forum_subforum_count":0,"site-sidebar-layout":"default","site-content-layout":"","ast-site-content-layout":"","site-content-style":"default","site-sidebar-style":"default","ast-global-header-display":"","ast-banner-title-visibility":"","ast-main-header-display":"","ast-hfb-above-header-display":"","ast-hfb-below-header-display":"","ast-hfb-mobile-header-display":"","site-post-title":"","ast-breadcrumbs-content":"","ast-featured-img":"","footer-sml-layout":"","theme-transparent-header-meta":"","adv-header-id-meta":"","stick-header-meta":"","header-above-stick-meta":"","header-main-stick-meta":"","header-below-stick-meta":"","astra-migrate-meta-layouts":"default","ast-page-background-enabled":"default","ast-page-background-meta":{"desktop":{"background-color":"var(--ast-global-color-4)","background-image":"","background-repeat":"repeat","background-position":"center center","background-size":"auto","background-attachment":"scroll","background-type":"","background-media":"","overlay-type":"","overlay-color":"","overlay-opacity":"","overlay-gradient":""},"tablet":{"background-color":"","background-image":"","background-repeat":"repeat","background-position":"center center","background-size":"auto","background-attachment":"scroll","background-type":"","background-media":"","overlay-type":"","overlay-color":"","overlay-opacity":"","overlay-gradient":""},"mobile":{"background-color":"","background-image":"","background-repeat":"repeat","background-position":"center center","background-size":"auto","background-attachment":"scroll","background-type":"","background-media":"","overlay-type":"","overlay-color":"","overlay-opacity":"","overlay-gradient":""}},"ast-content-background-meta":{"desktop":{"background-color":"var(--ast-global-color-5)","background-image":"","background-repeat":"repeat","background-position":"center center","background-size":"auto","background-attachment":"scroll","background-type":"","background-media":"","overlay-type":"","overlay-color":"","overlay-opacity":"","overlay-gradient":""},"tablet":{"background-color":"var(--ast-global-color-5)","background-image":"","background-repeat":"repeat","background-position":"center center","background-size":"auto","background-attachment":"scroll","background-type":"","background-media":"","overlay-type":"","overlay-color":"","overlay-opacity":"","overlay-gradient":""},"mobile":{"background-color":"var(--ast-global-color-5)","background-image":"","background-repeat":"repeat","background-position":"center center","background-size":"auto","background-attachment":"scroll","background-type":"","background-media":"","overlay-type":"","overlay-color":"","overlay-opacity":"","overlay-gradient":""}},"footnotes":""},"categories":[12],"tags":[172,171],"class_list":["post-7145","post","type-post","status-publish","format-standard","has-post-thumbnail","hentry","category-promocio-2012","tag-mossos","tag-seguretat-viaria"],"post_mailing_queue_ids":[],"_links":{"self":[{"href":"https:\/\/agora.xtec.cat\/ie-elcabreres\/wp-json\/wp\/v2\/posts\/7145","targetHints":{"allow":["GET"]}}],"collection":[{"href":"https:\/\/agora.xtec.cat\/ie-elcabreres\/wp-json\/wp\/v2\/posts"}],"about":[{"href":"https:\/\/agora.xtec.cat\/ie-elcabreres\/wp-json\/wp\/v2\/types\/post"}],"author":[{"embeddable":true,"href":"https:\/\/agora.xtec.cat\/ie-elcabreres\/wp-json\/wp\/v2\/users\/15"}],"replies":[{"embeddable":true,"href":"https:\/\/agora.xtec.cat\/ie-elcabreres\/wp-json\/wp\/v2\/comments?post=7145"}],"version-history":[{"count":1,"href":"https:\/\/agora.xtec.cat\/ie-elcabreres\/wp-json\/wp\/v2\/posts\/7145\/revisions"}],"predecessor-version":[{"id":7148,"href":"https:\/\/agora.xtec.cat\/ie-elcabreres\/wp-json\/wp\/v2\/posts\/7145\/revisions\/7148"}],"wp:featuredmedia":[{"embeddable":true,"href":"https:\/\/agora.xtec.cat\/ie-elcabreres\/wp-json\/wp\/v2\/media\/7147"}],"wp:attachment":[{"href":"https:\/\/agora.xtec.cat\/ie-elcabreres\/wp-json\/wp\/v2\/media?parent=7145"}],"wp:term":[{"taxonomy":"category","embeddable":true,"href":"https:\/\/agora.xtec.cat\/ie-elcabreres\/wp-json\/wp\/v2\/categories?post=7145"},{"taxonomy":"post_tag","embeddable":true,"href":"https:\/\/agora.xtec.cat\/ie-elcabreres\/wp-json\/wp\/v2\/tags?post=7145"}],"curies":[{"name":"wp","href":"https:\/\/api.w.org\/{rel}","templated":true}]}}