{"id":6232,"date":"2022-03-26T18:23:17","date_gmt":"2022-03-26T17:23:17","guid":{"rendered":"https:\/\/agora.xtec.cat\/ie-elcabreres\/?p=6232"},"modified":"2022-03-26T18:23:17","modified_gmt":"2022-03-26T17:23:17","slug":"parlem-de-la-guerra","status":"publish","type":"post","link":"https:\/\/agora.xtec.cat\/ie-elcabreres\/promocio-2015\/parlem-de-la-guerra\/","title":{"rendered":"PARLEM DE LA GUERRA"},"content":{"rendered":"<p>Ja fa un mes que ha comen\u00e7at la guerra.<\/p>\n<p>Hem sentit els grans que en parlen, hem vist i sentit not\u00edcies per la TV, ens n&#8217;han explicat alguna cosa a casa, ha arribat a Cantoni una fam\u00edlia d&#8217;Ucra\u00efna , a l&#8217;escola alguns cursos han fet cartells&#8230;.<\/p>\n<p>A la classe tamb\u00e9 n&#8217;hem volgut parlar per con\u00e8ixer una mica el que est\u00e0 passant.<\/p>\n<p>Tamb\u00e9 hem fet uns cartells per mostrar que no ens agraden les guerres.<\/p>\n<p><a href=\"https:\/\/agora.xtec.cat\/ie-elcabreres\/wp-content\/uploads\/usu2186\/2022\/03\/IMG_20220325_150701-1-1-scaled.jpg\"><img loading=\"lazy\" decoding=\"async\" class=\" wp-image-6233 aligncenter\" src=\"https:\/\/agora.xtec.cat\/ie-elcabreres\/wp-content\/uploads\/usu2186\/2022\/03\/IMG_20220325_150701-1-1-1024x769.jpg\" alt=\"\" width=\"409\" height=\"307\" srcset=\"https:\/\/agora.xtec.cat\/ie-elcabreres\/wp-content\/uploads\/usu2186\/2022\/03\/IMG_20220325_150701-1-1-1024x769.jpg 1024w, https:\/\/agora.xtec.cat\/ie-elcabreres\/wp-content\/uploads\/usu2186\/2022\/03\/IMG_20220325_150701-1-1-300x225.jpg 300w, https:\/\/agora.xtec.cat\/ie-elcabreres\/wp-content\/uploads\/usu2186\/2022\/03\/IMG_20220325_150701-1-1-768x577.jpg 768w, https:\/\/agora.xtec.cat\/ie-elcabreres\/wp-content\/uploads\/usu2186\/2022\/03\/IMG_20220325_150701-1-1-1536x1153.jpg 1536w, https:\/\/agora.xtec.cat\/ie-elcabreres\/wp-content\/uploads\/usu2186\/2022\/03\/IMG_20220325_150701-1-1-2048x1538.jpg 2048w, https:\/\/agora.xtec.cat\/ie-elcabreres\/wp-content\/uploads\/usu2186\/2022\/03\/IMG_20220325_150701-1-1-200x150.jpg 200w\" sizes=\"auto, (max-width: 409px) 100vw, 409px\" \/><\/a><\/p>\n<p>&nbsp;<\/p>\n<p>&nbsp;<\/p>\n","protected":false},"excerpt":{"rendered":"<p>Ja fa un mes que ha comen\u00e7at la guerra. Hem sentit els grans que en parlen, hem vist i sentit not\u00edcies per la TV, ens n&#8217;han explicat alguna cosa a casa, ha arribat a Cantoni una fam\u00edlia d&#8217;Ucra\u00efna , a l&#8217;escola alguns cursos han fet cartells&#8230;. A la classe tamb\u00e9 n&#8217;hem volgut parlar per con\u00e8ixer [&hellip;]<\/p>\n","protected":false},"author":11,"featured_media":0,"comment_status":"closed","ping_status":"closed","sticky":false,"template":"","format":"standard","meta":{"_bbp_topic_count":0,"_bbp_reply_count":0,"_bbp_total_topic_count":0,"_bbp_total_reply_count":0,"_bbp_voice_count":0,"_bbp_anonymous_reply_count":0,"_bbp_topic_count_hidden":0,"_bbp_reply_count_hidden":0,"_bbp_forum_subforum_count":0,"site-sidebar-layout":"default","site-content-layout":"","ast-site-content-layout":"","site-content-style":"default","site-sidebar-style":"default","ast-global-header-display":"","ast-banner-title-visibility":"","ast-main-header-display":"","ast-hfb-above-header-display":"","ast-hfb-below-header-display":"","ast-hfb-mobile-header-display":"","site-post-title":"","ast-breadcrumbs-content":"","ast-featured-img":"","footer-sml-layout":"","theme-transparent-header-meta":"","adv-header-id-meta":"","stick-header-meta":"","header-above-stick-meta":"","header-main-stick-meta":"","header-below-stick-meta":"","astra-migrate-meta-layouts":"default","ast-page-background-enabled":"default","ast-page-background-meta":{"desktop":{"background-color":"var(--ast-global-color-4)","background-image":"","background-repeat":"repeat","background-position":"center center","background-size":"auto","background-attachment":"scroll","background-type":"","background-media":"","overlay-type":"","overlay-color":"","overlay-opacity":"","overlay-gradient":""},"tablet":{"background-color":"","background-image":"","background-repeat":"repeat","background-position":"center center","background-size":"auto","background-attachment":"scroll","background-type":"","background-media":"","overlay-type":"","overlay-color":"","overlay-opacity":"","overlay-gradient":""},"mobile":{"background-color":"","background-image":"","background-repeat":"repeat","background-position":"center center","background-size":"auto","background-attachment":"scroll","background-type":"","background-media":"","overlay-type":"","overlay-color":"","overlay-opacity":"","overlay-gradient":""}},"ast-content-background-meta":{"desktop":{"background-color":"var(--ast-global-color-5)","background-image":"","background-repeat":"repeat","background-position":"center center","background-size":"auto","background-attachment":"scroll","background-type":"","background-media":"","overlay-type":"","overlay-color":"","overlay-opacity":"","overlay-gradient":""},"tablet":{"background-color":"var(--ast-global-color-5)","background-image":"","background-repeat":"repeat","background-position":"center center","background-size":"auto","background-attachment":"scroll","background-type":"","background-media":"","overlay-type":"","overlay-color":"","overlay-opacity":"","overlay-gradient":""},"mobile":{"background-color":"var(--ast-global-color-5)","background-image":"","background-repeat":"repeat","background-position":"center center","background-size":"auto","background-attachment":"scroll","background-type":"","background-media":"","overlay-type":"","overlay-color":"","overlay-opacity":"","overlay-gradient":""}},"footnotes":""},"categories":[9],"tags":[],"class_list":["post-6232","post","type-post","status-publish","format-standard","hentry","category-promocio-2015"],"post_mailing_queue_ids":[],"_links":{"self":[{"href":"https:\/\/agora.xtec.cat\/ie-elcabreres\/wp-json\/wp\/v2\/posts\/6232","targetHints":{"allow":["GET"]}}],"collection":[{"href":"https:\/\/agora.xtec.cat\/ie-elcabreres\/wp-json\/wp\/v2\/posts"}],"about":[{"href":"https:\/\/agora.xtec.cat\/ie-elcabreres\/wp-json\/wp\/v2\/types\/post"}],"author":[{"embeddable":true,"href":"https:\/\/agora.xtec.cat\/ie-elcabreres\/wp-json\/wp\/v2\/users\/11"}],"replies":[{"embeddable":true,"href":"https:\/\/agora.xtec.cat\/ie-elcabreres\/wp-json\/wp\/v2\/comments?post=6232"}],"version-history":[{"count":1,"href":"https:\/\/agora.xtec.cat\/ie-elcabreres\/wp-json\/wp\/v2\/posts\/6232\/revisions"}],"predecessor-version":[{"id":6234,"href":"https:\/\/agora.xtec.cat\/ie-elcabreres\/wp-json\/wp\/v2\/posts\/6232\/revisions\/6234"}],"wp:attachment":[{"href":"https:\/\/agora.xtec.cat\/ie-elcabreres\/wp-json\/wp\/v2\/media?parent=6232"}],"wp:term":[{"taxonomy":"category","embeddable":true,"href":"https:\/\/agora.xtec.cat\/ie-elcabreres\/wp-json\/wp\/v2\/categories?post=6232"},{"taxonomy":"post_tag","embeddable":true,"href":"https:\/\/agora.xtec.cat\/ie-elcabreres\/wp-json\/wp\/v2\/tags?post=6232"}],"curies":[{"name":"wp","href":"https:\/\/api.w.org\/{rel}","templated":true}]}}