{"id":4460,"date":"2021-06-18T18:21:20","date_gmt":"2021-06-18T16:21:20","guid":{"rendered":"https:\/\/agora.xtec.cat\/ie-elcabreres\/?p=4460"},"modified":"2021-06-18T18:21:20","modified_gmt":"2021-06-18T16:21:20","slug":"canco-som-els-grans-de-lescola-hola","status":"publish","type":"post","link":"https:\/\/agora.xtec.cat\/ie-elcabreres\/promocio-2012-2021\/canco-som-els-grans-de-lescola-hola\/","title":{"rendered":"Can\u00e7\u00f3 &#8220;Som els grans de l&#8217;escola, hola!&#8221;"},"content":{"rendered":"<p>Finalment avui hem gravat la versi\u00f3 que han inventat els alumnes de 6\u00e8. No ha estat f\u00e0cil, per\u00f2 amb l&#8217;esfor\u00e7 de tots i totes ho hem aconseguit. Felicitats!<\/p>\n<p>Aqu\u00ed teniu la lletra i si voleu escoltar-la cliqueu aqu\u00ed:<\/p>\n<p><a href=\"https:\/\/drive.google.com\/file\/d\/1_QGO7-iLzdRrs66bUTaRtjm7VTDIB7bo\/view?usp=sharing\">\u00c0udio can\u00e7\u00f3<\/a><\/p>\n<p><strong>SOM ELS GRANS DE L\u2019ESCOLA, HOLA!<\/strong><br \/>\n<strong>(Versi\u00f3 6\u00e8 de la can\u00e7\u00f3 \u201cMotorola\u201d de Morad)<\/strong><\/p>\n<p>Em pregunten perqu\u00e8 vull marxar, i jo ja ho s\u00e9<br \/>\nfa 9 anys que estic aqu\u00ed i no aguanto m\u00e9s ex\u00e0mens<br \/>\nja no tinc tinta al boli i no em queden m\u00e9s folis,<br \/>\nanirem a l\u2019institut i farem amistats noves.<\/p>\n<p>Som els m\u00e9s grans de l\u2019escola, i les mates no ens molen<br \/>\ndem\u00e0 tenim un ex\u00e0men (amen) la nostra mestra ens mata<br \/>\nja ens veieu a casa estudiant<br \/>\nper\u00f2 amb el m\u00f2bil al davant.<\/p>\n<p>Som els cracks de l\u2019escola i no \u00e9s l\u2019ho nostre<br \/>\nno s\u00e9 pas si me\u2019n sortir\u00e9, i si suspendr\u00e9,<br \/>\ni no parlem de l&#8217;institut, com anir\u00e0?<br \/>\nSi ara ja estem cansats a veure qu\u00e8 toca dem\u00e0?<\/p>\n<p>Cada mat\u00ed a l\u2019hora del pati<br \/>\nens barallem per un makaki<br \/>\ni per esmorzar tothom menja un kaki.<\/p>\n<p>Sempre fem enrenou, perqu\u00e8 som del zero nou<br \/>\nquan cantem sempre plou, haurem d\u2019anar a un lloc nou.<\/p>\n<p>Ja s&#8217;acaba l\u2019escola, una cosa bona<br \/>\nper\u00f2 a l\u2019institut, molts deures i actitud.<br \/>\nEl mat\u00ed com m\u00f2mies, haurem de ser puntuals<br \/>\ni si arribem tard l&#8217;autob\u00fas ja haur\u00e0 passat.<\/p>\n<p><strong>SARA, GIL, D\u00cdDAC, DOMINIK, GERARD, MIREIA I PECULIA<\/strong><br \/>\n<strong>POL, CONRAD, LONA, IMAD; ALBA, MARTINA I J\u00daLIA<\/strong><br \/>\n<strong>Som els grans de l\u2019escola, hola! Som els grans de l\u2019escola, hola!<\/strong><br \/>\n<strong>Som els grans de l\u2019escola, hola! Trobarem a faltar l\u2019escola!<\/strong><\/p>\n<p><strong>SARA, GIL, D\u00cdDAC, DOMINIK, GERARD, MIREIA I PECULIA<\/strong><br \/>\n<strong>POL, CONRAD, LONA, IMAD; ALBA, MARTINA I J\u00daLIA<\/strong><br \/>\n<strong>Som els grans de l\u2019escola, hola! Som els grans de l\u2019escola, hola!<\/strong><br \/>\n<strong>Som els grans de l\u2019escola, hola! Trobarem a faltar l\u2019escola!<\/strong><\/p>\n","protected":false},"excerpt":{"rendered":"<p>Finalment avui hem gravat la versi\u00f3 que han inventat els alumnes de 6\u00e8. No ha estat f\u00e0cil, per\u00f2 amb l&#8217;esfor\u00e7 de tots i totes ho hem aconseguit. Felicitats! Aqu\u00ed teniu la lletra i si voleu escoltar-la cliqueu aqu\u00ed: \u00c0udio can\u00e7\u00f3 SOM ELS GRANS DE L\u2019ESCOLA, HOLA! (Versi\u00f3 6\u00e8 de la can\u00e7\u00f3 \u201cMotorola\u201d de Morad) Em [&hellip;]<\/p>\n","protected":false},"author":17,"featured_media":0,"comment_status":"closed","ping_status":"closed","sticky":false,"template":"","format":"standard","meta":{"_bbp_topic_count":0,"_bbp_reply_count":0,"_bbp_total_topic_count":0,"_bbp_total_reply_count":0,"_bbp_voice_count":0,"_bbp_anonymous_reply_count":0,"_bbp_topic_count_hidden":0,"_bbp_reply_count_hidden":0,"_bbp_forum_subforum_count":0,"site-sidebar-layout":"default","site-content-layout":"","ast-site-content-layout":"","site-content-style":"default","site-sidebar-style":"default","ast-global-header-display":"","ast-banner-title-visibility":"","ast-main-header-display":"","ast-hfb-above-header-display":"","ast-hfb-below-header-display":"","ast-hfb-mobile-header-display":"","site-post-title":"","ast-breadcrumbs-content":"","ast-featured-img":"","footer-sml-layout":"","theme-transparent-header-meta":"","adv-header-id-meta":"","stick-header-meta":"","header-above-stick-meta":"","header-main-stick-meta":"","header-below-stick-meta":"","astra-migrate-meta-layouts":"default","ast-page-background-enabled":"default","ast-page-background-meta":{"desktop":{"background-color":"var(--ast-global-color-4)","background-image":"","background-repeat":"repeat","background-position":"center center","background-size":"auto","background-attachment":"scroll","background-type":"","background-media":"","overlay-type":"","overlay-color":"","overlay-opacity":"","overlay-gradient":""},"tablet":{"background-color":"","background-image":"","background-repeat":"repeat","background-position":"center center","background-size":"auto","background-attachment":"scroll","background-type":"","background-media":"","overlay-type":"","overlay-color":"","overlay-opacity":"","overlay-gradient":""},"mobile":{"background-color":"","background-image":"","background-repeat":"repeat","background-position":"center center","background-size":"auto","background-attachment":"scroll","background-type":"","background-media":"","overlay-type":"","overlay-color":"","overlay-opacity":"","overlay-gradient":""}},"ast-content-background-meta":{"desktop":{"background-color":"var(--ast-global-color-5)","background-image":"","background-repeat":"repeat","background-position":"center center","background-size":"auto","background-attachment":"scroll","background-type":"","background-media":"","overlay-type":"","overlay-color":"","overlay-opacity":"","overlay-gradient":""},"tablet":{"background-color":"var(--ast-global-color-5)","background-image":"","background-repeat":"repeat","background-position":"center center","background-size":"auto","background-attachment":"scroll","background-type":"","background-media":"","overlay-type":"","overlay-color":"","overlay-opacity":"","overlay-gradient":""},"mobile":{"background-color":"var(--ast-global-color-5)","background-image":"","background-repeat":"repeat","background-position":"center center","background-size":"auto","background-attachment":"scroll","background-type":"","background-media":"","overlay-type":"","overlay-color":"","overlay-opacity":"","overlay-gradient":""}},"footnotes":""},"categories":[63,15],"tags":[],"class_list":["post-4460","post","type-post","status-publish","format-standard","hentry","category-musica","category-promocio-2012-2021"],"post_mailing_queue_ids":[],"_links":{"self":[{"href":"https:\/\/agora.xtec.cat\/ie-elcabreres\/wp-json\/wp\/v2\/posts\/4460","targetHints":{"allow":["GET"]}}],"collection":[{"href":"https:\/\/agora.xtec.cat\/ie-elcabreres\/wp-json\/wp\/v2\/posts"}],"about":[{"href":"https:\/\/agora.xtec.cat\/ie-elcabreres\/wp-json\/wp\/v2\/types\/post"}],"author":[{"embeddable":true,"href":"https:\/\/agora.xtec.cat\/ie-elcabreres\/wp-json\/wp\/v2\/users\/17"}],"replies":[{"embeddable":true,"href":"https:\/\/agora.xtec.cat\/ie-elcabreres\/wp-json\/wp\/v2\/comments?post=4460"}],"version-history":[{"count":1,"href":"https:\/\/agora.xtec.cat\/ie-elcabreres\/wp-json\/wp\/v2\/posts\/4460\/revisions"}],"predecessor-version":[{"id":4462,"href":"https:\/\/agora.xtec.cat\/ie-elcabreres\/wp-json\/wp\/v2\/posts\/4460\/revisions\/4462"}],"wp:attachment":[{"href":"https:\/\/agora.xtec.cat\/ie-elcabreres\/wp-json\/wp\/v2\/media?parent=4460"}],"wp:term":[{"taxonomy":"category","embeddable":true,"href":"https:\/\/agora.xtec.cat\/ie-elcabreres\/wp-json\/wp\/v2\/categories?post=4460"},{"taxonomy":"post_tag","embeddable":true,"href":"https:\/\/agora.xtec.cat\/ie-elcabreres\/wp-json\/wp\/v2\/tags?post=4460"}],"curies":[{"name":"wp","href":"https:\/\/api.w.org\/{rel}","templated":true}]}}