{"id":3301,"date":"2021-03-08T21:34:25","date_gmt":"2021-03-08T20:34:25","guid":{"rendered":"https:\/\/agora.xtec.cat\/ie-elcabreres\/?p=3301"},"modified":"2021-03-08T21:34:25","modified_gmt":"2021-03-08T20:34:25","slug":"8-de-marc-dia-de-la-dona","status":"publish","type":"post","link":"https:\/\/agora.xtec.cat\/ie-elcabreres\/general\/8-de-marc-dia-de-la-dona\/","title":{"rendered":"8 de mar\u00e7 &#8211; dia de la dona"},"content":{"rendered":"<p>A la classe dels Bola de Drac hem estat parlant del Dia de la Dona. Hem pogut reflexionar-hi plegats i han sortit dubtes i q\u00fcestions que entre totes hem anat resolent. Despr\u00e9s hem buscat lemes i expressions que ens ajudessin a posar paraules a aquestes q\u00fcestions i les hem dibuixades als vidres.<\/p>\n<div class=\"padlet-embed\" style=\"overflow:hidden;width:100%;background:#F4F4F4\">\n<p style=\"padding:0;margin:0\"><iframe src=\"https:\/\/padlet.com\/embed\/akyd5dngjkx4cdlo\" frameborder=\"0\" style=\"width:100%;height:608px;padding:0;margin:0\"><\/iframe><\/p>\n<div style=\"padding:8px;text-align:right;margin:0\"><a href=\"https:\/\/padlet.com?ref=embed\" style=\"padding:0;margin:0;border:none;line-height:1;height:16px\" target=\"_blank\" rel=\"noopener noreferrer\"><img loading=\"lazy\" decoding=\"async\" src=\"https:\/\/padlet.net\/embeds\/made_with_padlet.png\" width=\"86\" height=\"16\" style=\"padding:0;margin:0;background:none;border:none\" alt=\"Fet amb Padlet\"><\/a><\/div>\n<\/div>\n<p>&nbsp;<\/p>\n<p>&nbsp;<\/p>\n<p>&nbsp;<\/p>\n<p><a href=\"https:\/\/agora.xtec.cat\/ie-elcabreres\/wp-content\/uploads\/usu2186\/2021\/03\/48EDCD54-7DA8-4F8E-B3F8-3F2A8523E553.jpeg\"><img loading=\"lazy\" decoding=\"async\" class=\"alignnone wp-image-3309 size-medium\" src=\"https:\/\/agora.xtec.cat\/ie-elcabreres\/wp-content\/uploads\/usu2186\/2021\/03\/48EDCD54-7DA8-4F8E-B3F8-3F2A8523E553-300x225.jpeg\" alt=\"\" width=\"300\" height=\"225\" srcset=\"https:\/\/agora.xtec.cat\/ie-elcabreres\/wp-content\/uploads\/usu2186\/2021\/03\/48EDCD54-7DA8-4F8E-B3F8-3F2A8523E553-300x225.jpeg 300w, https:\/\/agora.xtec.cat\/ie-elcabreres\/wp-content\/uploads\/usu2186\/2021\/03\/48EDCD54-7DA8-4F8E-B3F8-3F2A8523E553-768x576.jpeg 768w, https:\/\/agora.xtec.cat\/ie-elcabreres\/wp-content\/uploads\/usu2186\/2021\/03\/48EDCD54-7DA8-4F8E-B3F8-3F2A8523E553-1024x768.jpeg 1024w, https:\/\/agora.xtec.cat\/ie-elcabreres\/wp-content\/uploads\/usu2186\/2021\/03\/48EDCD54-7DA8-4F8E-B3F8-3F2A8523E553-200x150.jpeg 200w, https:\/\/agora.xtec.cat\/ie-elcabreres\/wp-content\/uploads\/usu2186\/2021\/03\/48EDCD54-7DA8-4F8E-B3F8-3F2A8523E553.jpeg 2016w\" sizes=\"auto, (max-width: 300px) 100vw, 300px\" \/><\/a><\/p>\n<p><a href=\"https:\/\/agora.xtec.cat\/ie-elcabreres\/wp-content\/uploads\/usu2186\/2021\/03\/AA205575-376F-4CC9-89FD-4D5EBBD28882.jpeg\"><img loading=\"lazy\" decoding=\"async\" class=\"alignnone wp-image-3308 size-medium\" src=\"https:\/\/agora.xtec.cat\/ie-elcabreres\/wp-content\/uploads\/usu2186\/2021\/03\/AA205575-376F-4CC9-89FD-4D5EBBD28882-300x225.jpeg\" alt=\"\" width=\"300\" height=\"225\" srcset=\"https:\/\/agora.xtec.cat\/ie-elcabreres\/wp-content\/uploads\/usu2186\/2021\/03\/AA205575-376F-4CC9-89FD-4D5EBBD28882-300x225.jpeg 300w, https:\/\/agora.xtec.cat\/ie-elcabreres\/wp-content\/uploads\/usu2186\/2021\/03\/AA205575-376F-4CC9-89FD-4D5EBBD28882-768x576.jpeg 768w, https:\/\/agora.xtec.cat\/ie-elcabreres\/wp-content\/uploads\/usu2186\/2021\/03\/AA205575-376F-4CC9-89FD-4D5EBBD28882-1024x768.jpeg 1024w, https:\/\/agora.xtec.cat\/ie-elcabreres\/wp-content\/uploads\/usu2186\/2021\/03\/AA205575-376F-4CC9-89FD-4D5EBBD28882-200x150.jpeg 200w, https:\/\/agora.xtec.cat\/ie-elcabreres\/wp-content\/uploads\/usu2186\/2021\/03\/AA205575-376F-4CC9-89FD-4D5EBBD28882.jpeg 2016w\" sizes=\"auto, (max-width: 300px) 100vw, 300px\" \/><\/a><\/p>\n<p><a href=\"https:\/\/agora.xtec.cat\/ie-elcabreres\/wp-content\/uploads\/usu2186\/2021\/03\/15BF55BA-666D-4D17-BB39-BBC7F4290669.jpeg\"><img loading=\"lazy\" decoding=\"async\" class=\"alignnone wp-image-3307 size-medium\" src=\"https:\/\/agora.xtec.cat\/ie-elcabreres\/wp-content\/uploads\/usu2186\/2021\/03\/15BF55BA-666D-4D17-BB39-BBC7F4290669-300x225.jpeg\" alt=\"\" width=\"300\" height=\"225\" srcset=\"https:\/\/agora.xtec.cat\/ie-elcabreres\/wp-content\/uploads\/usu2186\/2021\/03\/15BF55BA-666D-4D17-BB39-BBC7F4290669-300x225.jpeg 300w, https:\/\/agora.xtec.cat\/ie-elcabreres\/wp-content\/uploads\/usu2186\/2021\/03\/15BF55BA-666D-4D17-BB39-BBC7F4290669-768x576.jpeg 768w, https:\/\/agora.xtec.cat\/ie-elcabreres\/wp-content\/uploads\/usu2186\/2021\/03\/15BF55BA-666D-4D17-BB39-BBC7F4290669-1024x768.jpeg 1024w, https:\/\/agora.xtec.cat\/ie-elcabreres\/wp-content\/uploads\/usu2186\/2021\/03\/15BF55BA-666D-4D17-BB39-BBC7F4290669-200x150.jpeg 200w, https:\/\/agora.xtec.cat\/ie-elcabreres\/wp-content\/uploads\/usu2186\/2021\/03\/15BF55BA-666D-4D17-BB39-BBC7F4290669.jpeg 2016w\" sizes=\"auto, (max-width: 300px) 100vw, 300px\" \/><\/a><\/p>\n<p><a href=\"https:\/\/agora.xtec.cat\/ie-elcabreres\/wp-content\/uploads\/usu2186\/2021\/03\/76001B77-C928-4DE4-A0CC-35570EAB05CE.jpeg\"><img loading=\"lazy\" decoding=\"async\" class=\"alignnone wp-image-3306 size-medium\" src=\"https:\/\/agora.xtec.cat\/ie-elcabreres\/wp-content\/uploads\/usu2186\/2021\/03\/76001B77-C928-4DE4-A0CC-35570EAB05CE-300x225.jpeg\" alt=\"\" width=\"300\" height=\"225\" srcset=\"https:\/\/agora.xtec.cat\/ie-elcabreres\/wp-content\/uploads\/usu2186\/2021\/03\/76001B77-C928-4DE4-A0CC-35570EAB05CE-300x225.jpeg 300w, https:\/\/agora.xtec.cat\/ie-elcabreres\/wp-content\/uploads\/usu2186\/2021\/03\/76001B77-C928-4DE4-A0CC-35570EAB05CE-768x576.jpeg 768w, https:\/\/agora.xtec.cat\/ie-elcabreres\/wp-content\/uploads\/usu2186\/2021\/03\/76001B77-C928-4DE4-A0CC-35570EAB05CE-1024x768.jpeg 1024w, https:\/\/agora.xtec.cat\/ie-elcabreres\/wp-content\/uploads\/usu2186\/2021\/03\/76001B77-C928-4DE4-A0CC-35570EAB05CE-200x150.jpeg 200w, https:\/\/agora.xtec.cat\/ie-elcabreres\/wp-content\/uploads\/usu2186\/2021\/03\/76001B77-C928-4DE4-A0CC-35570EAB05CE.jpeg 2016w\" sizes=\"auto, (max-width: 300px) 100vw, 300px\" \/><\/a><\/p>\n<p><a href=\"https:\/\/agora.xtec.cat\/ie-elcabreres\/wp-content\/uploads\/usu2186\/2021\/03\/F35B4BB9-C17A-413D-B42B-1A2E5CBA6511.jpeg\"><img loading=\"lazy\" decoding=\"async\" class=\"alignnone wp-image-3305 size-medium\" src=\"https:\/\/agora.xtec.cat\/ie-elcabreres\/wp-content\/uploads\/usu2186\/2021\/03\/F35B4BB9-C17A-413D-B42B-1A2E5CBA6511-300x225.jpeg\" alt=\"\" width=\"300\" height=\"225\" srcset=\"https:\/\/agora.xtec.cat\/ie-elcabreres\/wp-content\/uploads\/usu2186\/2021\/03\/F35B4BB9-C17A-413D-B42B-1A2E5CBA6511-300x225.jpeg 300w, https:\/\/agora.xtec.cat\/ie-elcabreres\/wp-content\/uploads\/usu2186\/2021\/03\/F35B4BB9-C17A-413D-B42B-1A2E5CBA6511-768x576.jpeg 768w, https:\/\/agora.xtec.cat\/ie-elcabreres\/wp-content\/uploads\/usu2186\/2021\/03\/F35B4BB9-C17A-413D-B42B-1A2E5CBA6511-1024x768.jpeg 1024w, https:\/\/agora.xtec.cat\/ie-elcabreres\/wp-content\/uploads\/usu2186\/2021\/03\/F35B4BB9-C17A-413D-B42B-1A2E5CBA6511-200x150.jpeg 200w, https:\/\/agora.xtec.cat\/ie-elcabreres\/wp-content\/uploads\/usu2186\/2021\/03\/F35B4BB9-C17A-413D-B42B-1A2E5CBA6511.jpeg 2016w\" sizes=\"auto, (max-width: 300px) 100vw, 300px\" \/><\/a><\/p>\n<p><a href=\"https:\/\/agora.xtec.cat\/ie-elcabreres\/wp-content\/uploads\/usu2186\/2021\/03\/37B5178E-C864-44A8-BEB8-1EA0B67E46FF.jpeg\"><img loading=\"lazy\" decoding=\"async\" class=\"alignnone size-medium wp-image-3304\" src=\"https:\/\/agora.xtec.cat\/ie-elcabreres\/wp-content\/uploads\/usu2186\/2021\/03\/37B5178E-C864-44A8-BEB8-1EA0B67E46FF-300x225.jpeg\" alt=\"\" width=\"300\" height=\"225\" srcset=\"https:\/\/agora.xtec.cat\/ie-elcabreres\/wp-content\/uploads\/usu2186\/2021\/03\/37B5178E-C864-44A8-BEB8-1EA0B67E46FF-300x225.jpeg 300w, https:\/\/agora.xtec.cat\/ie-elcabreres\/wp-content\/uploads\/usu2186\/2021\/03\/37B5178E-C864-44A8-BEB8-1EA0B67E46FF-768x576.jpeg 768w, https:\/\/agora.xtec.cat\/ie-elcabreres\/wp-content\/uploads\/usu2186\/2021\/03\/37B5178E-C864-44A8-BEB8-1EA0B67E46FF-1024x768.jpeg 1024w, https:\/\/agora.xtec.cat\/ie-elcabreres\/wp-content\/uploads\/usu2186\/2021\/03\/37B5178E-C864-44A8-BEB8-1EA0B67E46FF-200x150.jpeg 200w, https:\/\/agora.xtec.cat\/ie-elcabreres\/wp-content\/uploads\/usu2186\/2021\/03\/37B5178E-C864-44A8-BEB8-1EA0B67E46FF.jpeg 2016w\" sizes=\"auto, (max-width: 300px) 100vw, 300px\" \/><\/a><\/p>\n","protected":false},"excerpt":{"rendered":"<p>A la classe dels Bola de Drac hem estat parlant del Dia de la Dona. Hem pogut reflexionar-hi plegats i han sortit dubtes i q\u00fcestions que entre totes hem anat resolent. Despr\u00e9s hem buscat lemes i expressions que ens ajudessin a posar paraules a aquestes q\u00fcestions i les hem dibuixades als vidres. &nbsp; &nbsp; &nbsp;<\/p>\n","protected":false},"author":16,"featured_media":3319,"comment_status":"closed","ping_status":"closed","sticky":false,"template":"","format":"standard","meta":{"_bbp_topic_count":0,"_bbp_reply_count":0,"_bbp_total_topic_count":0,"_bbp_total_reply_count":0,"_bbp_voice_count":0,"_bbp_anonymous_reply_count":0,"_bbp_topic_count_hidden":0,"_bbp_reply_count_hidden":0,"_bbp_forum_subforum_count":0,"site-sidebar-layout":"default","site-content-layout":"","ast-site-content-layout":"","site-content-style":"default","site-sidebar-style":"default","ast-global-header-display":"","ast-banner-title-visibility":"","ast-main-header-display":"","ast-hfb-above-header-display":"","ast-hfb-below-header-display":"","ast-hfb-mobile-header-display":"","site-post-title":"","ast-breadcrumbs-content":"","ast-featured-img":"","footer-sml-layout":"","theme-transparent-header-meta":"","adv-header-id-meta":"","stick-header-meta":"","header-above-stick-meta":"","header-main-stick-meta":"","header-below-stick-meta":"","astra-migrate-meta-layouts":"default","ast-page-background-enabled":"default","ast-page-background-meta":{"desktop":{"background-color":"var(--ast-global-color-4)","background-image":"","background-repeat":"repeat","background-position":"center center","background-size":"auto","background-attachment":"scroll","background-type":"","background-media":"","overlay-type":"","overlay-color":"","overlay-opacity":"","overlay-gradient":""},"tablet":{"background-color":"","background-image":"","background-repeat":"repeat","background-position":"center center","background-size":"auto","background-attachment":"scroll","background-type":"","background-media":"","overlay-type":"","overlay-color":"","overlay-opacity":"","overlay-gradient":""},"mobile":{"background-color":"","background-image":"","background-repeat":"repeat","background-position":"center center","background-size":"auto","background-attachment":"scroll","background-type":"","background-media":"","overlay-type":"","overlay-color":"","overlay-opacity":"","overlay-gradient":""}},"ast-content-background-meta":{"desktop":{"background-color":"var(--ast-global-color-5)","background-image":"","background-repeat":"repeat","background-position":"center center","background-size":"auto","background-attachment":"scroll","background-type":"","background-media":"","overlay-type":"","overlay-color":"","overlay-opacity":"","overlay-gradient":""},"tablet":{"background-color":"var(--ast-global-color-5)","background-image":"","background-repeat":"repeat","background-position":"center center","background-size":"auto","background-attachment":"scroll","background-type":"","background-media":"","overlay-type":"","overlay-color":"","overlay-opacity":"","overlay-gradient":""},"mobile":{"background-color":"var(--ast-global-color-5)","background-image":"","background-repeat":"repeat","background-position":"center center","background-size":"auto","background-attachment":"scroll","background-type":"","background-media":"","overlay-type":"","overlay-color":"","overlay-opacity":"","overlay-gradient":""}},"footnotes":""},"categories":[1,15],"tags":[108],"class_list":["post-3301","post","type-post","status-publish","format-standard","has-post-thumbnail","hentry","category-general","category-promocio-2012-2021","tag-dia-de-la-dona"],"post_mailing_queue_ids":[],"_links":{"self":[{"href":"https:\/\/agora.xtec.cat\/ie-elcabreres\/wp-json\/wp\/v2\/posts\/3301","targetHints":{"allow":["GET"]}}],"collection":[{"href":"https:\/\/agora.xtec.cat\/ie-elcabreres\/wp-json\/wp\/v2\/posts"}],"about":[{"href":"https:\/\/agora.xtec.cat\/ie-elcabreres\/wp-json\/wp\/v2\/types\/post"}],"author":[{"embeddable":true,"href":"https:\/\/agora.xtec.cat\/ie-elcabreres\/wp-json\/wp\/v2\/users\/16"}],"replies":[{"embeddable":true,"href":"https:\/\/agora.xtec.cat\/ie-elcabreres\/wp-json\/wp\/v2\/comments?post=3301"}],"version-history":[{"count":3,"href":"https:\/\/agora.xtec.cat\/ie-elcabreres\/wp-json\/wp\/v2\/posts\/3301\/revisions"}],"predecessor-version":[{"id":3318,"href":"https:\/\/agora.xtec.cat\/ie-elcabreres\/wp-json\/wp\/v2\/posts\/3301\/revisions\/3318"}],"wp:featuredmedia":[{"embeddable":true,"href":"https:\/\/agora.xtec.cat\/ie-elcabreres\/wp-json\/wp\/v2\/media\/3319"}],"wp:attachment":[{"href":"https:\/\/agora.xtec.cat\/ie-elcabreres\/wp-json\/wp\/v2\/media?parent=3301"}],"wp:term":[{"taxonomy":"category","embeddable":true,"href":"https:\/\/agora.xtec.cat\/ie-elcabreres\/wp-json\/wp\/v2\/categories?post=3301"},{"taxonomy":"post_tag","embeddable":true,"href":"https:\/\/agora.xtec.cat\/ie-elcabreres\/wp-json\/wp\/v2\/tags?post=3301"}],"curies":[{"name":"wp","href":"https:\/\/api.w.org\/{rel}","templated":true}]}}