{"id":2711,"date":"2021-02-10T11:59:11","date_gmt":"2021-02-10T10:59:11","guid":{"rendered":"https:\/\/agora.xtec.cat\/ie-elcabreres\/?p=2711"},"modified":"2021-02-17T12:19:28","modified_gmt":"2021-02-17T11:19:28","slug":"consigna-de-carnaval-per-dijous","status":"publish","type":"post","link":"https:\/\/agora.xtec.cat\/ie-elcabreres\/general\/consigna-de-carnaval-per-dijous\/","title":{"rendered":"Consigna de Carnaval pel dijous"},"content":{"rendered":"<p>Fidels a la cita di\u00e0ria, el Carnestoltes i el Consell del Bull han tornat a apar\u00e8ixer. Han revisat els pentinats de tothom i han explicat la consigna que s&#8217;ha de complir dem\u00e0:<\/p>\n<p style=\"text-align: center\"><span style=\"color: #000080\"><em><span style=\"font-weight: 400\">Bon dia colla de despentinats!!!!\u00a0<\/span><\/em><\/span><\/p>\n<p style=\"text-align: center\"><span style=\"color: #000080\"><em><span style=\"font-weight: 400\">M\u2019encanten aquests pentinats, els perruquers de l\u2019Esquirol ja poden tremolar perqu\u00e8 sou uns artistes. <\/span><\/em><\/span><\/p>\n<p style=\"text-align: center\"><span style=\"color: #000080\"><em><span style=\"font-weight: 400\">Per dem\u00e0, dijous llarder, haureu d\u2019anar com superherois i superhero\u00efnes <\/span><\/em><\/span><\/p>\n<p style=\"text-align: center\"><span style=\"color: #000080\"><em><b>amb calces o <\/b><\/em><\/span><span style=\"color: #000080\"><em><b>cal\u00e7otets lluint-los per sobre els pantalons<\/b><span style=\"font-weight: 400\">. <\/span><\/em><\/span><\/p>\n<p style=\"text-align: center\"><span style=\"color: #000080\"><em><span style=\"font-weight: 400\">I no sigueu porcs i trieu-ne uns de nets.<\/span><\/em><\/span><\/p>\n<p><a href=\"https:\/\/agora.xtec.cat\/ie-elcabreres\/wp-content\/uploads\/usu2186\/2021\/02\/IMG_20210210_113548.jpg\"><img loading=\"lazy\" decoding=\"async\" class=\"alignnone size-large wp-image-2712\" src=\"https:\/\/agora.xtec.cat\/ie-elcabreres\/wp-content\/uploads\/usu2186\/2021\/02\/IMG_20210210_113548-1024x768.jpg\" alt=\"\" width=\"1024\" height=\"768\" srcset=\"https:\/\/agora.xtec.cat\/ie-elcabreres\/wp-content\/uploads\/usu2186\/2021\/02\/IMG_20210210_113548-1024x768.jpg 1024w, https:\/\/agora.xtec.cat\/ie-elcabreres\/wp-content\/uploads\/usu2186\/2021\/02\/IMG_20210210_113548-300x225.jpg 300w, https:\/\/agora.xtec.cat\/ie-elcabreres\/wp-content\/uploads\/usu2186\/2021\/02\/IMG_20210210_113548-768x576.jpg 768w, https:\/\/agora.xtec.cat\/ie-elcabreres\/wp-content\/uploads\/usu2186\/2021\/02\/IMG_20210210_113548-200x150.jpg 200w, https:\/\/agora.xtec.cat\/ie-elcabreres\/wp-content\/uploads\/usu2186\/2021\/02\/IMG_20210210_113548.jpg 1040w\" sizes=\"auto, (max-width: 1024px) 100vw, 1024px\" \/><\/a> <a href=\"https:\/\/agora.xtec.cat\/ie-elcabreres\/wp-content\/uploads\/usu2186\/2021\/02\/IMG_20210210_113622-1.jpg\"><img loading=\"lazy\" decoding=\"async\" class=\"alignnone size-large wp-image-2714\" src=\"https:\/\/agora.xtec.cat\/ie-elcabreres\/wp-content\/uploads\/usu2186\/2021\/02\/IMG_20210210_113622-1-1024x768.jpg\" alt=\"\" width=\"1024\" height=\"768\" srcset=\"https:\/\/agora.xtec.cat\/ie-elcabreres\/wp-content\/uploads\/usu2186\/2021\/02\/IMG_20210210_113622-1-1024x768.jpg 1024w, https:\/\/agora.xtec.cat\/ie-elcabreres\/wp-content\/uploads\/usu2186\/2021\/02\/IMG_20210210_113622-1-300x225.jpg 300w, https:\/\/agora.xtec.cat\/ie-elcabreres\/wp-content\/uploads\/usu2186\/2021\/02\/IMG_20210210_113622-1-768x576.jpg 768w, https:\/\/agora.xtec.cat\/ie-elcabreres\/wp-content\/uploads\/usu2186\/2021\/02\/IMG_20210210_113622-1-200x150.jpg 200w, https:\/\/agora.xtec.cat\/ie-elcabreres\/wp-content\/uploads\/usu2186\/2021\/02\/IMG_20210210_113622-1.jpg 1040w\" sizes=\"auto, (max-width: 1024px) 100vw, 1024px\" \/><\/a><\/p>\n","protected":false},"excerpt":{"rendered":"<p>Fidels a la cita di\u00e0ria, el Carnestoltes i el Consell del Bull han tornat a apar\u00e8ixer. Han revisat els pentinats de tothom i han explicat la consigna que s&#8217;ha de complir dem\u00e0: Bon dia colla de despentinats!!!!\u00a0 M\u2019encanten aquests pentinats, els perruquers de l\u2019Esquirol ja poden tremolar perqu\u00e8 sou uns artistes. Per dem\u00e0, dijous llarder, [&hellip;]<\/p>\n","protected":false},"author":14,"featured_media":2712,"comment_status":"closed","ping_status":"closed","sticky":false,"template":"","format":"standard","meta":{"_bbp_topic_count":0,"_bbp_reply_count":0,"_bbp_total_topic_count":0,"_bbp_total_reply_count":0,"_bbp_voice_count":0,"_bbp_anonymous_reply_count":0,"_bbp_topic_count_hidden":0,"_bbp_reply_count_hidden":0,"_bbp_forum_subforum_count":0,"site-sidebar-layout":"default","site-content-layout":"","ast-site-content-layout":"","site-content-style":"default","site-sidebar-style":"default","ast-global-header-display":"","ast-banner-title-visibility":"","ast-main-header-display":"","ast-hfb-above-header-display":"","ast-hfb-below-header-display":"","ast-hfb-mobile-header-display":"","site-post-title":"","ast-breadcrumbs-content":"","ast-featured-img":"","footer-sml-layout":"","theme-transparent-header-meta":"","adv-header-id-meta":"","stick-header-meta":"","header-above-stick-meta":"","header-main-stick-meta":"","header-below-stick-meta":"","astra-migrate-meta-layouts":"default","ast-page-background-enabled":"default","ast-page-background-meta":{"desktop":{"background-color":"var(--ast-global-color-4)","background-image":"","background-repeat":"repeat","background-position":"center center","background-size":"auto","background-attachment":"scroll","background-type":"","background-media":"","overlay-type":"","overlay-color":"","overlay-opacity":"","overlay-gradient":""},"tablet":{"background-color":"","background-image":"","background-repeat":"repeat","background-position":"center center","background-size":"auto","background-attachment":"scroll","background-type":"","background-media":"","overlay-type":"","overlay-color":"","overlay-opacity":"","overlay-gradient":""},"mobile":{"background-color":"","background-image":"","background-repeat":"repeat","background-position":"center center","background-size":"auto","background-attachment":"scroll","background-type":"","background-media":"","overlay-type":"","overlay-color":"","overlay-opacity":"","overlay-gradient":""}},"ast-content-background-meta":{"desktop":{"background-color":"var(--ast-global-color-5)","background-image":"","background-repeat":"repeat","background-position":"center center","background-size":"auto","background-attachment":"scroll","background-type":"","background-media":"","overlay-type":"","overlay-color":"","overlay-opacity":"","overlay-gradient":""},"tablet":{"background-color":"var(--ast-global-color-5)","background-image":"","background-repeat":"repeat","background-position":"center center","background-size":"auto","background-attachment":"scroll","background-type":"","background-media":"","overlay-type":"","overlay-color":"","overlay-opacity":"","overlay-gradient":""},"mobile":{"background-color":"var(--ast-global-color-5)","background-image":"","background-repeat":"repeat","background-position":"center center","background-size":"auto","background-attachment":"scroll","background-type":"","background-media":"","overlay-type":"","overlay-color":"","overlay-opacity":"","overlay-gradient":""}},"footnotes":""},"categories":[1,4],"tags":[99,101,100],"class_list":["post-2711","post","type-post","status-publish","format-standard","has-post-thumbnail","hentry","category-general","category-portada","tag-carnaval","tag-carnestoltes","tag-festes"],"post_mailing_queue_ids":[],"_links":{"self":[{"href":"https:\/\/agora.xtec.cat\/ie-elcabreres\/wp-json\/wp\/v2\/posts\/2711","targetHints":{"allow":["GET"]}}],"collection":[{"href":"https:\/\/agora.xtec.cat\/ie-elcabreres\/wp-json\/wp\/v2\/posts"}],"about":[{"href":"https:\/\/agora.xtec.cat\/ie-elcabreres\/wp-json\/wp\/v2\/types\/post"}],"author":[{"embeddable":true,"href":"https:\/\/agora.xtec.cat\/ie-elcabreres\/wp-json\/wp\/v2\/users\/14"}],"replies":[{"embeddable":true,"href":"https:\/\/agora.xtec.cat\/ie-elcabreres\/wp-json\/wp\/v2\/comments?post=2711"}],"version-history":[{"count":2,"href":"https:\/\/agora.xtec.cat\/ie-elcabreres\/wp-json\/wp\/v2\/posts\/2711\/revisions"}],"predecessor-version":[{"id":2716,"href":"https:\/\/agora.xtec.cat\/ie-elcabreres\/wp-json\/wp\/v2\/posts\/2711\/revisions\/2716"}],"wp:featuredmedia":[{"embeddable":true,"href":"https:\/\/agora.xtec.cat\/ie-elcabreres\/wp-json\/wp\/v2\/media\/2712"}],"wp:attachment":[{"href":"https:\/\/agora.xtec.cat\/ie-elcabreres\/wp-json\/wp\/v2\/media?parent=2711"}],"wp:term":[{"taxonomy":"category","embeddable":true,"href":"https:\/\/agora.xtec.cat\/ie-elcabreres\/wp-json\/wp\/v2\/categories?post=2711"},{"taxonomy":"post_tag","embeddable":true,"href":"https:\/\/agora.xtec.cat\/ie-elcabreres\/wp-json\/wp\/v2\/tags?post=2711"}],"curies":[{"name":"wp","href":"https:\/\/api.w.org\/{rel}","templated":true}]}}