{"id":2560,"date":"2021-01-28T16:25:56","date_gmt":"2021-01-28T15:25:56","guid":{"rendered":"https:\/\/agora.xtec.cat\/ie-elcabreres\/?p=2560"},"modified":"2021-01-28T16:27:27","modified_gmt":"2021-01-28T15:27:27","slug":"comencem-un-viatge-per-la-historia","status":"publish","type":"post","link":"https:\/\/agora.xtec.cat\/ie-elcabreres\/promocio-2013-2022\/comencem-un-viatge-per-la-historia\/","title":{"rendered":"Comencem un viatge per la hist\u00f2ria"},"content":{"rendered":"<p>Aquest dimecres al mat\u00ed van apar\u00e8ixer a l&#8217;escola tres personatges ben estranys: una bella princesa, un druida i una dona del paleol\u00edtic!<\/p>\n<p>Entre tots hem intentat situar-los en el moment hist\u00f2ric corresponent i hem reflexionat com, nom\u00e9s per les seves robes, hem estat capa\u00e7os de deduir en quina \u00e8poca havien viscut.<\/p>\n<p>Aix\u00ed comen\u00e7a el projecte d&#8217;aquest trimestre que ens portar\u00e0 a fer un llarg viatge des que els homes van aprendre a fer foc fins a l&#8217;actualitat.<\/p>\n<p><a href=\"https:\/\/agora.xtec.cat\/ie-elcabreres\/wp-content\/uploads\/usu2186\/2021\/01\/IMG-20210128-WA0005.jpg\"><img loading=\"lazy\" decoding=\"async\" class=\"alignnone wp-image-2561 size-large\" src=\"https:\/\/agora.xtec.cat\/ie-elcabreres\/wp-content\/uploads\/usu2186\/2021\/01\/IMG-20210128-WA0005-1024x472.jpg\" alt=\"\" width=\"1024\" height=\"472\" srcset=\"https:\/\/agora.xtec.cat\/ie-elcabreres\/wp-content\/uploads\/usu2186\/2021\/01\/IMG-20210128-WA0005-1024x472.jpg 1024w, https:\/\/agora.xtec.cat\/ie-elcabreres\/wp-content\/uploads\/usu2186\/2021\/01\/IMG-20210128-WA0005-300x138.jpg 300w, https:\/\/agora.xtec.cat\/ie-elcabreres\/wp-content\/uploads\/usu2186\/2021\/01\/IMG-20210128-WA0005-768x354.jpg 768w, https:\/\/agora.xtec.cat\/ie-elcabreres\/wp-content\/uploads\/usu2186\/2021\/01\/IMG-20210128-WA0005.jpg 2016w\" sizes=\"auto, (max-width: 1024px) 100vw, 1024px\" \/><\/a> <a href=\"https:\/\/agora.xtec.cat\/ie-elcabreres\/wp-content\/uploads\/usu2186\/2021\/01\/IMG-20210128-WA0006.jpg\"><img loading=\"lazy\" decoding=\"async\" class=\"alignnone wp-image-2562 size-large\" src=\"https:\/\/agora.xtec.cat\/ie-elcabreres\/wp-content\/uploads\/usu2186\/2021\/01\/IMG-20210128-WA0006-1024x472.jpg\" alt=\"\" width=\"1024\" height=\"472\" srcset=\"https:\/\/agora.xtec.cat\/ie-elcabreres\/wp-content\/uploads\/usu2186\/2021\/01\/IMG-20210128-WA0006-1024x472.jpg 1024w, https:\/\/agora.xtec.cat\/ie-elcabreres\/wp-content\/uploads\/usu2186\/2021\/01\/IMG-20210128-WA0006-300x138.jpg 300w, https:\/\/agora.xtec.cat\/ie-elcabreres\/wp-content\/uploads\/usu2186\/2021\/01\/IMG-20210128-WA0006-768x354.jpg 768w, https:\/\/agora.xtec.cat\/ie-elcabreres\/wp-content\/uploads\/usu2186\/2021\/01\/IMG-20210128-WA0006.jpg 2016w\" sizes=\"auto, (max-width: 1024px) 100vw, 1024px\" \/><\/a> <a href=\"https:\/\/agora.xtec.cat\/ie-elcabreres\/wp-content\/uploads\/usu2186\/2021\/01\/IMG-20210128-WA0007.jpg\"><img loading=\"lazy\" decoding=\"async\" class=\"alignnone wp-image-2563 size-large\" src=\"https:\/\/agora.xtec.cat\/ie-elcabreres\/wp-content\/uploads\/usu2186\/2021\/01\/IMG-20210128-WA0007-1024x472.jpg\" alt=\"\" width=\"1024\" height=\"472\" srcset=\"https:\/\/agora.xtec.cat\/ie-elcabreres\/wp-content\/uploads\/usu2186\/2021\/01\/IMG-20210128-WA0007-1024x472.jpg 1024w, https:\/\/agora.xtec.cat\/ie-elcabreres\/wp-content\/uploads\/usu2186\/2021\/01\/IMG-20210128-WA0007-300x138.jpg 300w, https:\/\/agora.xtec.cat\/ie-elcabreres\/wp-content\/uploads\/usu2186\/2021\/01\/IMG-20210128-WA0007-768x354.jpg 768w, https:\/\/agora.xtec.cat\/ie-elcabreres\/wp-content\/uploads\/usu2186\/2021\/01\/IMG-20210128-WA0007.jpg 2016w\" sizes=\"auto, (max-width: 1024px) 100vw, 1024px\" \/><\/a><\/p>\n","protected":false},"excerpt":{"rendered":"<p>Aquest dimecres al mat\u00ed van apar\u00e8ixer a l&#8217;escola tres personatges ben estranys: una bella princesa, un druida i una dona del paleol\u00edtic! Entre tots hem intentat situar-los en el moment hist\u00f2ric corresponent i hem reflexionat com, nom\u00e9s per les seves robes, hem estat capa\u00e7os de deduir en quina \u00e8poca havien viscut. Aix\u00ed comen\u00e7a el projecte [&hellip;]<\/p>\n","protected":false},"author":4,"featured_media":2561,"comment_status":"closed","ping_status":"closed","sticky":false,"template":"","format":"standard","meta":{"_bbp_topic_count":0,"_bbp_reply_count":0,"_bbp_total_topic_count":0,"_bbp_total_reply_count":0,"_bbp_voice_count":0,"_bbp_anonymous_reply_count":0,"_bbp_topic_count_hidden":0,"_bbp_reply_count_hidden":0,"_bbp_forum_subforum_count":0,"site-sidebar-layout":"default","site-content-layout":"","ast-site-content-layout":"","site-content-style":"default","site-sidebar-style":"default","ast-global-header-display":"","ast-banner-title-visibility":"","ast-main-header-display":"","ast-hfb-above-header-display":"","ast-hfb-below-header-display":"","ast-hfb-mobile-header-display":"","site-post-title":"","ast-breadcrumbs-content":"","ast-featured-img":"","footer-sml-layout":"","theme-transparent-header-meta":"","adv-header-id-meta":"","stick-header-meta":"","header-above-stick-meta":"","header-main-stick-meta":"","header-below-stick-meta":"","astra-migrate-meta-layouts":"default","ast-page-background-enabled":"default","ast-page-background-meta":{"desktop":{"background-color":"var(--ast-global-color-4)","background-image":"","background-repeat":"repeat","background-position":"center center","background-size":"auto","background-attachment":"scroll","background-type":"","background-media":"","overlay-type":"","overlay-color":"","overlay-opacity":"","overlay-gradient":""},"tablet":{"background-color":"","background-image":"","background-repeat":"repeat","background-position":"center center","background-size":"auto","background-attachment":"scroll","background-type":"","background-media":"","overlay-type":"","overlay-color":"","overlay-opacity":"","overlay-gradient":""},"mobile":{"background-color":"","background-image":"","background-repeat":"repeat","background-position":"center center","background-size":"auto","background-attachment":"scroll","background-type":"","background-media":"","overlay-type":"","overlay-color":"","overlay-opacity":"","overlay-gradient":""}},"ast-content-background-meta":{"desktop":{"background-color":"var(--ast-global-color-5)","background-image":"","background-repeat":"repeat","background-position":"center center","background-size":"auto","background-attachment":"scroll","background-type":"","background-media":"","overlay-type":"","overlay-color":"","overlay-opacity":"","overlay-gradient":""},"tablet":{"background-color":"var(--ast-global-color-5)","background-image":"","background-repeat":"repeat","background-position":"center center","background-size":"auto","background-attachment":"scroll","background-type":"","background-media":"","overlay-type":"","overlay-color":"","overlay-opacity":"","overlay-gradient":""},"mobile":{"background-color":"var(--ast-global-color-5)","background-image":"","background-repeat":"repeat","background-position":"center center","background-size":"auto","background-attachment":"scroll","background-type":"","background-media":"","overlay-type":"","overlay-color":"","overlay-opacity":"","overlay-gradient":""}},"footnotes":""},"categories":[15,14],"tags":[78],"class_list":["post-2560","post","type-post","status-publish","format-standard","has-post-thumbnail","hentry","category-promocio-2012-2021","category-promocio-2013-2022","tag-projecte"],"post_mailing_queue_ids":[],"_links":{"self":[{"href":"https:\/\/agora.xtec.cat\/ie-elcabreres\/wp-json\/wp\/v2\/posts\/2560","targetHints":{"allow":["GET"]}}],"collection":[{"href":"https:\/\/agora.xtec.cat\/ie-elcabreres\/wp-json\/wp\/v2\/posts"}],"about":[{"href":"https:\/\/agora.xtec.cat\/ie-elcabreres\/wp-json\/wp\/v2\/types\/post"}],"author":[{"embeddable":true,"href":"https:\/\/agora.xtec.cat\/ie-elcabreres\/wp-json\/wp\/v2\/users\/4"}],"replies":[{"embeddable":true,"href":"https:\/\/agora.xtec.cat\/ie-elcabreres\/wp-json\/wp\/v2\/comments?post=2560"}],"version-history":[{"count":3,"href":"https:\/\/agora.xtec.cat\/ie-elcabreres\/wp-json\/wp\/v2\/posts\/2560\/revisions"}],"predecessor-version":[{"id":2567,"href":"https:\/\/agora.xtec.cat\/ie-elcabreres\/wp-json\/wp\/v2\/posts\/2560\/revisions\/2567"}],"wp:featuredmedia":[{"embeddable":true,"href":"https:\/\/agora.xtec.cat\/ie-elcabreres\/wp-json\/wp\/v2\/media\/2561"}],"wp:attachment":[{"href":"https:\/\/agora.xtec.cat\/ie-elcabreres\/wp-json\/wp\/v2\/media?parent=2560"}],"wp:term":[{"taxonomy":"category","embeddable":true,"href":"https:\/\/agora.xtec.cat\/ie-elcabreres\/wp-json\/wp\/v2\/categories?post=2560"},{"taxonomy":"post_tag","embeddable":true,"href":"https:\/\/agora.xtec.cat\/ie-elcabreres\/wp-json\/wp\/v2\/tags?post=2560"}],"curies":[{"name":"wp","href":"https:\/\/api.w.org\/{rel}","templated":true}]}}