{"id":13087,"date":"2026-04-23T14:00:38","date_gmt":"2026-04-23T12:00:38","guid":{"rendered":"https:\/\/agora.xtec.cat\/ie-elcabreres\/?p=13087"},"modified":"2026-04-21T11:08:32","modified_gmt":"2026-04-21T09:08:32","slug":"les-endevinalles-de-la-primavera","status":"publish","type":"post","link":"https:\/\/agora.xtec.cat\/ie-elcabreres\/promocio-2019\/les-endevinalles-de-la-primavera\/","title":{"rendered":"Les Endevinalles de la Primavera"},"content":{"rendered":"<p class=\"isSelectedEnd\">Amb l\u2019arribada de la primavera hem estat treballant un recull d\u2019<strong>endevinalles primaverals<\/strong>.<\/p>\n<p class=\"isSelectedEnd\">A trav\u00e9s d\u2019aquesta activitat, hem observat l\u2019entorn, hem jugat amb les paraules i hem posat en pr\u00e0ctica la nostra imaginaci\u00f3 per crear endevinalles relacionades amb elements caracter\u00edstics de la primavera.<\/p>\n<p class=\"isSelectedEnd\">Aquestes produccions formen part de la nostra proposta per al <strong>certamen literari del centre.<\/strong><\/p>\n<p>Ha estat una experi\u00e8ncia molt enriquidora que ens ha perm\u00e8s treballar la llengua d\u2019una manera divertida i significativa, tot potenciant la creativitat i el gust per la literatura.<\/p>\n<p>Cliqueu a la imatge.<\/p>\n<p><a href=\"https:\/\/www.calameo.com\/read\/007489781e4c09ed62d8f\"><img loading=\"lazy\" decoding=\"async\" class=\"alignnone wp-image-13090\" src=\"https:\/\/agora.xtec.cat\/ie-elcabreres\/wp-content\/uploads\/usu2186\/2026\/04\/WhatsApp-Image-2026-04-21-at-11.00.49-1024x769.jpeg\" alt=\"\" width=\"539\" height=\"405\" srcset=\"https:\/\/agora.xtec.cat\/ie-elcabreres\/wp-content\/uploads\/usu2186\/2026\/04\/WhatsApp-Image-2026-04-21-at-11.00.49-1024x769.jpeg 1024w, https:\/\/agora.xtec.cat\/ie-elcabreres\/wp-content\/uploads\/usu2186\/2026\/04\/WhatsApp-Image-2026-04-21-at-11.00.49-300x225.jpeg 300w, https:\/\/agora.xtec.cat\/ie-elcabreres\/wp-content\/uploads\/usu2186\/2026\/04\/WhatsApp-Image-2026-04-21-at-11.00.49-768x576.jpeg 768w, https:\/\/agora.xtec.cat\/ie-elcabreres\/wp-content\/uploads\/usu2186\/2026\/04\/WhatsApp-Image-2026-04-21-at-11.00.49-1536x1153.jpeg 1536w, https:\/\/agora.xtec.cat\/ie-elcabreres\/wp-content\/uploads\/usu2186\/2026\/04\/WhatsApp-Image-2026-04-21-at-11.00.49.jpeg 1600w\" sizes=\"auto, (max-width: 539px) 100vw, 539px\" \/><\/a><\/p>\n<p>&nbsp;<\/p>\n","protected":false},"excerpt":{"rendered":"<p>Amb l\u2019arribada de la primavera hem estat treballant un recull d\u2019endevinalles primaverals. A trav\u00e9s d\u2019aquesta activitat, hem observat l\u2019entorn, hem jugat amb les paraules i hem posat en pr\u00e0ctica la nostra imaginaci\u00f3 per crear endevinalles relacionades amb elements caracter\u00edstics de la primavera. Aquestes produccions formen part de la nostra proposta per al certamen literari del [&hellip;]<\/p>\n","protected":false},"author":11,"featured_media":0,"comment_status":"closed","ping_status":"closed","sticky":false,"template":"","format":"standard","meta":{"_bbp_topic_count":0,"_bbp_reply_count":0,"_bbp_total_topic_count":0,"_bbp_total_reply_count":0,"_bbp_voice_count":0,"_bbp_anonymous_reply_count":0,"_bbp_topic_count_hidden":0,"_bbp_reply_count_hidden":0,"_bbp_forum_subforum_count":0,"site-sidebar-layout":"default","site-content-layout":"","ast-site-content-layout":"default","site-content-style":"default","site-sidebar-style":"default","ast-global-header-display":"","ast-banner-title-visibility":"","ast-main-header-display":"","ast-hfb-above-header-display":"","ast-hfb-below-header-display":"","ast-hfb-mobile-header-display":"","site-post-title":"","ast-breadcrumbs-content":"","ast-featured-img":"","footer-sml-layout":"","theme-transparent-header-meta":"default","adv-header-id-meta":"","stick-header-meta":"","header-above-stick-meta":"","header-main-stick-meta":"","header-below-stick-meta":"","astra-migrate-meta-layouts":"set","ast-page-background-enabled":"default","ast-page-background-meta":{"desktop":{"background-color":"var(--ast-global-color-4)","background-image":"","background-repeat":"repeat","background-position":"center center","background-size":"auto","background-attachment":"scroll","background-type":"","background-media":"","overlay-type":"","overlay-color":"","overlay-opacity":"","overlay-gradient":""},"tablet":{"background-color":"","background-image":"","background-repeat":"repeat","background-position":"center center","background-size":"auto","background-attachment":"scroll","background-type":"","background-media":"","overlay-type":"","overlay-color":"","overlay-opacity":"","overlay-gradient":""},"mobile":{"background-color":"","background-image":"","background-repeat":"repeat","background-position":"center center","background-size":"auto","background-attachment":"scroll","background-type":"","background-media":"","overlay-type":"","overlay-color":"","overlay-opacity":"","overlay-gradient":""}},"ast-content-background-meta":{"desktop":{"background-color":"var(--ast-global-color-5)","background-image":"","background-repeat":"repeat","background-position":"center center","background-size":"auto","background-attachment":"scroll","background-type":"","background-media":"","overlay-type":"","overlay-color":"","overlay-opacity":"","overlay-gradient":""},"tablet":{"background-color":"var(--ast-global-color-5)","background-image":"","background-repeat":"repeat","background-position":"center center","background-size":"auto","background-attachment":"scroll","background-type":"","background-media":"","overlay-type":"","overlay-color":"","overlay-opacity":"","overlay-gradient":""},"mobile":{"background-color":"var(--ast-global-color-5)","background-image":"","background-repeat":"repeat","background-position":"center center","background-size":"auto","background-attachment":"scroll","background-type":"","background-media":"","overlay-type":"","overlay-color":"","overlay-opacity":"","overlay-gradient":""}},"footnotes":""},"categories":[376],"tags":[],"class_list":["post-13087","post","type-post","status-publish","format-standard","hentry","category-promocio-2019"],"post_mailing_queue_ids":[],"_links":{"self":[{"href":"https:\/\/agora.xtec.cat\/ie-elcabreres\/wp-json\/wp\/v2\/posts\/13087","targetHints":{"allow":["GET"]}}],"collection":[{"href":"https:\/\/agora.xtec.cat\/ie-elcabreres\/wp-json\/wp\/v2\/posts"}],"about":[{"href":"https:\/\/agora.xtec.cat\/ie-elcabreres\/wp-json\/wp\/v2\/types\/post"}],"author":[{"embeddable":true,"href":"https:\/\/agora.xtec.cat\/ie-elcabreres\/wp-json\/wp\/v2\/users\/11"}],"replies":[{"embeddable":true,"href":"https:\/\/agora.xtec.cat\/ie-elcabreres\/wp-json\/wp\/v2\/comments?post=13087"}],"version-history":[{"count":4,"href":"https:\/\/agora.xtec.cat\/ie-elcabreres\/wp-json\/wp\/v2\/posts\/13087\/revisions"}],"predecessor-version":[{"id":13092,"href":"https:\/\/agora.xtec.cat\/ie-elcabreres\/wp-json\/wp\/v2\/posts\/13087\/revisions\/13092"}],"wp:attachment":[{"href":"https:\/\/agora.xtec.cat\/ie-elcabreres\/wp-json\/wp\/v2\/media?parent=13087"}],"wp:term":[{"taxonomy":"category","embeddable":true,"href":"https:\/\/agora.xtec.cat\/ie-elcabreres\/wp-json\/wp\/v2\/categories?post=13087"},{"taxonomy":"post_tag","embeddable":true,"href":"https:\/\/agora.xtec.cat\/ie-elcabreres\/wp-json\/wp\/v2\/tags?post=13087"}],"curies":[{"name":"wp","href":"https:\/\/api.w.org\/{rel}","templated":true}]}}