{"id":12744,"date":"2026-02-12T16:08:59","date_gmt":"2026-02-12T15:08:59","guid":{"rendered":"https:\/\/agora.xtec.cat\/ie-elcabreres\/?p=12744"},"modified":"2026-02-12T16:08:59","modified_gmt":"2026-02-12T15:08:59","slug":"organitzacio-del-carnaval","status":"publish","type":"post","link":"https:\/\/agora.xtec.cat\/ie-elcabreres\/promocio-2014\/organitzacio-del-carnaval\/","title":{"rendered":"Organitzaci\u00f3 del Carnaval"},"content":{"rendered":"<p><span style=\"font-weight: 500\">Aquest any nosaltres hem fet els discursos de carnaval i hem triat consignes esbojarrades i d\u2019altres m\u00e9s calmades. <\/span><span style=\"font-weight: 500\">Ens vam organitzar de la seg\u00fcent manera:<\/span><\/p>\n<ol>\n<li style=\"font-weight: 500\"><span style=\"font-weight: 500\">Ens vam reunir tots per a veure quines idees havien donat diferents classes a la reuni\u00f3 de delegats.<\/span><\/li>\n<li style=\"font-weight: 500\"><span style=\"font-weight: 500\">Vam votar consignes i l\u2019\u00c0lex els hi va assignar un dia.<\/span><\/li>\n<li style=\"font-weight: 500\"><span style=\"font-weight: 500\">L\u2019\u00c0lex va preguntar qui volia llegir els discursos i vam fer els grups per elaborar els discursos.<\/span><\/li>\n<li style=\"font-weight: 500\"><span style=\"font-weight: 500\">\u00a0Vam haver de fer un discurs que rim\u00e9s tota l\u2019estona.<\/span><\/li>\n<li style=\"font-weight: 500\"><span style=\"font-weight: 500\">Vam escollir qui seria el rei, qui seria el consell del bull a l\u2019hora de dir les consignes.<\/span><\/li>\n<li style=\"font-weight: 500\"><span style=\"font-weight: 500\">Els de les penyores van pensar quines serien i finalment va arribar el carnaval i vam escollir qui seria el rei carnestoltes i escollir un de tots els professors i professores.<\/span><\/li>\n<\/ol>\n<p><span style=\"font-weight: 500\">Els de sis\u00e8 hem estat molt contents de preparar el carnaval.<\/span><\/p>\n<p style=\"text-align: right\">Article escrit per: Arlet<\/p>\n","protected":false},"excerpt":{"rendered":"<p>Aquest any nosaltres hem fet els discursos de carnaval i hem triat consignes esbojarrades i d\u2019altres m\u00e9s calmades. Ens vam organitzar de la seg\u00fcent manera: Ens vam reunir tots per a veure quines idees havien donat diferents classes a la reuni\u00f3 de delegats. Vam votar consignes i l\u2019\u00c0lex els hi va assignar un dia. L\u2019\u00c0lex [&hellip;]<\/p>\n","protected":false},"author":16,"featured_media":12745,"comment_status":"open","ping_status":"open","sticky":false,"template":"","format":"standard","meta":{"_bbp_topic_count":0,"_bbp_reply_count":0,"_bbp_total_topic_count":0,"_bbp_total_reply_count":0,"_bbp_voice_count":0,"_bbp_anonymous_reply_count":0,"_bbp_topic_count_hidden":0,"_bbp_reply_count_hidden":0,"_bbp_forum_subforum_count":0,"site-sidebar-layout":"default","site-content-layout":"","ast-site-content-layout":"","site-content-style":"default","site-sidebar-style":"default","ast-global-header-display":"","ast-banner-title-visibility":"","ast-main-header-display":"","ast-hfb-above-header-display":"","ast-hfb-below-header-display":"","ast-hfb-mobile-header-display":"","site-post-title":"","ast-breadcrumbs-content":"","ast-featured-img":"","footer-sml-layout":"","theme-transparent-header-meta":"","adv-header-id-meta":"","stick-header-meta":"","header-above-stick-meta":"","header-main-stick-meta":"","header-below-stick-meta":"","astra-migrate-meta-layouts":"default","ast-page-background-enabled":"default","ast-page-background-meta":{"desktop":{"background-color":"var(--ast-global-color-4)","background-image":"","background-repeat":"repeat","background-position":"center center","background-size":"auto","background-attachment":"scroll","background-type":"","background-media":"","overlay-type":"","overlay-color":"","overlay-opacity":"","overlay-gradient":""},"tablet":{"background-color":"","background-image":"","background-repeat":"repeat","background-position":"center center","background-size":"auto","background-attachment":"scroll","background-type":"","background-media":"","overlay-type":"","overlay-color":"","overlay-opacity":"","overlay-gradient":""},"mobile":{"background-color":"","background-image":"","background-repeat":"repeat","background-position":"center center","background-size":"auto","background-attachment":"scroll","background-type":"","background-media":"","overlay-type":"","overlay-color":"","overlay-opacity":"","overlay-gradient":""}},"ast-content-background-meta":{"desktop":{"background-color":"var(--ast-global-color-5)","background-image":"","background-repeat":"repeat","background-position":"center center","background-size":"auto","background-attachment":"scroll","background-type":"","background-media":"","overlay-type":"","overlay-color":"","overlay-opacity":"","overlay-gradient":""},"tablet":{"background-color":"var(--ast-global-color-5)","background-image":"","background-repeat":"repeat","background-position":"center center","background-size":"auto","background-attachment":"scroll","background-type":"","background-media":"","overlay-type":"","overlay-color":"","overlay-opacity":"","overlay-gradient":""},"mobile":{"background-color":"var(--ast-global-color-5)","background-image":"","background-repeat":"repeat","background-position":"center center","background-size":"auto","background-attachment":"scroll","background-type":"","background-media":"","overlay-type":"","overlay-color":"","overlay-opacity":"","overlay-gradient":""}},"footnotes":""},"categories":[10],"tags":[99],"class_list":["post-12744","post","type-post","status-publish","format-standard","has-post-thumbnail","hentry","category-promocio-2014","tag-carnaval"],"post_mailing_queue_ids":[],"_links":{"self":[{"href":"https:\/\/agora.xtec.cat\/ie-elcabreres\/wp-json\/wp\/v2\/posts\/12744","targetHints":{"allow":["GET"]}}],"collection":[{"href":"https:\/\/agora.xtec.cat\/ie-elcabreres\/wp-json\/wp\/v2\/posts"}],"about":[{"href":"https:\/\/agora.xtec.cat\/ie-elcabreres\/wp-json\/wp\/v2\/types\/post"}],"author":[{"embeddable":true,"href":"https:\/\/agora.xtec.cat\/ie-elcabreres\/wp-json\/wp\/v2\/users\/16"}],"replies":[{"embeddable":true,"href":"https:\/\/agora.xtec.cat\/ie-elcabreres\/wp-json\/wp\/v2\/comments?post=12744"}],"version-history":[{"count":1,"href":"https:\/\/agora.xtec.cat\/ie-elcabreres\/wp-json\/wp\/v2\/posts\/12744\/revisions"}],"predecessor-version":[{"id":12746,"href":"https:\/\/agora.xtec.cat\/ie-elcabreres\/wp-json\/wp\/v2\/posts\/12744\/revisions\/12746"}],"wp:featuredmedia":[{"embeddable":true,"href":"https:\/\/agora.xtec.cat\/ie-elcabreres\/wp-json\/wp\/v2\/media\/12745"}],"wp:attachment":[{"href":"https:\/\/agora.xtec.cat\/ie-elcabreres\/wp-json\/wp\/v2\/media?parent=12744"}],"wp:term":[{"taxonomy":"category","embeddable":true,"href":"https:\/\/agora.xtec.cat\/ie-elcabreres\/wp-json\/wp\/v2\/categories?post=12744"},{"taxonomy":"post_tag","embeddable":true,"href":"https:\/\/agora.xtec.cat\/ie-elcabreres\/wp-json\/wp\/v2\/tags?post=12744"}],"curies":[{"name":"wp","href":"https:\/\/api.w.org\/{rel}","templated":true}]}}