{"id":12728,"date":"2026-02-06T16:30:45","date_gmt":"2026-02-06T15:30:45","guid":{"rendered":"https:\/\/agora.xtec.cat\/ie-elcabreres\/?p=12728"},"modified":"2026-02-06T10:30:55","modified_gmt":"2026-02-06T09:30:55","slug":"consigna-dilluns-9-de-febrer-de-2025","status":"publish","type":"post","link":"https:\/\/agora.xtec.cat\/ie-elcabreres\/general\/consigna-dilluns-9-de-febrer-de-2025\/","title":{"rendered":"Consigna dilluns 9 de febrer de 2025"},"content":{"rendered":"<p style=\"text-align: center;\">Hola el Cabrer\u00e8s,<br \/>\nha arribat el carnestoltes,<br \/>\ntot es fa del rev\u00e9s,<br \/>\ndes que ens han obert les portes.<\/p>\n<p style=\"text-align: center;\">Dilluns al mat\u00ed,<br \/>\npodeu venir amb coix\u00ed,<br \/>\npijama de colors,<br \/>\ni tamb\u00e9 estampat de flors.<\/p>\n<p style=\"text-align: center;\">Podeu portar un llen\u00e7ol,<br \/>\ntamb\u00e9 unes sabatilles,<br \/>\nus podeu tapar molt,<br \/>\no obrir b\u00e9 les pupil\u00b7les<\/p>\n<p style=\"text-align: center;\">Aquest cap de setmana,<br \/>\nprepareu-vos al pijama.<br \/>\nEns veiem el pr\u00f2xim dia,<br \/>\namb molt\u00edssima alegria.<\/p>\n<p><a href=\"https:\/\/agora.xtec.cat\/ie-elcabreres\/wp-content\/uploads\/usu2186\/2026\/02\/2026-3.png\"><img loading=\"lazy\" decoding=\"async\" class=\"aligncenter wp-image-12729\" src=\"https:\/\/agora.xtec.cat\/ie-elcabreres\/wp-content\/uploads\/usu2186\/2026\/02\/2026-3-724x1024.png\" alt=\"\" width=\"554\" height=\"784\" srcset=\"https:\/\/agora.xtec.cat\/ie-elcabreres\/wp-content\/uploads\/usu2186\/2026\/02\/2026-3-724x1024.png 724w, https:\/\/agora.xtec.cat\/ie-elcabreres\/wp-content\/uploads\/usu2186\/2026\/02\/2026-3-212x300.png 212w, https:\/\/agora.xtec.cat\/ie-elcabreres\/wp-content\/uploads\/usu2186\/2026\/02\/2026-3-768x1086.png 768w, https:\/\/agora.xtec.cat\/ie-elcabreres\/wp-content\/uploads\/usu2186\/2026\/02\/2026-3-1086x1536.png 1086w, https:\/\/agora.xtec.cat\/ie-elcabreres\/wp-content\/uploads\/usu2186\/2026\/02\/2026-3-1448x2048.png 1448w, https:\/\/agora.xtec.cat\/ie-elcabreres\/wp-content\/uploads\/usu2186\/2026\/02\/2026-3.png 1587w\" sizes=\"auto, (max-width: 554px) 100vw, 554px\" \/><\/a><\/p>\n","protected":false},"excerpt":{"rendered":"<p>Hola el Cabrer\u00e8s, ha arribat el carnestoltes, tot es fa del rev\u00e9s, des que ens han obert les portes. Dilluns al mat\u00ed, podeu venir amb coix\u00ed, pijama de colors, i tamb\u00e9 estampat de flors. Podeu portar un llen\u00e7ol, tamb\u00e9 unes sabatilles, us podeu tapar molt, o obrir b\u00e9 les pupil\u00b7les Aquest cap de setmana, prepareu-vos [&hellip;]<\/p>\n","protected":false},"author":4,"featured_media":12729,"comment_status":"closed","ping_status":"closed","sticky":false,"template":"","format":"standard","meta":{"_bbp_topic_count":0,"_bbp_reply_count":0,"_bbp_total_topic_count":0,"_bbp_total_reply_count":0,"_bbp_voice_count":0,"_bbp_anonymous_reply_count":0,"_bbp_topic_count_hidden":0,"_bbp_reply_count_hidden":0,"_bbp_forum_subforum_count":0,"site-sidebar-layout":"default","site-content-layout":"","ast-site-content-layout":"","site-content-style":"default","site-sidebar-style":"default","ast-global-header-display":"","ast-banner-title-visibility":"","ast-main-header-display":"","ast-hfb-above-header-display":"","ast-hfb-below-header-display":"","ast-hfb-mobile-header-display":"","site-post-title":"","ast-breadcrumbs-content":"","ast-featured-img":"","footer-sml-layout":"","theme-transparent-header-meta":"","adv-header-id-meta":"","stick-header-meta":"","header-above-stick-meta":"","header-main-stick-meta":"","header-below-stick-meta":"","astra-migrate-meta-layouts":"default","ast-page-background-enabled":"default","ast-page-background-meta":{"desktop":{"background-color":"var(--ast-global-color-4)","background-image":"","background-repeat":"repeat","background-position":"center center","background-size":"auto","background-attachment":"scroll","background-type":"","background-media":"","overlay-type":"","overlay-color":"","overlay-opacity":"","overlay-gradient":""},"tablet":{"background-color":"","background-image":"","background-repeat":"repeat","background-position":"center center","background-size":"auto","background-attachment":"scroll","background-type":"","background-media":"","overlay-type":"","overlay-color":"","overlay-opacity":"","overlay-gradient":""},"mobile":{"background-color":"","background-image":"","background-repeat":"repeat","background-position":"center center","background-size":"auto","background-attachment":"scroll","background-type":"","background-media":"","overlay-type":"","overlay-color":"","overlay-opacity":"","overlay-gradient":""}},"ast-content-background-meta":{"desktop":{"background-color":"var(--ast-global-color-5)","background-image":"","background-repeat":"repeat","background-position":"center center","background-size":"auto","background-attachment":"scroll","background-type":"","background-media":"","overlay-type":"","overlay-color":"","overlay-opacity":"","overlay-gradient":""},"tablet":{"background-color":"var(--ast-global-color-5)","background-image":"","background-repeat":"repeat","background-position":"center center","background-size":"auto","background-attachment":"scroll","background-type":"","background-media":"","overlay-type":"","overlay-color":"","overlay-opacity":"","overlay-gradient":""},"mobile":{"background-color":"var(--ast-global-color-5)","background-image":"","background-repeat":"repeat","background-position":"center center","background-size":"auto","background-attachment":"scroll","background-type":"","background-media":"","overlay-type":"","overlay-color":"","overlay-opacity":"","overlay-gradient":""}},"footnotes":""},"categories":[1,4],"tags":[99,101,254,100],"class_list":["post-12728","post","type-post","status-publish","format-standard","has-post-thumbnail","hentry","category-general","category-portada","tag-carnaval","tag-carnestoltes","tag-consignes","tag-festes"],"post_mailing_queue_ids":[],"_links":{"self":[{"href":"https:\/\/agora.xtec.cat\/ie-elcabreres\/wp-json\/wp\/v2\/posts\/12728","targetHints":{"allow":["GET"]}}],"collection":[{"href":"https:\/\/agora.xtec.cat\/ie-elcabreres\/wp-json\/wp\/v2\/posts"}],"about":[{"href":"https:\/\/agora.xtec.cat\/ie-elcabreres\/wp-json\/wp\/v2\/types\/post"}],"author":[{"embeddable":true,"href":"https:\/\/agora.xtec.cat\/ie-elcabreres\/wp-json\/wp\/v2\/users\/4"}],"replies":[{"embeddable":true,"href":"https:\/\/agora.xtec.cat\/ie-elcabreres\/wp-json\/wp\/v2\/comments?post=12728"}],"version-history":[{"count":1,"href":"https:\/\/agora.xtec.cat\/ie-elcabreres\/wp-json\/wp\/v2\/posts\/12728\/revisions"}],"predecessor-version":[{"id":12730,"href":"https:\/\/agora.xtec.cat\/ie-elcabreres\/wp-json\/wp\/v2\/posts\/12728\/revisions\/12730"}],"wp:featuredmedia":[{"embeddable":true,"href":"https:\/\/agora.xtec.cat\/ie-elcabreres\/wp-json\/wp\/v2\/media\/12729"}],"wp:attachment":[{"href":"https:\/\/agora.xtec.cat\/ie-elcabreres\/wp-json\/wp\/v2\/media?parent=12728"}],"wp:term":[{"taxonomy":"category","embeddable":true,"href":"https:\/\/agora.xtec.cat\/ie-elcabreres\/wp-json\/wp\/v2\/categories?post=12728"},{"taxonomy":"post_tag","embeddable":true,"href":"https:\/\/agora.xtec.cat\/ie-elcabreres\/wp-json\/wp\/v2\/tags?post=12728"}],"curies":[{"name":"wp","href":"https:\/\/api.w.org\/{rel}","templated":true}]}}