{"id":12683,"date":"2026-01-26T13:48:39","date_gmt":"2026-01-26T12:48:39","guid":{"rendered":"https:\/\/agora.xtec.cat\/ie-elcabreres\/?p=12683"},"modified":"2026-01-26T13:48:39","modified_gmt":"2026-01-26T12:48:39","slug":"jornada-de-portes-obertes-2026","status":"publish","type":"post","link":"https:\/\/agora.xtec.cat\/ie-elcabreres\/general\/jornada-de-portes-obertes-2026\/","title":{"rendered":"JORNADA DE PORTES OBERTES 2026"},"content":{"rendered":"<div><\/div>\n<div style=\"text-align: justify;\">\n<p><a href=\"https:\/\/agora.xtec.cat\/ie-elcabreres\/wp-content\/uploads\/usu2186\/2026\/01\/portes-obertes-2026-2.jpg\"><img loading=\"lazy\" decoding=\"async\" class=\"wp-image-12686 alignleft\" src=\"https:\/\/agora.xtec.cat\/ie-elcabreres\/wp-content\/uploads\/usu2186\/2026\/01\/portes-obertes-2026-2-724x1024.jpg\" alt=\"\" width=\"349\" height=\"494\" srcset=\"https:\/\/agora.xtec.cat\/ie-elcabreres\/wp-content\/uploads\/usu2186\/2026\/01\/portes-obertes-2026-2-724x1024.jpg 724w, https:\/\/agora.xtec.cat\/ie-elcabreres\/wp-content\/uploads\/usu2186\/2026\/01\/portes-obertes-2026-2-212x300.jpg 212w, https:\/\/agora.xtec.cat\/ie-elcabreres\/wp-content\/uploads\/usu2186\/2026\/01\/portes-obertes-2026-2-768x1086.jpg 768w, https:\/\/agora.xtec.cat\/ie-elcabreres\/wp-content\/uploads\/usu2186\/2026\/01\/portes-obertes-2026-2-1086x1536.jpg 1086w, https:\/\/agora.xtec.cat\/ie-elcabreres\/wp-content\/uploads\/usu2186\/2026\/01\/portes-obertes-2026-2.jpg 1414w\" sizes=\"auto, (max-width: 349px) 100vw, 349px\" \/><\/a><\/p>\n<p>El proper\u00a0<b>dijous 19 de febrer<\/b>\u00a0hi haur\u00e0 la Jornada de\u00a0Portes Obertes.<\/p>\n<p>Podeu venir a veure el centre en funcionament a les 15.15h i despr\u00e9s a les 16.45h hi haur\u00e0 les xerrades per presentar el Projecte Educatiu, una\u00a0per infantil i prim\u00e0ria i una altra per secund\u00e0ria.<\/p>\n<p>Durant l&#8217;horari lectiu podreu veure ambients d&#8217;infantil, lliure circulaci\u00f3, projectes, treball d&#8217;aula i optatives de secund\u00e0ria.<\/p>\n<p>Per aquelles fam\u00edlies que ho necessitin, durant les xerrades hi haur\u00e0 servei de cangur.<\/p>\n<p>Us hi esperem!<\/p>\n<\/div>\n","protected":false},"excerpt":{"rendered":"<p>El proper\u00a0dijous 19 de febrer\u00a0hi haur\u00e0 la Jornada de\u00a0Portes Obertes. Podeu venir a veure el centre en funcionament a les 15.15h i despr\u00e9s a les 16.45h hi haur\u00e0 les xerrades per presentar el Projecte Educatiu, una\u00a0per infantil i prim\u00e0ria i una altra per secund\u00e0ria. Durant l&#8217;horari lectiu podreu veure ambients d&#8217;infantil, lliure circulaci\u00f3, projectes, treball [&hellip;]<\/p>\n","protected":false},"author":6,"featured_media":12686,"comment_status":"closed","ping_status":"closed","sticky":false,"template":"","format":"standard","meta":{"_bbp_topic_count":0,"_bbp_reply_count":0,"_bbp_total_topic_count":0,"_bbp_total_reply_count":0,"_bbp_voice_count":0,"_bbp_anonymous_reply_count":0,"_bbp_topic_count_hidden":0,"_bbp_reply_count_hidden":0,"_bbp_forum_subforum_count":0,"site-sidebar-layout":"default","site-content-layout":"","ast-site-content-layout":"","site-content-style":"default","site-sidebar-style":"default","ast-global-header-display":"","ast-banner-title-visibility":"","ast-main-header-display":"","ast-hfb-above-header-display":"","ast-hfb-below-header-display":"","ast-hfb-mobile-header-display":"","site-post-title":"","ast-breadcrumbs-content":"","ast-featured-img":"","footer-sml-layout":"","theme-transparent-header-meta":"","adv-header-id-meta":"","stick-header-meta":"","header-above-stick-meta":"","header-main-stick-meta":"","header-below-stick-meta":"","astra-migrate-meta-layouts":"default","ast-page-background-enabled":"default","ast-page-background-meta":{"desktop":{"background-color":"var(--ast-global-color-4)","background-image":"","background-repeat":"repeat","background-position":"center center","background-size":"auto","background-attachment":"scroll","background-type":"","background-media":"","overlay-type":"","overlay-color":"","overlay-opacity":"","overlay-gradient":""},"tablet":{"background-color":"","background-image":"","background-repeat":"repeat","background-position":"center center","background-size":"auto","background-attachment":"scroll","background-type":"","background-media":"","overlay-type":"","overlay-color":"","overlay-opacity":"","overlay-gradient":""},"mobile":{"background-color":"","background-image":"","background-repeat":"repeat","background-position":"center center","background-size":"auto","background-attachment":"scroll","background-type":"","background-media":"","overlay-type":"","overlay-color":"","overlay-opacity":"","overlay-gradient":""}},"ast-content-background-meta":{"desktop":{"background-color":"var(--ast-global-color-5)","background-image":"","background-repeat":"repeat","background-position":"center center","background-size":"auto","background-attachment":"scroll","background-type":"","background-media":"","overlay-type":"","overlay-color":"","overlay-opacity":"","overlay-gradient":""},"tablet":{"background-color":"var(--ast-global-color-5)","background-image":"","background-repeat":"repeat","background-position":"center center","background-size":"auto","background-attachment":"scroll","background-type":"","background-media":"","overlay-type":"","overlay-color":"","overlay-opacity":"","overlay-gradient":""},"mobile":{"background-color":"var(--ast-global-color-5)","background-image":"","background-repeat":"repeat","background-position":"center center","background-size":"auto","background-attachment":"scroll","background-type":"","background-media":"","overlay-type":"","overlay-color":"","overlay-opacity":"","overlay-gradient":""}},"footnotes":""},"categories":[1,4],"tags":[],"class_list":["post-12683","post","type-post","status-publish","format-standard","has-post-thumbnail","hentry","category-general","category-portada"],"post_mailing_queue_ids":[],"_links":{"self":[{"href":"https:\/\/agora.xtec.cat\/ie-elcabreres\/wp-json\/wp\/v2\/posts\/12683","targetHints":{"allow":["GET"]}}],"collection":[{"href":"https:\/\/agora.xtec.cat\/ie-elcabreres\/wp-json\/wp\/v2\/posts"}],"about":[{"href":"https:\/\/agora.xtec.cat\/ie-elcabreres\/wp-json\/wp\/v2\/types\/post"}],"author":[{"embeddable":true,"href":"https:\/\/agora.xtec.cat\/ie-elcabreres\/wp-json\/wp\/v2\/users\/6"}],"replies":[{"embeddable":true,"href":"https:\/\/agora.xtec.cat\/ie-elcabreres\/wp-json\/wp\/v2\/comments?post=12683"}],"version-history":[{"count":6,"href":"https:\/\/agora.xtec.cat\/ie-elcabreres\/wp-json\/wp\/v2\/posts\/12683\/revisions"}],"predecessor-version":[{"id":12693,"href":"https:\/\/agora.xtec.cat\/ie-elcabreres\/wp-json\/wp\/v2\/posts\/12683\/revisions\/12693"}],"wp:featuredmedia":[{"embeddable":true,"href":"https:\/\/agora.xtec.cat\/ie-elcabreres\/wp-json\/wp\/v2\/media\/12686"}],"wp:attachment":[{"href":"https:\/\/agora.xtec.cat\/ie-elcabreres\/wp-json\/wp\/v2\/media?parent=12683"}],"wp:term":[{"taxonomy":"category","embeddable":true,"href":"https:\/\/agora.xtec.cat\/ie-elcabreres\/wp-json\/wp\/v2\/categories?post=12683"},{"taxonomy":"post_tag","embeddable":true,"href":"https:\/\/agora.xtec.cat\/ie-elcabreres\/wp-json\/wp\/v2\/tags?post=12683"}],"curies":[{"name":"wp","href":"https:\/\/api.w.org\/{rel}","templated":true}]}}