{"id":12672,"date":"2026-01-19T09:44:16","date_gmt":"2026-01-19T08:44:16","guid":{"rendered":"https:\/\/agora.xtec.cat\/ie-elcabreres\/?p=12672"},"modified":"2026-01-19T09:44:16","modified_gmt":"2026-01-19T08:44:16","slug":"teatre-matres","status":"publish","type":"post","link":"https:\/\/agora.xtec.cat\/ie-elcabreres\/promocio-2015\/teatre-matres\/","title":{"rendered":"Teatre Matres"},"content":{"rendered":"<p><span style=\"font-weight: 400\">Dijous 15 de gener amb l\u2019escola vam anar a veure un espectacle que es titulava <\/span><i><span style=\"font-weight: 400\">Matres<\/span><\/i><span style=\"font-weight: 400\">. Vam anar a Manlleu al teatre centre. L\u2019obra anava del dol. Crec que tota la gent del teatre els va agradar molt.\u00a0<\/span><\/p>\n<p><span style=\"font-weight: 400\">Va d\u2019un nen que es diu Joan que per mala sort quan era petit se li va morir la mare de c\u00e0ncer. Els seus germans, que eren m\u00e9s grans, no sabien com explicar-li, per\u00f2 al final ho acaben fent. Despr\u00e9s nom\u00e9s li quedava l&#8217;\u00e0via i la tieta. Va passar uns anys d&#8217;adolesc\u00e8ncia molt tristos i l&#8217;\u00fanica cosa que el consolava era la m\u00fasica. Al cap d\u2019uns quants anys, se li va morir l\u2019\u00e0via. L&#8217;\u00fanica persona que li quedava era la tieta i el va cuidar fins que la tieta tenia noranta anys. Al final, el protagonista\u00a0 explica que se li va morir la mare, per\u00f2 en va guanyar dues m\u00e9s i no canviaria res del seu passat.<\/span><\/p>\n<p><span style=\"font-weight: 400\">A mi, em va agradar molt l\u2019obra perqu\u00e8 trobo que el protagonista ha estat molt valent de dir el que li va passar de petit. A m\u00e9s a m\u00e9s, la decoraci\u00f3 estava molt ben feta i els actors ho van fer molt b\u00e9. Tot i aix\u00f2, he trobat a faltar el pare perqu\u00e8 no surt a l&#8217;obra. La recomano a tothom.\u00a0\u00a0\u00a0\u00a0\u00a0\u00a0<\/span><\/p>\n<p><span style=\"font-weight: 400\">Text escrit per: Jaume<\/span><\/p>\n<p><span style=\"font-weight: 400\"><a href=\"https:\/\/agora.xtec.cat\/ie-elcabreres\/wp-content\/uploads\/usu2186\/2026\/01\/Foto-Matres.png\"><img loading=\"lazy\" decoding=\"async\" class=\"alignnone size-medium wp-image-12673\" src=\"https:\/\/agora.xtec.cat\/ie-elcabreres\/wp-content\/uploads\/usu2186\/2026\/01\/Foto-Matres-300x201.png\" alt=\"\" width=\"300\" height=\"201\" srcset=\"https:\/\/agora.xtec.cat\/ie-elcabreres\/wp-content\/uploads\/usu2186\/2026\/01\/Foto-Matres-300x201.png 300w, https:\/\/agora.xtec.cat\/ie-elcabreres\/wp-content\/uploads\/usu2186\/2026\/01\/Foto-Matres.png 769w\" sizes=\"auto, (max-width: 300px) 100vw, 300px\" \/><\/a>\u00a0<\/span><\/p>\n","protected":false},"excerpt":{"rendered":"<p>Dijous 15 de gener amb l\u2019escola vam anar a veure un espectacle que es titulava Matres. Vam anar a Manlleu al teatre centre. L\u2019obra anava del dol. Crec que tota la gent del teatre els va agradar molt.\u00a0 Va d\u2019un nen que es diu Joan que per mala sort quan era petit se li va [&hellip;]<\/p>\n","protected":false},"author":15,"featured_media":0,"comment_status":"closed","ping_status":"closed","sticky":false,"template":"","format":"standard","meta":{"_bbp_topic_count":0,"_bbp_reply_count":0,"_bbp_total_topic_count":0,"_bbp_total_reply_count":0,"_bbp_voice_count":0,"_bbp_anonymous_reply_count":0,"_bbp_topic_count_hidden":0,"_bbp_reply_count_hidden":0,"_bbp_forum_subforum_count":0,"site-sidebar-layout":"default","site-content-layout":"","ast-site-content-layout":"","site-content-style":"default","site-sidebar-style":"default","ast-global-header-display":"","ast-banner-title-visibility":"","ast-main-header-display":"","ast-hfb-above-header-display":"","ast-hfb-below-header-display":"","ast-hfb-mobile-header-display":"","site-post-title":"","ast-breadcrumbs-content":"","ast-featured-img":"","footer-sml-layout":"","theme-transparent-header-meta":"","adv-header-id-meta":"","stick-header-meta":"","header-above-stick-meta":"","header-main-stick-meta":"","header-below-stick-meta":"","astra-migrate-meta-layouts":"default","ast-page-background-enabled":"default","ast-page-background-meta":{"desktop":{"background-color":"var(--ast-global-color-4)","background-image":"","background-repeat":"repeat","background-position":"center center","background-size":"auto","background-attachment":"scroll","background-type":"","background-media":"","overlay-type":"","overlay-color":"","overlay-opacity":"","overlay-gradient":""},"tablet":{"background-color":"","background-image":"","background-repeat":"repeat","background-position":"center center","background-size":"auto","background-attachment":"scroll","background-type":"","background-media":"","overlay-type":"","overlay-color":"","overlay-opacity":"","overlay-gradient":""},"mobile":{"background-color":"","background-image":"","background-repeat":"repeat","background-position":"center center","background-size":"auto","background-attachment":"scroll","background-type":"","background-media":"","overlay-type":"","overlay-color":"","overlay-opacity":"","overlay-gradient":""}},"ast-content-background-meta":{"desktop":{"background-color":"var(--ast-global-color-5)","background-image":"","background-repeat":"repeat","background-position":"center center","background-size":"auto","background-attachment":"scroll","background-type":"","background-media":"","overlay-type":"","overlay-color":"","overlay-opacity":"","overlay-gradient":""},"tablet":{"background-color":"var(--ast-global-color-5)","background-image":"","background-repeat":"repeat","background-position":"center center","background-size":"auto","background-attachment":"scroll","background-type":"","background-media":"","overlay-type":"","overlay-color":"","overlay-opacity":"","overlay-gradient":""},"mobile":{"background-color":"var(--ast-global-color-5)","background-image":"","background-repeat":"repeat","background-position":"center center","background-size":"auto","background-attachment":"scroll","background-type":"","background-media":"","overlay-type":"","overlay-color":"","overlay-opacity":"","overlay-gradient":""}},"footnotes":""},"categories":[9,10],"tags":[74,123,88],"class_list":["post-12672","post","type-post","status-publish","format-standard","hentry","category-promocio-2015","category-promocio-2014","tag-cicle-superior","tag-sortida","tag-teatre"],"post_mailing_queue_ids":[],"_links":{"self":[{"href":"https:\/\/agora.xtec.cat\/ie-elcabreres\/wp-json\/wp\/v2\/posts\/12672","targetHints":{"allow":["GET"]}}],"collection":[{"href":"https:\/\/agora.xtec.cat\/ie-elcabreres\/wp-json\/wp\/v2\/posts"}],"about":[{"href":"https:\/\/agora.xtec.cat\/ie-elcabreres\/wp-json\/wp\/v2\/types\/post"}],"author":[{"embeddable":true,"href":"https:\/\/agora.xtec.cat\/ie-elcabreres\/wp-json\/wp\/v2\/users\/15"}],"replies":[{"embeddable":true,"href":"https:\/\/agora.xtec.cat\/ie-elcabreres\/wp-json\/wp\/v2\/comments?post=12672"}],"version-history":[{"count":1,"href":"https:\/\/agora.xtec.cat\/ie-elcabreres\/wp-json\/wp\/v2\/posts\/12672\/revisions"}],"predecessor-version":[{"id":12674,"href":"https:\/\/agora.xtec.cat\/ie-elcabreres\/wp-json\/wp\/v2\/posts\/12672\/revisions\/12674"}],"wp:attachment":[{"href":"https:\/\/agora.xtec.cat\/ie-elcabreres\/wp-json\/wp\/v2\/media?parent=12672"}],"wp:term":[{"taxonomy":"category","embeddable":true,"href":"https:\/\/agora.xtec.cat\/ie-elcabreres\/wp-json\/wp\/v2\/categories?post=12672"},{"taxonomy":"post_tag","embeddable":true,"href":"https:\/\/agora.xtec.cat\/ie-elcabreres\/wp-json\/wp\/v2\/tags?post=12672"}],"curies":[{"name":"wp","href":"https:\/\/api.w.org\/{rel}","templated":true}]}}