{"id":12644,"date":"2026-01-15T14:05:41","date_gmt":"2026-01-15T13:05:41","guid":{"rendered":"https:\/\/agora.xtec.cat\/ie-elcabreres\/?p=12644"},"modified":"2026-01-15T15:00:55","modified_gmt":"2026-01-15T14:00:55","slug":"dansart-dansa-creativa","status":"publish","type":"post","link":"https:\/\/agora.xtec.cat\/ie-elcabreres\/educacio-fisica\/dansart-dansa-creativa\/","title":{"rendered":"DANSART, dansa creativa!"},"content":{"rendered":"<p>Des de l\u2019\u00e0rea d\u2019Educaci\u00f3 F\u00edsica, fa unes sessions que estem ben immersos en la dansa creativa. De la m\u00e0 del projecte DANSART estem experimentant, de manera art\u00edstica, musical i creativa, amb diferents elements de l\u2019expressi\u00f3 corporal amb l\u2019objectiu de crear una coreografia conjunta. Seguirem amb la fase de vivenciaci\u00f3 per encarar la part final de creaci\u00f3 conjuntament amb altres escoles. Us deixem l\u2019enlla\u00e7 del projecte per si voleu fer-hi una ullada: <a href=\"https:\/\/formiguescooperatives.cat\/dansart\/\">DANSART<\/a>.<\/p>\n<p><a href=\"https:\/\/agora.xtec.cat\/ie-elcabreres\/wp-content\/uploads\/usu2186\/2026\/01\/Captura-de-pantalla-2026-01-15-131605.png\"><img loading=\"lazy\" decoding=\"async\" class=\"alignnone size-full wp-image-12646\" src=\"https:\/\/agora.xtec.cat\/ie-elcabreres\/wp-content\/uploads\/usu2186\/2026\/01\/Captura-de-pantalla-2026-01-15-131605.png\" alt=\"\" width=\"703\" height=\"208\" srcset=\"https:\/\/agora.xtec.cat\/ie-elcabreres\/wp-content\/uploads\/usu2186\/2026\/01\/Captura-de-pantalla-2026-01-15-131605.png 703w, https:\/\/agora.xtec.cat\/ie-elcabreres\/wp-content\/uploads\/usu2186\/2026\/01\/Captura-de-pantalla-2026-01-15-131605-300x89.png 300w\" sizes=\"auto, (max-width: 703px) 100vw, 703px\" \/><\/a><\/p>\n","protected":false},"excerpt":{"rendered":"<p>Des de l\u2019\u00e0rea d\u2019Educaci\u00f3 F\u00edsica, fa unes sessions que estem ben immersos en la dansa creativa. De la m\u00e0 del projecte DANSART estem experimentant, de manera art\u00edstica, musical i creativa, amb diferents elements de l\u2019expressi\u00f3 corporal amb l\u2019objectiu de crear una coreografia conjunta. Seguirem amb la fase de vivenciaci\u00f3 per encarar la part final de [&hellip;]<\/p>\n","protected":false},"author":23,"featured_media":0,"comment_status":"closed","ping_status":"closed","sticky":false,"template":"","format":"standard","meta":{"_bbp_topic_count":0,"_bbp_reply_count":0,"_bbp_total_topic_count":0,"_bbp_total_reply_count":0,"_bbp_voice_count":0,"_bbp_anonymous_reply_count":0,"_bbp_topic_count_hidden":0,"_bbp_reply_count_hidden":0,"_bbp_forum_subforum_count":0,"site-sidebar-layout":"default","site-content-layout":"","ast-site-content-layout":"","site-content-style":"default","site-sidebar-style":"default","ast-global-header-display":"","ast-banner-title-visibility":"","ast-main-header-display":"","ast-hfb-above-header-display":"","ast-hfb-below-header-display":"","ast-hfb-mobile-header-display":"","site-post-title":"","ast-breadcrumbs-content":"","ast-featured-img":"","footer-sml-layout":"","theme-transparent-header-meta":"","adv-header-id-meta":"","stick-header-meta":"","header-above-stick-meta":"","header-main-stick-meta":"","header-below-stick-meta":"","astra-migrate-meta-layouts":"default","ast-page-background-enabled":"default","ast-page-background-meta":{"desktop":{"background-color":"var(--ast-global-color-4)","background-image":"","background-repeat":"repeat","background-position":"center center","background-size":"auto","background-attachment":"scroll","background-type":"","background-media":"","overlay-type":"","overlay-color":"","overlay-opacity":"","overlay-gradient":""},"tablet":{"background-color":"","background-image":"","background-repeat":"repeat","background-position":"center center","background-size":"auto","background-attachment":"scroll","background-type":"","background-media":"","overlay-type":"","overlay-color":"","overlay-opacity":"","overlay-gradient":""},"mobile":{"background-color":"","background-image":"","background-repeat":"repeat","background-position":"center center","background-size":"auto","background-attachment":"scroll","background-type":"","background-media":"","overlay-type":"","overlay-color":"","overlay-opacity":"","overlay-gradient":""}},"ast-content-background-meta":{"desktop":{"background-color":"var(--ast-global-color-5)","background-image":"","background-repeat":"repeat","background-position":"center center","background-size":"auto","background-attachment":"scroll","background-type":"","background-media":"","overlay-type":"","overlay-color":"","overlay-opacity":"","overlay-gradient":""},"tablet":{"background-color":"var(--ast-global-color-5)","background-image":"","background-repeat":"repeat","background-position":"center center","background-size":"auto","background-attachment":"scroll","background-type":"","background-media":"","overlay-type":"","overlay-color":"","overlay-opacity":"","overlay-gradient":""},"mobile":{"background-color":"var(--ast-global-color-5)","background-image":"","background-repeat":"repeat","background-position":"center center","background-size":"auto","background-attachment":"scroll","background-type":"","background-media":"","overlay-type":"","overlay-color":"","overlay-opacity":"","overlay-gradient":""}},"footnotes":""},"categories":[376,64],"tags":[],"class_list":["post-12644","post","type-post","status-publish","format-standard","hentry","category-promocio-2019","category-educacio-fisica"],"post_mailing_queue_ids":[],"_links":{"self":[{"href":"https:\/\/agora.xtec.cat\/ie-elcabreres\/wp-json\/wp\/v2\/posts\/12644","targetHints":{"allow":["GET"]}}],"collection":[{"href":"https:\/\/agora.xtec.cat\/ie-elcabreres\/wp-json\/wp\/v2\/posts"}],"about":[{"href":"https:\/\/agora.xtec.cat\/ie-elcabreres\/wp-json\/wp\/v2\/types\/post"}],"author":[{"embeddable":true,"href":"https:\/\/agora.xtec.cat\/ie-elcabreres\/wp-json\/wp\/v2\/users\/23"}],"replies":[{"embeddable":true,"href":"https:\/\/agora.xtec.cat\/ie-elcabreres\/wp-json\/wp\/v2\/comments?post=12644"}],"version-history":[{"count":2,"href":"https:\/\/agora.xtec.cat\/ie-elcabreres\/wp-json\/wp\/v2\/posts\/12644\/revisions"}],"predecessor-version":[{"id":12647,"href":"https:\/\/agora.xtec.cat\/ie-elcabreres\/wp-json\/wp\/v2\/posts\/12644\/revisions\/12647"}],"wp:attachment":[{"href":"https:\/\/agora.xtec.cat\/ie-elcabreres\/wp-json\/wp\/v2\/media?parent=12644"}],"wp:term":[{"taxonomy":"category","embeddable":true,"href":"https:\/\/agora.xtec.cat\/ie-elcabreres\/wp-json\/wp\/v2\/categories?post=12644"},{"taxonomy":"post_tag","embeddable":true,"href":"https:\/\/agora.xtec.cat\/ie-elcabreres\/wp-json\/wp\/v2\/tags?post=12644"}],"curies":[{"name":"wp","href":"https:\/\/api.w.org\/{rel}","templated":true}]}}