{"id":12548,"date":"2025-12-18T21:43:55","date_gmt":"2025-12-18T20:43:55","guid":{"rendered":"https:\/\/agora.xtec.cat\/ie-elcabreres\/?p=12548"},"modified":"2025-12-18T21:43:55","modified_gmt":"2025-12-18T20:43:55","slug":"ultima-setmana","status":"publish","type":"post","link":"https:\/\/agora.xtec.cat\/ie-elcabreres\/promocio-2014\/ultima-setmana\/","title":{"rendered":"\u00daltima setmana"},"content":{"rendered":"<p><span style=\"font-weight: 400\">Aquesta setmana no hem fet gaire classe i ara us explicar\u00e9 el que hem fet.<\/span><\/p>\n<p><span style=\"font-weight: 400\">El dimarts a la tarda vam anar caminant a la Pla\u00e7a Nova per penjar uns desitjos que hav\u00edem fet tots els nens i nenes i el vam penjar a l\u2019arbre dels desitjos.<\/span><\/p>\n<p><span style=\"font-weight: 400\">El dimecres al mat\u00ed nosaltres vam fer els Pastorets al gimn\u00e0s de l\u2019escola perqu\u00e8 cada any els de sis\u00e8 fan aquest espectacle, despr\u00e9s ens van fer fotos a tots. A les 8:30 vam fer l&#8217;obra pels pares i mares i tots ens ho vam passar genial.<\/span><\/p>\n<p><span style=\"font-weight: 400\">Dijous al mat\u00ed nosaltres vam portar els amics invisibles a l\u2019escola per divendres obrir-los, els vam portar embolicats a dintre d&#8217;una bossa d&#8217;escombraries perqu\u00e8 no es veigu\u00e9s lo de dintre. Despr\u00e9s vam anar a mirar l&#8217;obra de Nadal de totes les altres classes.<\/span><\/p>\n<p><span style=\"font-weight: 400\">Divendres moltes classes de l\u2019escola obriran els amics invisibles perqu\u00e8 cada any es fa, cada classe ho far\u00e0 diferent. Esmorzarem coca amb xocolata, per dinar hi haur\u00e0 un dinar especial i despr\u00e9s no hi haur\u00e0 tarda!!<\/span><\/p>\n<p style=\"text-align: right\">Article escrit per: Arnau<\/p>\n","protected":false},"excerpt":{"rendered":"<p>Aquesta setmana no hem fet gaire classe i ara us explicar\u00e9 el que hem fet. El dimarts a la tarda vam anar caminant a la Pla\u00e7a Nova per penjar uns desitjos que hav\u00edem fet tots els nens i nenes i el vam penjar a l\u2019arbre dels desitjos. El dimecres al mat\u00ed nosaltres vam fer els [&hellip;]<\/p>\n","protected":false},"author":16,"featured_media":12549,"comment_status":"open","ping_status":"open","sticky":false,"template":"","format":"standard","meta":{"_bbp_topic_count":0,"_bbp_reply_count":0,"_bbp_total_topic_count":0,"_bbp_total_reply_count":0,"_bbp_voice_count":0,"_bbp_anonymous_reply_count":0,"_bbp_topic_count_hidden":0,"_bbp_reply_count_hidden":0,"_bbp_forum_subforum_count":0,"site-sidebar-layout":"default","site-content-layout":"","ast-site-content-layout":"","site-content-style":"default","site-sidebar-style":"default","ast-global-header-display":"","ast-banner-title-visibility":"","ast-main-header-display":"","ast-hfb-above-header-display":"","ast-hfb-below-header-display":"","ast-hfb-mobile-header-display":"","site-post-title":"","ast-breadcrumbs-content":"","ast-featured-img":"","footer-sml-layout":"","theme-transparent-header-meta":"","adv-header-id-meta":"","stick-header-meta":"","header-above-stick-meta":"","header-main-stick-meta":"","header-below-stick-meta":"","astra-migrate-meta-layouts":"default","ast-page-background-enabled":"default","ast-page-background-meta":{"desktop":{"background-color":"var(--ast-global-color-4)","background-image":"","background-repeat":"repeat","background-position":"center center","background-size":"auto","background-attachment":"scroll","background-type":"","background-media":"","overlay-type":"","overlay-color":"","overlay-opacity":"","overlay-gradient":""},"tablet":{"background-color":"","background-image":"","background-repeat":"repeat","background-position":"center center","background-size":"auto","background-attachment":"scroll","background-type":"","background-media":"","overlay-type":"","overlay-color":"","overlay-opacity":"","overlay-gradient":""},"mobile":{"background-color":"","background-image":"","background-repeat":"repeat","background-position":"center center","background-size":"auto","background-attachment":"scroll","background-type":"","background-media":"","overlay-type":"","overlay-color":"","overlay-opacity":"","overlay-gradient":""}},"ast-content-background-meta":{"desktop":{"background-color":"var(--ast-global-color-5)","background-image":"","background-repeat":"repeat","background-position":"center center","background-size":"auto","background-attachment":"scroll","background-type":"","background-media":"","overlay-type":"","overlay-color":"","overlay-opacity":"","overlay-gradient":""},"tablet":{"background-color":"var(--ast-global-color-5)","background-image":"","background-repeat":"repeat","background-position":"center center","background-size":"auto","background-attachment":"scroll","background-type":"","background-media":"","overlay-type":"","overlay-color":"","overlay-opacity":"","overlay-gradient":""},"mobile":{"background-color":"var(--ast-global-color-5)","background-image":"","background-repeat":"repeat","background-position":"center center","background-size":"auto","background-attachment":"scroll","background-type":"","background-media":"","overlay-type":"","overlay-color":"","overlay-opacity":"","overlay-gradient":""}},"footnotes":""},"categories":[10],"tags":[87],"class_list":["post-12548","post","type-post","status-publish","format-standard","has-post-thumbnail","hentry","category-promocio-2014","tag-nadal"],"post_mailing_queue_ids":[],"_links":{"self":[{"href":"https:\/\/agora.xtec.cat\/ie-elcabreres\/wp-json\/wp\/v2\/posts\/12548","targetHints":{"allow":["GET"]}}],"collection":[{"href":"https:\/\/agora.xtec.cat\/ie-elcabreres\/wp-json\/wp\/v2\/posts"}],"about":[{"href":"https:\/\/agora.xtec.cat\/ie-elcabreres\/wp-json\/wp\/v2\/types\/post"}],"author":[{"embeddable":true,"href":"https:\/\/agora.xtec.cat\/ie-elcabreres\/wp-json\/wp\/v2\/users\/16"}],"replies":[{"embeddable":true,"href":"https:\/\/agora.xtec.cat\/ie-elcabreres\/wp-json\/wp\/v2\/comments?post=12548"}],"version-history":[{"count":1,"href":"https:\/\/agora.xtec.cat\/ie-elcabreres\/wp-json\/wp\/v2\/posts\/12548\/revisions"}],"predecessor-version":[{"id":12550,"href":"https:\/\/agora.xtec.cat\/ie-elcabreres\/wp-json\/wp\/v2\/posts\/12548\/revisions\/12550"}],"wp:featuredmedia":[{"embeddable":true,"href":"https:\/\/agora.xtec.cat\/ie-elcabreres\/wp-json\/wp\/v2\/media\/12549"}],"wp:attachment":[{"href":"https:\/\/agora.xtec.cat\/ie-elcabreres\/wp-json\/wp\/v2\/media?parent=12548"}],"wp:term":[{"taxonomy":"category","embeddable":true,"href":"https:\/\/agora.xtec.cat\/ie-elcabreres\/wp-json\/wp\/v2\/categories?post=12548"},{"taxonomy":"post_tag","embeddable":true,"href":"https:\/\/agora.xtec.cat\/ie-elcabreres\/wp-json\/wp\/v2\/tags?post=12548"}],"curies":[{"name":"wp","href":"https:\/\/api.w.org\/{rel}","templated":true}]}}