{"id":12534,"date":"2025-12-10T13:00:10","date_gmt":"2025-12-10T12:00:10","guid":{"rendered":"https:\/\/agora.xtec.cat\/ie-elcabreres\/?p=12534"},"modified":"2025-12-10T13:00:10","modified_gmt":"2025-12-10T12:00:10","slug":"salt-a-doble-corda","status":"publish","type":"post","link":"https:\/\/agora.xtec.cat\/ie-elcabreres\/promocio-2015\/salt-a-doble-corda\/","title":{"rendered":"SALT A DOBLE CORDA\u00a0"},"content":{"rendered":"<p><span style=\"font-weight: 400\">A finals del primer trimestre i a principis del segon trimestre, a l&#8217;\u00e0rea d&#8217;educaci\u00f3 f\u00edsica els de 5\u00e8 hem treballat el salt a doble corda.\u00a0<\/span><\/p>\n<p><span style=\"font-weight: 400\">Primer, per escalfar, f\u00e8iem diferents jocs per entrenar el salt, despr\u00e9s\u00a0 vam fer un joc molt divertit que consistia a fer que dues persones donaven i les altres passaven per sota corrents. El nostre r\u00e8cord \u00e9s de <\/span><b>81 \/ 82 salts.<\/b><\/p>\n<p><span style=\"font-weight: 400\">Tanmateix, hem saltat\u00a0 a corda\u00a0 i ho hem fet per grups amb els quals ten\u00edem un llibret per anar apuntant les coses que f\u00e8iem.\u00a0 Amb aquests grups, tamb\u00e9 hem fet reptes amb una aplicaci\u00f3 que ens els deia i s\u2019afegien punts. Els reptes que ens proposava l\u2019aplicaci\u00f3 eren: saltar a peu coix amb una corda i entrar i sortir.\u00a0<\/span><\/p>\n<p><span style=\"font-weight: 400\">Aquestes sessions d\u2019educaci\u00f3 f\u00edsica ens han agradat molt i hem pogut aprendre m\u00e9s a saltar a corda.<\/span><\/p>\n<p><span style=\"font-weight: 400\">Us deixo un<a href=\"https:\/\/www.youtube.com\/watch?si=g7gMkwPVGXjCTr_G&amp;v=W5_7HvuQNnc&amp;feature=youtu.be\"> v\u00eddeo<\/a> demostratiu d\u2019un concurs de salt a doble corda.\u00a0\u00a0<\/span><\/p>\n<p>Text escrit per Irina.<\/p>\n<p><span style=\"font-weight: 400\">\u00a0<\/span><\/p>\n<p>&nbsp;<\/p>\n","protected":false},"excerpt":{"rendered":"<p>A finals del primer trimestre i a principis del segon trimestre, a l&#8217;\u00e0rea d&#8217;educaci\u00f3 f\u00edsica els de 5\u00e8 hem treballat el salt a doble corda.\u00a0 Primer, per escalfar, f\u00e8iem diferents jocs per entrenar el salt, despr\u00e9s\u00a0 vam fer un joc molt divertit que consistia a fer que dues persones donaven i les altres passaven per [&hellip;]<\/p>\n","protected":false},"author":15,"featured_media":0,"comment_status":"closed","ping_status":"closed","sticky":false,"template":"","format":"standard","meta":{"_bbp_topic_count":0,"_bbp_reply_count":0,"_bbp_total_topic_count":0,"_bbp_total_reply_count":0,"_bbp_voice_count":0,"_bbp_anonymous_reply_count":0,"_bbp_topic_count_hidden":0,"_bbp_reply_count_hidden":0,"_bbp_forum_subforum_count":0,"site-sidebar-layout":"default","site-content-layout":"","ast-site-content-layout":"","site-content-style":"default","site-sidebar-style":"default","ast-global-header-display":"","ast-banner-title-visibility":"","ast-main-header-display":"","ast-hfb-above-header-display":"","ast-hfb-below-header-display":"","ast-hfb-mobile-header-display":"","site-post-title":"","ast-breadcrumbs-content":"","ast-featured-img":"","footer-sml-layout":"","theme-transparent-header-meta":"","adv-header-id-meta":"","stick-header-meta":"","header-above-stick-meta":"","header-main-stick-meta":"","header-below-stick-meta":"","astra-migrate-meta-layouts":"default","ast-page-background-enabled":"default","ast-page-background-meta":{"desktop":{"background-color":"var(--ast-global-color-4)","background-image":"","background-repeat":"repeat","background-position":"center center","background-size":"auto","background-attachment":"scroll","background-type":"","background-media":"","overlay-type":"","overlay-color":"","overlay-opacity":"","overlay-gradient":""},"tablet":{"background-color":"","background-image":"","background-repeat":"repeat","background-position":"center center","background-size":"auto","background-attachment":"scroll","background-type":"","background-media":"","overlay-type":"","overlay-color":"","overlay-opacity":"","overlay-gradient":""},"mobile":{"background-color":"","background-image":"","background-repeat":"repeat","background-position":"center center","background-size":"auto","background-attachment":"scroll","background-type":"","background-media":"","overlay-type":"","overlay-color":"","overlay-opacity":"","overlay-gradient":""}},"ast-content-background-meta":{"desktop":{"background-color":"var(--ast-global-color-5)","background-image":"","background-repeat":"repeat","background-position":"center center","background-size":"auto","background-attachment":"scroll","background-type":"","background-media":"","overlay-type":"","overlay-color":"","overlay-opacity":"","overlay-gradient":""},"tablet":{"background-color":"var(--ast-global-color-5)","background-image":"","background-repeat":"repeat","background-position":"center center","background-size":"auto","background-attachment":"scroll","background-type":"","background-media":"","overlay-type":"","overlay-color":"","overlay-opacity":"","overlay-gradient":""},"mobile":{"background-color":"var(--ast-global-color-5)","background-image":"","background-repeat":"repeat","background-position":"center center","background-size":"auto","background-attachment":"scroll","background-type":"","background-media":"","overlay-type":"","overlay-color":"","overlay-opacity":"","overlay-gradient":""}},"footnotes":""},"categories":[9],"tags":[74,319,85],"class_list":["post-12534","post","type-post","status-publish","format-standard","hentry","category-promocio-2015","tag-cicle-superior","tag-cinque","tag-educacio-fisica"],"post_mailing_queue_ids":[],"_links":{"self":[{"href":"https:\/\/agora.xtec.cat\/ie-elcabreres\/wp-json\/wp\/v2\/posts\/12534","targetHints":{"allow":["GET"]}}],"collection":[{"href":"https:\/\/agora.xtec.cat\/ie-elcabreres\/wp-json\/wp\/v2\/posts"}],"about":[{"href":"https:\/\/agora.xtec.cat\/ie-elcabreres\/wp-json\/wp\/v2\/types\/post"}],"author":[{"embeddable":true,"href":"https:\/\/agora.xtec.cat\/ie-elcabreres\/wp-json\/wp\/v2\/users\/15"}],"replies":[{"embeddable":true,"href":"https:\/\/agora.xtec.cat\/ie-elcabreres\/wp-json\/wp\/v2\/comments?post=12534"}],"version-history":[{"count":1,"href":"https:\/\/agora.xtec.cat\/ie-elcabreres\/wp-json\/wp\/v2\/posts\/12534\/revisions"}],"predecessor-version":[{"id":12537,"href":"https:\/\/agora.xtec.cat\/ie-elcabreres\/wp-json\/wp\/v2\/posts\/12534\/revisions\/12537"}],"wp:attachment":[{"href":"https:\/\/agora.xtec.cat\/ie-elcabreres\/wp-json\/wp\/v2\/media?parent=12534"}],"wp:term":[{"taxonomy":"category","embeddable":true,"href":"https:\/\/agora.xtec.cat\/ie-elcabreres\/wp-json\/wp\/v2\/categories?post=12534"},{"taxonomy":"post_tag","embeddable":true,"href":"https:\/\/agora.xtec.cat\/ie-elcabreres\/wp-json\/wp\/v2\/tags?post=12534"}],"curies":[{"name":"wp","href":"https:\/\/api.w.org\/{rel}","templated":true}]}}