{"id":12505,"date":"2025-11-26T13:52:12","date_gmt":"2025-11-26T12:52:12","guid":{"rendered":"https:\/\/agora.xtec.cat\/ie-elcabreres\/?p=12505"},"modified":"2025-11-25T19:54:52","modified_gmt":"2025-11-25T18:54:52","slug":"taller-sobre-el-dol","status":"publish","type":"post","link":"https:\/\/agora.xtec.cat\/ie-elcabreres\/promocio-2014\/taller-sobre-el-dol\/","title":{"rendered":"Taller sobre el dol"},"content":{"rendered":"<p><span style=\"font-weight: 400\">El divendres 21 de novembre fam fer un taller sobre el dol. Aix\u00f2 ho vam fer perqu\u00e8 el 15 de gener anirem a v<\/span><span style=\"font-weight: 400\">eure<\/span><span style=\"font-weight: 400\"> una obra que es diu <em>M<\/em><\/span><span style=\"font-weight: 400\"><em>atres<\/em>. Va sobre la hist\u00f2ria d\u2019un dels actors, en Jordi, que se li va morir la seva mare per c\u00e0ncer i pensava que era a l\u2019\u00fanica persona que li havia passat i es va guardar el dol fins que va ser m\u00e9s gran.\u00a0<\/span><\/p>\n<p><span style=\"font-weight: 400\">Al taller una de les coses que vam fer va ser pensar en una persona (una que t&#8217;estimis molt), llavors pensar una cosa que t\u2019agradi fer amb ell\/a i despr\u00e9s pensar una cosa representativa entre vosaltres dos.\u00a0<\/span><\/p>\n<p><span style=\"font-weight: 400\">Llavors algunes persones van explicar en qui havien pensat i despr\u00e9s d\u2019aix\u00f2 ens va explicar algunes coses sobre els pots, una manera de ficar i compartir les teves coses, en un lloc que tota la fam\u00edlia s\u00e0piga hi fiqueu un pot buit, un paper i un boli per escriure. Amb la fam\u00edlia abans d\u2019anar a dormir cada membre ha d\u2019escriure un moment feli\u00e7 de tot el dia i ficar-lo al pot. Llavors el dia que alguna persona estigui trista pot agafar sense preguntar el pot de moments feli\u00e7os i llegir-los. Una altra cosa que vam fer van ser les cartes, havies de pensar en una persona que de normal t&#8217;enfades i escriure una carta amb coses que t\u2019agrada fer amb ell\/a. I el dia que t\u2019enfadis molt amb ell\/a li <\/span><span style=\"font-weight: 400\">dones <\/span><span style=\"font-weight: 400\">la carta. <\/span><\/p>\n<p style=\"text-align: right\">Article escrit per: Chiara<\/p>\n","protected":false},"excerpt":{"rendered":"<p>El divendres 21 de novembre fam fer un taller sobre el dol. Aix\u00f2 ho vam fer perqu\u00e8 el 15 de gener anirem a veure una obra que es diu Matres. Va sobre la hist\u00f2ria d\u2019un dels actors, en Jordi, que se li va morir la seva mare per c\u00e0ncer i pensava que era a l\u2019\u00fanica [&hellip;]<\/p>\n","protected":false},"author":16,"featured_media":12506,"comment_status":"open","ping_status":"open","sticky":false,"template":"","format":"standard","meta":{"_bbp_topic_count":0,"_bbp_reply_count":0,"_bbp_total_topic_count":0,"_bbp_total_reply_count":0,"_bbp_voice_count":0,"_bbp_anonymous_reply_count":0,"_bbp_topic_count_hidden":0,"_bbp_reply_count_hidden":0,"_bbp_forum_subforum_count":0,"site-sidebar-layout":"default","site-content-layout":"","ast-site-content-layout":"","site-content-style":"default","site-sidebar-style":"default","ast-global-header-display":"","ast-banner-title-visibility":"","ast-main-header-display":"","ast-hfb-above-header-display":"","ast-hfb-below-header-display":"","ast-hfb-mobile-header-display":"","site-post-title":"","ast-breadcrumbs-content":"","ast-featured-img":"","footer-sml-layout":"","theme-transparent-header-meta":"","adv-header-id-meta":"","stick-header-meta":"","header-above-stick-meta":"","header-main-stick-meta":"","header-below-stick-meta":"","astra-migrate-meta-layouts":"default","ast-page-background-enabled":"default","ast-page-background-meta":{"desktop":{"background-color":"var(--ast-global-color-4)","background-image":"","background-repeat":"repeat","background-position":"center center","background-size":"auto","background-attachment":"scroll","background-type":"","background-media":"","overlay-type":"","overlay-color":"","overlay-opacity":"","overlay-gradient":""},"tablet":{"background-color":"","background-image":"","background-repeat":"repeat","background-position":"center center","background-size":"auto","background-attachment":"scroll","background-type":"","background-media":"","overlay-type":"","overlay-color":"","overlay-opacity":"","overlay-gradient":""},"mobile":{"background-color":"","background-image":"","background-repeat":"repeat","background-position":"center center","background-size":"auto","background-attachment":"scroll","background-type":"","background-media":"","overlay-type":"","overlay-color":"","overlay-opacity":"","overlay-gradient":""}},"ast-content-background-meta":{"desktop":{"background-color":"var(--ast-global-color-5)","background-image":"","background-repeat":"repeat","background-position":"center center","background-size":"auto","background-attachment":"scroll","background-type":"","background-media":"","overlay-type":"","overlay-color":"","overlay-opacity":"","overlay-gradient":""},"tablet":{"background-color":"var(--ast-global-color-5)","background-image":"","background-repeat":"repeat","background-position":"center center","background-size":"auto","background-attachment":"scroll","background-type":"","background-media":"","overlay-type":"","overlay-color":"","overlay-opacity":"","overlay-gradient":""},"mobile":{"background-color":"var(--ast-global-color-5)","background-image":"","background-repeat":"repeat","background-position":"center center","background-size":"auto","background-attachment":"scroll","background-type":"","background-media":"","overlay-type":"","overlay-color":"","overlay-opacity":"","overlay-gradient":""}},"footnotes":""},"categories":[10],"tags":[389,88],"class_list":["post-12505","post","type-post","status-publish","format-standard","has-post-thumbnail","hentry","category-promocio-2014","tag-dol","tag-teatre"],"post_mailing_queue_ids":[],"_links":{"self":[{"href":"https:\/\/agora.xtec.cat\/ie-elcabreres\/wp-json\/wp\/v2\/posts\/12505","targetHints":{"allow":["GET"]}}],"collection":[{"href":"https:\/\/agora.xtec.cat\/ie-elcabreres\/wp-json\/wp\/v2\/posts"}],"about":[{"href":"https:\/\/agora.xtec.cat\/ie-elcabreres\/wp-json\/wp\/v2\/types\/post"}],"author":[{"embeddable":true,"href":"https:\/\/agora.xtec.cat\/ie-elcabreres\/wp-json\/wp\/v2\/users\/16"}],"replies":[{"embeddable":true,"href":"https:\/\/agora.xtec.cat\/ie-elcabreres\/wp-json\/wp\/v2\/comments?post=12505"}],"version-history":[{"count":1,"href":"https:\/\/agora.xtec.cat\/ie-elcabreres\/wp-json\/wp\/v2\/posts\/12505\/revisions"}],"predecessor-version":[{"id":12507,"href":"https:\/\/agora.xtec.cat\/ie-elcabreres\/wp-json\/wp\/v2\/posts\/12505\/revisions\/12507"}],"wp:featuredmedia":[{"embeddable":true,"href":"https:\/\/agora.xtec.cat\/ie-elcabreres\/wp-json\/wp\/v2\/media\/12506"}],"wp:attachment":[{"href":"https:\/\/agora.xtec.cat\/ie-elcabreres\/wp-json\/wp\/v2\/media?parent=12505"}],"wp:term":[{"taxonomy":"category","embeddable":true,"href":"https:\/\/agora.xtec.cat\/ie-elcabreres\/wp-json\/wp\/v2\/categories?post=12505"},{"taxonomy":"post_tag","embeddable":true,"href":"https:\/\/agora.xtec.cat\/ie-elcabreres\/wp-json\/wp\/v2\/tags?post=12505"}],"curies":[{"name":"wp","href":"https:\/\/api.w.org\/{rel}","templated":true}]}}