{"id":12229,"date":"2025-09-18T17:53:50","date_gmt":"2025-09-18T15:53:50","guid":{"rendered":"https:\/\/agora.xtec.cat\/ie-elcabreres\/?p=12229"},"modified":"2025-09-18T17:53:50","modified_gmt":"2025-09-18T15:53:50","slug":"sortida-al-panta-de-sau-2","status":"publish","type":"post","link":"https:\/\/agora.xtec.cat\/ie-elcabreres\/promocio-2015\/sortida-al-panta-de-sau-2\/","title":{"rendered":"Sortida al Pant\u00e0 de Sau"},"content":{"rendered":"<p><span style=\"font-weight: 400\">El dia 15 de setembre els alumnes de 5\u00e8 i 6\u00e8 vam anar a fer una activitat amb caiac al pant\u00e0 de Sau. Vam sortir de l&#8217;escola a 3 quarts de nou, vam anar amb autob\u00fas fins a Tavertet i despr\u00e9s vam baixar caminant fins al pant\u00e0 de Sau.\u00a0<\/span><\/p>\n<p><span style=\"font-weight: 400\">Un cop all\u00e0, primer vam esmorzar, despr\u00e9s vam agafar els rems, ens vam posar les armilles salvavides i vam comen\u00e7ar a anar amb caiac. Ens ho vam passar molt b\u00e9. Al final ens vam poder banyar i tot.<\/span><\/p>\n<p>Text escrit per: Bruna.\u00a0<a href=\"https:\/\/agora.xtec.cat\/ie-elcabreres\/wp-content\/uploads\/usu2186\/2025\/09\/8be6a666-e17c-4db0-b9e3-8ba29765dfdf.jpg\"><br \/>\n<img loading=\"lazy\" decoding=\"async\" class=\" wp-image-12230 alignright\" src=\"https:\/\/agora.xtec.cat\/ie-elcabreres\/wp-content\/uploads\/usu2186\/2025\/09\/8be6a666-e17c-4db0-b9e3-8ba29765dfdf-300x135.jpg\" alt=\"\" width=\"342\" height=\"154\" srcset=\"https:\/\/agora.xtec.cat\/ie-elcabreres\/wp-content\/uploads\/usu2186\/2025\/09\/8be6a666-e17c-4db0-b9e3-8ba29765dfdf-300x135.jpg 300w, https:\/\/agora.xtec.cat\/ie-elcabreres\/wp-content\/uploads\/usu2186\/2025\/09\/8be6a666-e17c-4db0-b9e3-8ba29765dfdf-1024x461.jpg 1024w, https:\/\/agora.xtec.cat\/ie-elcabreres\/wp-content\/uploads\/usu2186\/2025\/09\/8be6a666-e17c-4db0-b9e3-8ba29765dfdf-768x346.jpg 768w, https:\/\/agora.xtec.cat\/ie-elcabreres\/wp-content\/uploads\/usu2186\/2025\/09\/8be6a666-e17c-4db0-b9e3-8ba29765dfdf-1536x692.jpg 1536w, https:\/\/agora.xtec.cat\/ie-elcabreres\/wp-content\/uploads\/usu2186\/2025\/09\/8be6a666-e17c-4db0-b9e3-8ba29765dfdf.jpg 1600w\" sizes=\"auto, (max-width: 342px) 100vw, 342px\" \/><\/a><\/p>\n","protected":false},"excerpt":{"rendered":"<p>El dia 15 de setembre els alumnes de 5\u00e8 i 6\u00e8 vam anar a fer una activitat amb caiac al pant\u00e0 de Sau. Vam sortir de l&#8217;escola a 3 quarts de nou, vam anar amb autob\u00fas fins a Tavertet i despr\u00e9s vam baixar caminant fins al pant\u00e0 de Sau.\u00a0 Un cop all\u00e0, primer vam esmorzar, [&hellip;]<\/p>\n","protected":false},"author":15,"featured_media":0,"comment_status":"closed","ping_status":"closed","sticky":false,"template":"","format":"standard","meta":{"_bbp_topic_count":0,"_bbp_reply_count":0,"_bbp_total_topic_count":0,"_bbp_total_reply_count":0,"_bbp_voice_count":0,"_bbp_anonymous_reply_count":0,"_bbp_topic_count_hidden":0,"_bbp_reply_count_hidden":0,"_bbp_forum_subforum_count":0,"site-sidebar-layout":"default","site-content-layout":"","ast-site-content-layout":"","site-content-style":"default","site-sidebar-style":"default","ast-global-header-display":"","ast-banner-title-visibility":"","ast-main-header-display":"","ast-hfb-above-header-display":"","ast-hfb-below-header-display":"","ast-hfb-mobile-header-display":"","site-post-title":"","ast-breadcrumbs-content":"","ast-featured-img":"","footer-sml-layout":"","theme-transparent-header-meta":"","adv-header-id-meta":"","stick-header-meta":"","header-above-stick-meta":"","header-main-stick-meta":"","header-below-stick-meta":"","astra-migrate-meta-layouts":"default","ast-page-background-enabled":"default","ast-page-background-meta":{"desktop":{"background-color":"var(--ast-global-color-4)","background-image":"","background-repeat":"repeat","background-position":"center center","background-size":"auto","background-attachment":"scroll","background-type":"","background-media":"","overlay-type":"","overlay-color":"","overlay-opacity":"","overlay-gradient":""},"tablet":{"background-color":"","background-image":"","background-repeat":"repeat","background-position":"center center","background-size":"auto","background-attachment":"scroll","background-type":"","background-media":"","overlay-type":"","overlay-color":"","overlay-opacity":"","overlay-gradient":""},"mobile":{"background-color":"","background-image":"","background-repeat":"repeat","background-position":"center center","background-size":"auto","background-attachment":"scroll","background-type":"","background-media":"","overlay-type":"","overlay-color":"","overlay-opacity":"","overlay-gradient":""}},"ast-content-background-meta":{"desktop":{"background-color":"var(--ast-global-color-5)","background-image":"","background-repeat":"repeat","background-position":"center center","background-size":"auto","background-attachment":"scroll","background-type":"","background-media":"","overlay-type":"","overlay-color":"","overlay-opacity":"","overlay-gradient":""},"tablet":{"background-color":"var(--ast-global-color-5)","background-image":"","background-repeat":"repeat","background-position":"center center","background-size":"auto","background-attachment":"scroll","background-type":"","background-media":"","overlay-type":"","overlay-color":"","overlay-opacity":"","overlay-gradient":""},"mobile":{"background-color":"var(--ast-global-color-5)","background-image":"","background-repeat":"repeat","background-position":"center center","background-size":"auto","background-attachment":"scroll","background-type":"","background-media":"","overlay-type":"","overlay-color":"","overlay-opacity":"","overlay-gradient":""}},"footnotes":""},"categories":[9,10],"tags":[74,219,140,82],"class_list":["post-12229","post","type-post","status-publish","format-standard","hentry","category-promocio-2015","category-promocio-2014","tag-cicle-superior","tag-coneixement-del-medi","tag-entorn","tag-excursio"],"post_mailing_queue_ids":[],"_links":{"self":[{"href":"https:\/\/agora.xtec.cat\/ie-elcabreres\/wp-json\/wp\/v2\/posts\/12229","targetHints":{"allow":["GET"]}}],"collection":[{"href":"https:\/\/agora.xtec.cat\/ie-elcabreres\/wp-json\/wp\/v2\/posts"}],"about":[{"href":"https:\/\/agora.xtec.cat\/ie-elcabreres\/wp-json\/wp\/v2\/types\/post"}],"author":[{"embeddable":true,"href":"https:\/\/agora.xtec.cat\/ie-elcabreres\/wp-json\/wp\/v2\/users\/15"}],"replies":[{"embeddable":true,"href":"https:\/\/agora.xtec.cat\/ie-elcabreres\/wp-json\/wp\/v2\/comments?post=12229"}],"version-history":[{"count":1,"href":"https:\/\/agora.xtec.cat\/ie-elcabreres\/wp-json\/wp\/v2\/posts\/12229\/revisions"}],"predecessor-version":[{"id":12231,"href":"https:\/\/agora.xtec.cat\/ie-elcabreres\/wp-json\/wp\/v2\/posts\/12229\/revisions\/12231"}],"wp:attachment":[{"href":"https:\/\/agora.xtec.cat\/ie-elcabreres\/wp-json\/wp\/v2\/media?parent=12229"}],"wp:term":[{"taxonomy":"category","embeddable":true,"href":"https:\/\/agora.xtec.cat\/ie-elcabreres\/wp-json\/wp\/v2\/categories?post=12229"},{"taxonomy":"post_tag","embeddable":true,"href":"https:\/\/agora.xtec.cat\/ie-elcabreres\/wp-json\/wp\/v2\/tags?post=12229"}],"curies":[{"name":"wp","href":"https:\/\/api.w.org\/{rel}","templated":true}]}}