{"id":12090,"date":"2025-05-26T07:48:47","date_gmt":"2025-05-26T05:48:47","guid":{"rendered":"https:\/\/agora.xtec.cat\/ie-elcabreres\/?p=12090"},"modified":"2025-05-25T14:24:05","modified_gmt":"2025-05-25T12:24:05","slug":"manifestacio","status":"publish","type":"post","link":"https:\/\/agora.xtec.cat\/ie-elcabreres\/promocio-2013\/manifestacio\/","title":{"rendered":"Manifestaci\u00f3"},"content":{"rendered":"<p><span style=\"font-weight: 400\">Benvolgudes fam\u00edlies, <\/span><\/p>\n<p><span style=\"font-weight: 400\">El dilluns 19 de maig, a mates, vam fer grups de 3 persones i l\u2019\u00c0lex ens va deixar triar a cada grup si vol\u00edem comptar quants manifestants cabrien en una manifestaci\u00f3 des de l\u2019entrada de l\u2019Esquirol fins a l\u2019entrada de Roda, o quant tardar\u00edem a comptar fins a un mili\u00f3. Tots els grups vam triar quants manifestants cabrien en una manifestaci\u00f3 des de l\u2019entrada de l\u2019Esquirol fins a l\u2019entrada de Roda. Cada grup va ho va calcular d\u2019una forma diferent.<\/span><\/p>\n<p><span style=\"font-weight: 400\">Per exemple, un dels grups ho va calcular aix\u00ed: primer van anar a la carretera i van mesurar quantes persones cabrien d\u2019ample i va sortir 19, despr\u00e9s quantes en cabrien en un metre i en van sortir 3 van multiplicar el 3 x 19 que eren 57, el 57 era les persones que cabien en un metro de carretera.<\/span><\/p>\n<p><span style=\"font-weight: 400\">Al Googlemaps van mirar els metres que hi havia des de l\u2019entrada de l\u2019Esquirol fins a l\u2019entrada de Roda que eren 8.100 metres. Van multiplicar les persones que hi havia en un metre (57) , pels metres en total (8.100) i ens donava el resultat que era\u2026<\/span><\/p>\n<p style=\"text-align: center\"><strong>416.700 persones<\/strong><\/p>\n<p style=\"text-align: right\">Article escrit per: Pol<\/p>\n","protected":false},"excerpt":{"rendered":"<p>Benvolgudes fam\u00edlies, El dilluns 19 de maig, a mates, vam fer grups de 3 persones i l\u2019\u00c0lex ens va deixar triar a cada grup si vol\u00edem comptar quants manifestants cabrien en una manifestaci\u00f3 des de l\u2019entrada de l\u2019Esquirol fins a l\u2019entrada de Roda, o quant tardar\u00edem a comptar fins a un mili\u00f3. Tots els grups [&hellip;]<\/p>\n","protected":false},"author":16,"featured_media":12091,"comment_status":"closed","ping_status":"closed","sticky":false,"template":"","format":"standard","meta":{"_bbp_topic_count":0,"_bbp_reply_count":0,"_bbp_total_topic_count":0,"_bbp_total_reply_count":0,"_bbp_voice_count":0,"_bbp_anonymous_reply_count":0,"_bbp_topic_count_hidden":0,"_bbp_reply_count_hidden":0,"_bbp_forum_subforum_count":0,"site-sidebar-layout":"default","site-content-layout":"","ast-site-content-layout":"","site-content-style":"default","site-sidebar-style":"default","ast-global-header-display":"","ast-banner-title-visibility":"","ast-main-header-display":"","ast-hfb-above-header-display":"","ast-hfb-below-header-display":"","ast-hfb-mobile-header-display":"","site-post-title":"","ast-breadcrumbs-content":"","ast-featured-img":"","footer-sml-layout":"","theme-transparent-header-meta":"","adv-header-id-meta":"","stick-header-meta":"","header-above-stick-meta":"","header-main-stick-meta":"","header-below-stick-meta":"","astra-migrate-meta-layouts":"default","ast-page-background-enabled":"default","ast-page-background-meta":{"desktop":{"background-color":"var(--ast-global-color-4)","background-image":"","background-repeat":"repeat","background-position":"center center","background-size":"auto","background-attachment":"scroll","background-type":"","background-media":"","overlay-type":"","overlay-color":"","overlay-opacity":"","overlay-gradient":""},"tablet":{"background-color":"","background-image":"","background-repeat":"repeat","background-position":"center center","background-size":"auto","background-attachment":"scroll","background-type":"","background-media":"","overlay-type":"","overlay-color":"","overlay-opacity":"","overlay-gradient":""},"mobile":{"background-color":"","background-image":"","background-repeat":"repeat","background-position":"center center","background-size":"auto","background-attachment":"scroll","background-type":"","background-media":"","overlay-type":"","overlay-color":"","overlay-opacity":"","overlay-gradient":""}},"ast-content-background-meta":{"desktop":{"background-color":"var(--ast-global-color-5)","background-image":"","background-repeat":"repeat","background-position":"center center","background-size":"auto","background-attachment":"scroll","background-type":"","background-media":"","overlay-type":"","overlay-color":"","overlay-opacity":"","overlay-gradient":""},"tablet":{"background-color":"var(--ast-global-color-5)","background-image":"","background-repeat":"repeat","background-position":"center center","background-size":"auto","background-attachment":"scroll","background-type":"","background-media":"","overlay-type":"","overlay-color":"","overlay-opacity":"","overlay-gradient":""},"mobile":{"background-color":"var(--ast-global-color-5)","background-image":"","background-repeat":"repeat","background-position":"center center","background-size":"auto","background-attachment":"scroll","background-type":"","background-media":"","overlay-type":"","overlay-color":"","overlay-opacity":"","overlay-gradient":""}},"footnotes":""},"categories":[11],"tags":[77],"class_list":["post-12090","post","type-post","status-publish","format-standard","has-post-thumbnail","hentry","category-promocio-2013","tag-matematiques"],"post_mailing_queue_ids":[],"_links":{"self":[{"href":"https:\/\/agora.xtec.cat\/ie-elcabreres\/wp-json\/wp\/v2\/posts\/12090","targetHints":{"allow":["GET"]}}],"collection":[{"href":"https:\/\/agora.xtec.cat\/ie-elcabreres\/wp-json\/wp\/v2\/posts"}],"about":[{"href":"https:\/\/agora.xtec.cat\/ie-elcabreres\/wp-json\/wp\/v2\/types\/post"}],"author":[{"embeddable":true,"href":"https:\/\/agora.xtec.cat\/ie-elcabreres\/wp-json\/wp\/v2\/users\/16"}],"replies":[{"embeddable":true,"href":"https:\/\/agora.xtec.cat\/ie-elcabreres\/wp-json\/wp\/v2\/comments?post=12090"}],"version-history":[{"count":1,"href":"https:\/\/agora.xtec.cat\/ie-elcabreres\/wp-json\/wp\/v2\/posts\/12090\/revisions"}],"predecessor-version":[{"id":12092,"href":"https:\/\/agora.xtec.cat\/ie-elcabreres\/wp-json\/wp\/v2\/posts\/12090\/revisions\/12092"}],"wp:featuredmedia":[{"embeddable":true,"href":"https:\/\/agora.xtec.cat\/ie-elcabreres\/wp-json\/wp\/v2\/media\/12091"}],"wp:attachment":[{"href":"https:\/\/agora.xtec.cat\/ie-elcabreres\/wp-json\/wp\/v2\/media?parent=12090"}],"wp:term":[{"taxonomy":"category","embeddable":true,"href":"https:\/\/agora.xtec.cat\/ie-elcabreres\/wp-json\/wp\/v2\/categories?post=12090"},{"taxonomy":"post_tag","embeddable":true,"href":"https:\/\/agora.xtec.cat\/ie-elcabreres\/wp-json\/wp\/v2\/tags?post=12090"}],"curies":[{"name":"wp","href":"https:\/\/api.w.org\/{rel}","templated":true}]}}