{"id":12018,"date":"2025-04-25T21:03:00","date_gmt":"2025-04-25T19:03:00","guid":{"rendered":"https:\/\/agora.xtec.cat\/ie-elcabreres\/?p=12018"},"modified":"2025-04-25T21:03:00","modified_gmt":"2025-04-25T19:03:00","slug":"parada-de-sant-jordi","status":"publish","type":"post","link":"https:\/\/agora.xtec.cat\/ie-elcabreres\/promocio-2013\/parada-de-sant-jordi\/","title":{"rendered":"Parada de Sant Jordi"},"content":{"rendered":"<p>Hola fam\u00edlies<br \/>\nDurant aquesta setmana i l&#8217;anterior els de 6\u00e8 hem estat preparant la parada de Sant Jordi i el dimecres la vam fer.<br \/>\nPrimer vam enviar un correu a les fam\u00edlies i van poder encarregar el llibre que volguessin, despr\u00e9s tamb\u00e9 vam comprar altres llibres i vam posar el preu a tots els llibres. Despr\u00e9s vam fer com una exposici\u00f3 a la biblioteca i van passar totes les classes i all\u00e0 els nens que no van encarregar cap llibre per internet el van poder encarregar i els hi vam guardar.<br \/>\nLa parada la vam fer dimecres a l&#8217;Esquirol de 8\u202fh del mat\u00ed a 18\u202fh de la tarda i a Cantoni la vam fer de 8\u202fh del mat\u00ed a 15\u202fh del migdia. A la parada vam exposar tots els llibres que ning\u00fa ens va encarregar i els llibres que van encarregar els van venir a buscar a la parada. Tamb\u00e9 ven\u00edem roses de xuxe fetes per nosaltres i de roses de veritat en ten\u00edem 650 roses i ens van sobrar 38 i els vam regalar al casal d&#8217;avis. Les roses de xuxe se&#8217;ns van acabar, i els llibres que ens van sobrar els hem tornat a les llibreries i tots els diners que hem fet les farem servir per donar a les escoles de Val\u00e8ncia i per l&#8217;excursi\u00f3 de final de curs.<\/p>\n<p style=\"text-align: right\">Article escrit per: Mateu<\/p>\n","protected":false},"excerpt":{"rendered":"<p>Hola fam\u00edlies Durant aquesta setmana i l&#8217;anterior els de 6\u00e8 hem estat preparant la parada de Sant Jordi i el dimecres la vam fer. Primer vam enviar un correu a les fam\u00edlies i van poder encarregar el llibre que volguessin, despr\u00e9s tamb\u00e9 vam comprar altres llibres i vam posar el preu a tots els llibres. [&hellip;]<\/p>\n","protected":false},"author":16,"featured_media":12019,"comment_status":"closed","ping_status":"closed","sticky":false,"template":"","format":"standard","meta":{"_bbp_topic_count":0,"_bbp_reply_count":0,"_bbp_total_topic_count":0,"_bbp_total_reply_count":0,"_bbp_voice_count":0,"_bbp_anonymous_reply_count":0,"_bbp_topic_count_hidden":0,"_bbp_reply_count_hidden":0,"_bbp_forum_subforum_count":0,"site-sidebar-layout":"default","site-content-layout":"","ast-site-content-layout":"","site-content-style":"default","site-sidebar-style":"default","ast-global-header-display":"","ast-banner-title-visibility":"","ast-main-header-display":"","ast-hfb-above-header-display":"","ast-hfb-below-header-display":"","ast-hfb-mobile-header-display":"","site-post-title":"","ast-breadcrumbs-content":"","ast-featured-img":"","footer-sml-layout":"","theme-transparent-header-meta":"","adv-header-id-meta":"","stick-header-meta":"","header-above-stick-meta":"","header-main-stick-meta":"","header-below-stick-meta":"","astra-migrate-meta-layouts":"default","ast-page-background-enabled":"default","ast-page-background-meta":{"desktop":{"background-color":"var(--ast-global-color-4)","background-image":"","background-repeat":"repeat","background-position":"center center","background-size":"auto","background-attachment":"scroll","background-type":"","background-media":"","overlay-type":"","overlay-color":"","overlay-opacity":"","overlay-gradient":""},"tablet":{"background-color":"","background-image":"","background-repeat":"repeat","background-position":"center center","background-size":"auto","background-attachment":"scroll","background-type":"","background-media":"","overlay-type":"","overlay-color":"","overlay-opacity":"","overlay-gradient":""},"mobile":{"background-color":"","background-image":"","background-repeat":"repeat","background-position":"center center","background-size":"auto","background-attachment":"scroll","background-type":"","background-media":"","overlay-type":"","overlay-color":"","overlay-opacity":"","overlay-gradient":""}},"ast-content-background-meta":{"desktop":{"background-color":"var(--ast-global-color-5)","background-image":"","background-repeat":"repeat","background-position":"center center","background-size":"auto","background-attachment":"scroll","background-type":"","background-media":"","overlay-type":"","overlay-color":"","overlay-opacity":"","overlay-gradient":""},"tablet":{"background-color":"var(--ast-global-color-5)","background-image":"","background-repeat":"repeat","background-position":"center center","background-size":"auto","background-attachment":"scroll","background-type":"","background-media":"","overlay-type":"","overlay-color":"","overlay-opacity":"","overlay-gradient":""},"mobile":{"background-color":"var(--ast-global-color-5)","background-image":"","background-repeat":"repeat","background-position":"center center","background-size":"auto","background-attachment":"scroll","background-type":"","background-media":"","overlay-type":"","overlay-color":"","overlay-opacity":"","overlay-gradient":""}},"footnotes":""},"categories":[11],"tags":[114],"class_list":["post-12018","post","type-post","status-publish","format-standard","has-post-thumbnail","hentry","category-promocio-2013","tag-sant-jordi"],"post_mailing_queue_ids":[],"_links":{"self":[{"href":"https:\/\/agora.xtec.cat\/ie-elcabreres\/wp-json\/wp\/v2\/posts\/12018","targetHints":{"allow":["GET"]}}],"collection":[{"href":"https:\/\/agora.xtec.cat\/ie-elcabreres\/wp-json\/wp\/v2\/posts"}],"about":[{"href":"https:\/\/agora.xtec.cat\/ie-elcabreres\/wp-json\/wp\/v2\/types\/post"}],"author":[{"embeddable":true,"href":"https:\/\/agora.xtec.cat\/ie-elcabreres\/wp-json\/wp\/v2\/users\/16"}],"replies":[{"embeddable":true,"href":"https:\/\/agora.xtec.cat\/ie-elcabreres\/wp-json\/wp\/v2\/comments?post=12018"}],"version-history":[{"count":1,"href":"https:\/\/agora.xtec.cat\/ie-elcabreres\/wp-json\/wp\/v2\/posts\/12018\/revisions"}],"predecessor-version":[{"id":12020,"href":"https:\/\/agora.xtec.cat\/ie-elcabreres\/wp-json\/wp\/v2\/posts\/12018\/revisions\/12020"}],"wp:featuredmedia":[{"embeddable":true,"href":"https:\/\/agora.xtec.cat\/ie-elcabreres\/wp-json\/wp\/v2\/media\/12019"}],"wp:attachment":[{"href":"https:\/\/agora.xtec.cat\/ie-elcabreres\/wp-json\/wp\/v2\/media?parent=12018"}],"wp:term":[{"taxonomy":"category","embeddable":true,"href":"https:\/\/agora.xtec.cat\/ie-elcabreres\/wp-json\/wp\/v2\/categories?post=12018"},{"taxonomy":"post_tag","embeddable":true,"href":"https:\/\/agora.xtec.cat\/ie-elcabreres\/wp-json\/wp\/v2\/tags?post=12018"}],"curies":[{"name":"wp","href":"https:\/\/api.w.org\/{rel}","templated":true}]}}