{"id":11927,"date":"2025-04-09T17:09:56","date_gmt":"2025-04-09T15:09:56","guid":{"rendered":"https:\/\/agora.xtec.cat\/ie-elcabreres\/?p=11927"},"modified":"2025-04-10T13:51:13","modified_gmt":"2025-04-10T11:51:13","slug":"nova-decoracio-de-la-biblioteca-homenatge-a-roald-dahl","status":"publish","type":"post","link":"https:\/\/agora.xtec.cat\/ie-elcabreres\/biblioteca\/nova-decoracio-de-la-biblioteca-homenatge-a-roald-dahl\/","title":{"rendered":"Nova decoraci\u00f3 de la biblioteca: homenatge a Roald Dahl"},"content":{"rendered":"<p>La Comissi\u00f3 Biblioteca ja treballa pensant en Sant Jordi i ha creat una decoraci\u00f3 homenatjant un escriptor conegut pels seus contes i relats infantils i juvenils, Roald Dahl. Per aquest motiu, la decoraci\u00f3 que ja llueix a l&#8217;entrada de la biblioteca est\u00e0 relacionada amb aquest prol\u00edfic escriptor gal\u00b7l\u00e8s. Tal com com es pot veure a les fotografies, a la prestatgeria hi ha una bona colla dels seus llibres m\u00e9s coneguts: <em>Charlie i la f\u00e0brica de xocolata<\/em>, <em>Matilda<\/em>, <em>Bruixes<\/em>, <em>Els Culdolla<\/em>, entre d&#8217;altres. Alguns dels llibres ja formaven part de la col\u00b7lecci\u00f3 de la biblioteca, per\u00f2 d&#8217;altres s&#8217;han demanat en pr\u00e9stec al Bibliob\u00fas Puigdon.<\/p>\n<p>Les imatges que llueixen al plaf\u00f3 i tamb\u00e9 les que pengen del sostre s\u00f3n els cartells de les pel\u00b7l\u00edcules basats en les novel\u00b7les i contes d&#8217;aquest escriptor, amb l&#8217;objectiu que l&#8217;alumnat s&#8217;adoni que alguns dels llibres de Dahl segurament els s\u00f3n coneguts perqu\u00e8 els han vist en forma de film. Per completar la decoraci\u00f3, la Comissi\u00f3 Biblioteca ha demanat l&#8217;ajuda de l&#8217;equip <a href=\"https:\/\/agora.xtec.cat\/ie-elcabreres\/portada\/som-centre-escollit-per-al-programa-faig\/\">FAIG<\/a> per crear les lletres amb cartr\u00f3 del nom i el cognom de l&#8217;escriptor, seguint la tipografia de les portades dels seus llibres m\u00e9s coneguts.<\/p>\n<p>Com a colof\u00f3 i aprofitant l&#8217;avinentesa de la celebraci\u00f3 de Sant Jordi, s&#8217;ha triat una frase c\u00e8lebre de l&#8217;autor que convida a reflexionar sobre la import\u00e0ncia de la lectura: &#8220;Els nens que llegeixen esdevenen adults que pensen&#8221;.<\/p>\n<p>&nbsp;<\/p>\n<p>#PLAMIB<\/p>\n<p>#BESCAT<\/p>\n<p>&nbsp;<\/p>\n<p><a href=\"https:\/\/agora.xtec.cat\/ie-elcabreres\/wp-content\/uploads\/usu2186\/2025\/04\/Deco4_1-scaled.jpg\"><img loading=\"lazy\" decoding=\"async\" class=\"alignnone size-large wp-image-11929\" src=\"https:\/\/agora.xtec.cat\/ie-elcabreres\/wp-content\/uploads\/usu2186\/2025\/04\/Deco4_1-768x1024.jpg\" alt=\"\" width=\"768\" height=\"1024\" srcset=\"https:\/\/agora.xtec.cat\/ie-elcabreres\/wp-content\/uploads\/usu2186\/2025\/04\/Deco4_1-768x1024.jpg 768w, https:\/\/agora.xtec.cat\/ie-elcabreres\/wp-content\/uploads\/usu2186\/2025\/04\/Deco4_1-225x300.jpg 225w, https:\/\/agora.xtec.cat\/ie-elcabreres\/wp-content\/uploads\/usu2186\/2025\/04\/Deco4_1-1152x1536.jpg 1152w, https:\/\/agora.xtec.cat\/ie-elcabreres\/wp-content\/uploads\/usu2186\/2025\/04\/Deco4_1-1536x2048.jpg 1536w, https:\/\/agora.xtec.cat\/ie-elcabreres\/wp-content\/uploads\/usu2186\/2025\/04\/Deco4_1-scaled.jpg 1920w\" sizes=\"auto, (max-width: 768px) 100vw, 768px\" \/><\/a> <a href=\"https:\/\/agora.xtec.cat\/ie-elcabreres\/wp-content\/uploads\/usu2186\/2025\/04\/Deco4_2-scaled.jpg\"><img loading=\"lazy\" decoding=\"async\" class=\"alignnone size-large wp-image-11930\" src=\"https:\/\/agora.xtec.cat\/ie-elcabreres\/wp-content\/uploads\/usu2186\/2025\/04\/Deco4_2-768x1024.jpg\" alt=\"\" width=\"768\" height=\"1024\" srcset=\"https:\/\/agora.xtec.cat\/ie-elcabreres\/wp-content\/uploads\/usu2186\/2025\/04\/Deco4_2-768x1024.jpg 768w, https:\/\/agora.xtec.cat\/ie-elcabreres\/wp-content\/uploads\/usu2186\/2025\/04\/Deco4_2-225x300.jpg 225w, https:\/\/agora.xtec.cat\/ie-elcabreres\/wp-content\/uploads\/usu2186\/2025\/04\/Deco4_2-1152x1536.jpg 1152w, https:\/\/agora.xtec.cat\/ie-elcabreres\/wp-content\/uploads\/usu2186\/2025\/04\/Deco4_2-1536x2048.jpg 1536w, https:\/\/agora.xtec.cat\/ie-elcabreres\/wp-content\/uploads\/usu2186\/2025\/04\/Deco4_2-scaled.jpg 1920w\" sizes=\"auto, (max-width: 768px) 100vw, 768px\" \/><\/a><\/p>\n<p><a href=\"https:\/\/agora.xtec.cat\/ie-elcabreres\/wp-content\/uploads\/usu2186\/2025\/04\/Deco4_3-scaled.jpg\"><img loading=\"lazy\" decoding=\"async\" class=\"alignnone size-large wp-image-11931\" src=\"https:\/\/agora.xtec.cat\/ie-elcabreres\/wp-content\/uploads\/usu2186\/2025\/04\/Deco4_3-768x1024.jpg\" alt=\"\" width=\"768\" height=\"1024\" srcset=\"https:\/\/agora.xtec.cat\/ie-elcabreres\/wp-content\/uploads\/usu2186\/2025\/04\/Deco4_3-768x1024.jpg 768w, https:\/\/agora.xtec.cat\/ie-elcabreres\/wp-content\/uploads\/usu2186\/2025\/04\/Deco4_3-225x300.jpg 225w, https:\/\/agora.xtec.cat\/ie-elcabreres\/wp-content\/uploads\/usu2186\/2025\/04\/Deco4_3-1152x1536.jpg 1152w, https:\/\/agora.xtec.cat\/ie-elcabreres\/wp-content\/uploads\/usu2186\/2025\/04\/Deco4_3-1536x2048.jpg 1536w, https:\/\/agora.xtec.cat\/ie-elcabreres\/wp-content\/uploads\/usu2186\/2025\/04\/Deco4_3-scaled.jpg 1920w\" sizes=\"auto, (max-width: 768px) 100vw, 768px\" \/><\/a><\/p>\n","protected":false},"excerpt":{"rendered":"<p>La Comissi\u00f3 Biblioteca ja treballa pensant en Sant Jordi i ha creat una decoraci\u00f3 homenatjant un escriptor conegut pels seus contes i relats infantils i juvenils, Roald Dahl. Per aquest motiu, la decoraci\u00f3 que ja llueix a l&#8217;entrada de la biblioteca est\u00e0 relacionada amb aquest prol\u00edfic escriptor gal\u00b7l\u00e8s. Tal com com es pot veure a [&hellip;]<\/p>\n","protected":false},"author":27,"featured_media":11929,"comment_status":"closed","ping_status":"closed","sticky":false,"template":"","format":"standard","meta":{"_bbp_topic_count":0,"_bbp_reply_count":0,"_bbp_total_topic_count":0,"_bbp_total_reply_count":0,"_bbp_voice_count":0,"_bbp_anonymous_reply_count":0,"_bbp_topic_count_hidden":0,"_bbp_reply_count_hidden":0,"_bbp_forum_subforum_count":0,"site-sidebar-layout":"default","site-content-layout":"","ast-site-content-layout":"","site-content-style":"default","site-sidebar-style":"default","ast-global-header-display":"","ast-banner-title-visibility":"","ast-main-header-display":"","ast-hfb-above-header-display":"","ast-hfb-below-header-display":"","ast-hfb-mobile-header-display":"","site-post-title":"","ast-breadcrumbs-content":"","ast-featured-img":"","footer-sml-layout":"","theme-transparent-header-meta":"","adv-header-id-meta":"","stick-header-meta":"","header-above-stick-meta":"","header-main-stick-meta":"","header-below-stick-meta":"","astra-migrate-meta-layouts":"default","ast-page-background-enabled":"default","ast-page-background-meta":{"desktop":{"background-color":"var(--ast-global-color-4)","background-image":"","background-repeat":"repeat","background-position":"center center","background-size":"auto","background-attachment":"scroll","background-type":"","background-media":"","overlay-type":"","overlay-color":"","overlay-opacity":"","overlay-gradient":""},"tablet":{"background-color":"","background-image":"","background-repeat":"repeat","background-position":"center center","background-size":"auto","background-attachment":"scroll","background-type":"","background-media":"","overlay-type":"","overlay-color":"","overlay-opacity":"","overlay-gradient":""},"mobile":{"background-color":"","background-image":"","background-repeat":"repeat","background-position":"center center","background-size":"auto","background-attachment":"scroll","background-type":"","background-media":"","overlay-type":"","overlay-color":"","overlay-opacity":"","overlay-gradient":""}},"ast-content-background-meta":{"desktop":{"background-color":"var(--ast-global-color-5)","background-image":"","background-repeat":"repeat","background-position":"center center","background-size":"auto","background-attachment":"scroll","background-type":"","background-media":"","overlay-type":"","overlay-color":"","overlay-opacity":"","overlay-gradient":""},"tablet":{"background-color":"var(--ast-global-color-5)","background-image":"","background-repeat":"repeat","background-position":"center center","background-size":"auto","background-attachment":"scroll","background-type":"","background-media":"","overlay-type":"","overlay-color":"","overlay-opacity":"","overlay-gradient":""},"mobile":{"background-color":"var(--ast-global-color-5)","background-image":"","background-repeat":"repeat","background-position":"center center","background-size":"auto","background-attachment":"scroll","background-type":"","background-media":"","overlay-type":"","overlay-color":"","overlay-opacity":"","overlay-gradient":""}},"footnotes":""},"categories":[316],"tags":[295,193,280,330,115,294,354],"class_list":["post-11927","post","type-post","status-publish","format-standard","has-post-thumbnail","hentry","category-biblioteca","tag-bescat","tag-biblioteca","tag-cultura","tag-decoracio","tag-llibres","tag-plamib","tag-santjordi"],"post_mailing_queue_ids":[],"_links":{"self":[{"href":"https:\/\/agora.xtec.cat\/ie-elcabreres\/wp-json\/wp\/v2\/posts\/11927","targetHints":{"allow":["GET"]}}],"collection":[{"href":"https:\/\/agora.xtec.cat\/ie-elcabreres\/wp-json\/wp\/v2\/posts"}],"about":[{"href":"https:\/\/agora.xtec.cat\/ie-elcabreres\/wp-json\/wp\/v2\/types\/post"}],"author":[{"embeddable":true,"href":"https:\/\/agora.xtec.cat\/ie-elcabreres\/wp-json\/wp\/v2\/users\/27"}],"replies":[{"embeddable":true,"href":"https:\/\/agora.xtec.cat\/ie-elcabreres\/wp-json\/wp\/v2\/comments?post=11927"}],"version-history":[{"count":3,"href":"https:\/\/agora.xtec.cat\/ie-elcabreres\/wp-json\/wp\/v2\/posts\/11927\/revisions"}],"predecessor-version":[{"id":11933,"href":"https:\/\/agora.xtec.cat\/ie-elcabreres\/wp-json\/wp\/v2\/posts\/11927\/revisions\/11933"}],"wp:featuredmedia":[{"embeddable":true,"href":"https:\/\/agora.xtec.cat\/ie-elcabreres\/wp-json\/wp\/v2\/media\/11929"}],"wp:attachment":[{"href":"https:\/\/agora.xtec.cat\/ie-elcabreres\/wp-json\/wp\/v2\/media?parent=11927"}],"wp:term":[{"taxonomy":"category","embeddable":true,"href":"https:\/\/agora.xtec.cat\/ie-elcabreres\/wp-json\/wp\/v2\/categories?post=11927"},{"taxonomy":"post_tag","embeddable":true,"href":"https:\/\/agora.xtec.cat\/ie-elcabreres\/wp-json\/wp\/v2\/tags?post=11927"}],"curies":[{"name":"wp","href":"https:\/\/api.w.org\/{rel}","templated":true}]}}