{"id":11921,"date":"2025-04-07T11:35:01","date_gmt":"2025-04-07T09:35:01","guid":{"rendered":"https:\/\/agora.xtec.cat\/ie-elcabreres\/?p=11921"},"modified":"2025-04-07T11:35:01","modified_gmt":"2025-04-07T09:35:01","slug":"st-patricks-day-2","status":"publish","type":"post","link":"https:\/\/agora.xtec.cat\/ie-elcabreres\/promocio-2014\/st-patricks-day-2\/","title":{"rendered":"St. Patrick&#8217;s Day"},"content":{"rendered":"<p><span style=\"font-weight: 400\">Al dia 31 de mar\u00e7 va venir una noia a fer-nos\u00a0 un taller sobre danses irlandeses i el St. Patrick\u2019s day.<\/span><\/p>\n<p><span style=\"font-weight: 400\">Primer de tot,\u00a0 la noia ens va explicar per qu\u00e8 es celebra el dia de Sant Patrick, despr\u00e9s, ens va explicar una mica la seva vida i com havia anat a parar a Irlanda.\u00a0<\/span><\/p>\n<p><span style=\"font-weight: 400\">Tamb\u00e9 ens va fer una demostraci\u00f3 d\u2019un ball Irland\u00e8s. Un cop va acabar, ens vam posar per parelles i ens va ensenyar uns passos de ball que va ser molt guai. Despr\u00e9s vam fer files per tornar a ballar\u00a0 i ens va ensenyar molts m\u00e9s passos de ball. Ens va sorprendre i agradar molt, ja que \u00e9s un tipus de ball molt diferent del que es fa a Catalunya.\u00a0<\/span><\/p>\n<p><span style=\"font-weight: 400\">Despr\u00e9s de ballar li vam fer unes preguntes. \u00c9s un taller molt divertit i interessant i tamb\u00e9 hem apr\u00e8s una tipologia de ball diferent.\u00a0\u00a0\u00a0\u00a0<\/span><\/p>\n<p>Text escrit per Cl\u00e0udia. <a href=\"https:\/\/agora.xtec.cat\/ie-elcabreres\/wp-content\/uploads\/usu2186\/2025\/04\/IMG_2004-1-scaled.jpg\"><img loading=\"lazy\" decoding=\"async\" class=\"size-medium wp-image-11922 aligncenter\" src=\"https:\/\/agora.xtec.cat\/ie-elcabreres\/wp-content\/uploads\/usu2186\/2025\/04\/IMG_2004-1-225x300.jpg\" alt=\"\" width=\"225\" height=\"300\" srcset=\"https:\/\/agora.xtec.cat\/ie-elcabreres\/wp-content\/uploads\/usu2186\/2025\/04\/IMG_2004-1-225x300.jpg 225w, https:\/\/agora.xtec.cat\/ie-elcabreres\/wp-content\/uploads\/usu2186\/2025\/04\/IMG_2004-1-768x1024.jpg 768w, https:\/\/agora.xtec.cat\/ie-elcabreres\/wp-content\/uploads\/usu2186\/2025\/04\/IMG_2004-1-1152x1536.jpg 1152w, https:\/\/agora.xtec.cat\/ie-elcabreres\/wp-content\/uploads\/usu2186\/2025\/04\/IMG_2004-1-1536x2048.jpg 1536w, https:\/\/agora.xtec.cat\/ie-elcabreres\/wp-content\/uploads\/usu2186\/2025\/04\/IMG_2004-1-scaled.jpg 1920w\" sizes=\"auto, (max-width: 225px) 100vw, 225px\" \/><\/a><\/p>\n","protected":false},"excerpt":{"rendered":"<p>Al dia 31 de mar\u00e7 va venir una noia a fer-nos\u00a0 un taller sobre danses irlandeses i el St. Patrick\u2019s day. Primer de tot,\u00a0 la noia ens va explicar per qu\u00e8 es celebra el dia de Sant Patrick, despr\u00e9s, ens va explicar una mica la seva vida i com havia anat a parar a Irlanda.\u00a0 [&hellip;]<\/p>\n","protected":false},"author":15,"featured_media":0,"comment_status":"closed","ping_status":"closed","sticky":false,"template":"","format":"standard","meta":{"_bbp_topic_count":0,"_bbp_reply_count":0,"_bbp_total_topic_count":0,"_bbp_total_reply_count":0,"_bbp_voice_count":0,"_bbp_anonymous_reply_count":0,"_bbp_topic_count_hidden":0,"_bbp_reply_count_hidden":0,"_bbp_forum_subforum_count":0,"site-sidebar-layout":"default","site-content-layout":"","ast-site-content-layout":"","site-content-style":"default","site-sidebar-style":"default","ast-global-header-display":"","ast-banner-title-visibility":"","ast-main-header-display":"","ast-hfb-above-header-display":"","ast-hfb-below-header-display":"","ast-hfb-mobile-header-display":"","site-post-title":"","ast-breadcrumbs-content":"","ast-featured-img":"","footer-sml-layout":"","theme-transparent-header-meta":"","adv-header-id-meta":"","stick-header-meta":"","header-above-stick-meta":"","header-main-stick-meta":"","header-below-stick-meta":"","astra-migrate-meta-layouts":"default","ast-page-background-enabled":"default","ast-page-background-meta":{"desktop":{"background-color":"var(--ast-global-color-4)","background-image":"","background-repeat":"repeat","background-position":"center center","background-size":"auto","background-attachment":"scroll","background-type":"","background-media":"","overlay-type":"","overlay-color":"","overlay-opacity":"","overlay-gradient":""},"tablet":{"background-color":"","background-image":"","background-repeat":"repeat","background-position":"center center","background-size":"auto","background-attachment":"scroll","background-type":"","background-media":"","overlay-type":"","overlay-color":"","overlay-opacity":"","overlay-gradient":""},"mobile":{"background-color":"","background-image":"","background-repeat":"repeat","background-position":"center center","background-size":"auto","background-attachment":"scroll","background-type":"","background-media":"","overlay-type":"","overlay-color":"","overlay-opacity":"","overlay-gradient":""}},"ast-content-background-meta":{"desktop":{"background-color":"var(--ast-global-color-5)","background-image":"","background-repeat":"repeat","background-position":"center center","background-size":"auto","background-attachment":"scroll","background-type":"","background-media":"","overlay-type":"","overlay-color":"","overlay-opacity":"","overlay-gradient":""},"tablet":{"background-color":"var(--ast-global-color-5)","background-image":"","background-repeat":"repeat","background-position":"center center","background-size":"auto","background-attachment":"scroll","background-type":"","background-media":"","overlay-type":"","overlay-color":"","overlay-opacity":"","overlay-gradient":""},"mobile":{"background-color":"var(--ast-global-color-5)","background-image":"","background-repeat":"repeat","background-position":"center center","background-size":"auto","background-attachment":"scroll","background-type":"","background-media":"","overlay-type":"","overlay-color":"","overlay-opacity":"","overlay-gradient":""}},"footnotes":""},"categories":[11,10],"tags":[74,68,100],"class_list":["post-11921","post","type-post","status-publish","format-standard","hentry","category-promocio-2013","category-promocio-2014","tag-cicle-superior","tag-english","tag-festes"],"post_mailing_queue_ids":[],"_links":{"self":[{"href":"https:\/\/agora.xtec.cat\/ie-elcabreres\/wp-json\/wp\/v2\/posts\/11921","targetHints":{"allow":["GET"]}}],"collection":[{"href":"https:\/\/agora.xtec.cat\/ie-elcabreres\/wp-json\/wp\/v2\/posts"}],"about":[{"href":"https:\/\/agora.xtec.cat\/ie-elcabreres\/wp-json\/wp\/v2\/types\/post"}],"author":[{"embeddable":true,"href":"https:\/\/agora.xtec.cat\/ie-elcabreres\/wp-json\/wp\/v2\/users\/15"}],"replies":[{"embeddable":true,"href":"https:\/\/agora.xtec.cat\/ie-elcabreres\/wp-json\/wp\/v2\/comments?post=11921"}],"version-history":[{"count":2,"href":"https:\/\/agora.xtec.cat\/ie-elcabreres\/wp-json\/wp\/v2\/posts\/11921\/revisions"}],"predecessor-version":[{"id":11924,"href":"https:\/\/agora.xtec.cat\/ie-elcabreres\/wp-json\/wp\/v2\/posts\/11921\/revisions\/11924"}],"wp:attachment":[{"href":"https:\/\/agora.xtec.cat\/ie-elcabreres\/wp-json\/wp\/v2\/media?parent=11921"}],"wp:term":[{"taxonomy":"category","embeddable":true,"href":"https:\/\/agora.xtec.cat\/ie-elcabreres\/wp-json\/wp\/v2\/categories?post=11921"},{"taxonomy":"post_tag","embeddable":true,"href":"https:\/\/agora.xtec.cat\/ie-elcabreres\/wp-json\/wp\/v2\/tags?post=11921"}],"curies":[{"name":"wp","href":"https:\/\/api.w.org\/{rel}","templated":true}]}}