{"id":11867,"date":"2025-03-26T11:32:45","date_gmt":"2025-03-26T10:32:45","guid":{"rendered":"https:\/\/agora.xtec.cat\/ie-elcabreres\/?p=11867"},"modified":"2025-03-26T11:32:45","modified_gmt":"2025-03-26T10:32:45","slug":"excursio-a-barcelona","status":"publish","type":"post","link":"https:\/\/agora.xtec.cat\/ie-elcabreres\/promocio-2014\/excursio-a-barcelona\/","title":{"rendered":"Excursi\u00f3 a Barcelona"},"content":{"rendered":"<p><span style=\"font-weight: 500\">El dia 21 de mar\u00e7, vam anar a Barcelona. Vam anar cap a la pla\u00e7a del Diamant i vam tenir 10 minuts per esmorzar, quan vam acabar,\u00a0 vam visitar un refugi antiaeri. El refugi era bastant t\u00e8tric i una mica petit, hi havien algunes normes: no portar armes, no portar menjar i no parlar de pol\u00edtica ni futbol.\u00a0 Aquestes normes eren prohibides per no provocar baralles. Despr\u00e9s de fer tot el recorregut, vam tenir una estona lliure. Quan els de sis\u00e8 van acabar el recorregut, vam anar caminant cap a l\u2019autob\u00fas. Per\u00f2, a punt quan est\u00e0vem a punt d&#8217;arribar ens va comen\u00e7ar a ploure molt fort, quasi tots vam comen\u00e7ar a cridar.\u00a0 Vam arribar una mica xops. Despr\u00e9s, vam arribar al parlament, una noia molt maca ens va rebre, ens va comen\u00e7ar a explicar com funcionava el parlament i vam poder observar totes les diferents sales que hi havia.\u00a0 Al final del recorregut del parlament vam tenir 20 minuts per dinar. Quan vam acabar de dinar, vam anar cap a l\u2019Esquirol. En conclusi\u00f3, ha set de les meves excursions preferides!<\/span><\/p>\n<p><span style=\"font-weight: 500\"><a href=\"https:\/\/agora.xtec.cat\/ie-elcabreres\/wp-content\/uploads\/usu2186\/2025\/03\/IMG_1931-scaled.jpg\"><img loading=\"lazy\" decoding=\"async\" class=\"size-medium wp-image-11868 alignnone\" src=\"https:\/\/agora.xtec.cat\/ie-elcabreres\/wp-content\/uploads\/usu2186\/2025\/03\/IMG_1931-225x300.jpg\" alt=\"\" width=\"225\" height=\"300\" srcset=\"https:\/\/agora.xtec.cat\/ie-elcabreres\/wp-content\/uploads\/usu2186\/2025\/03\/IMG_1931-225x300.jpg 225w, https:\/\/agora.xtec.cat\/ie-elcabreres\/wp-content\/uploads\/usu2186\/2025\/03\/IMG_1931-768x1024.jpg 768w, https:\/\/agora.xtec.cat\/ie-elcabreres\/wp-content\/uploads\/usu2186\/2025\/03\/IMG_1931-1152x1536.jpg 1152w, https:\/\/agora.xtec.cat\/ie-elcabreres\/wp-content\/uploads\/usu2186\/2025\/03\/IMG_1931-1536x2048.jpg 1536w, https:\/\/agora.xtec.cat\/ie-elcabreres\/wp-content\/uploads\/usu2186\/2025\/03\/IMG_1931-scaled.jpg 1920w\" sizes=\"auto, (max-width: 225px) 100vw, 225px\" \/><\/a> <a href=\"https:\/\/agora.xtec.cat\/ie-elcabreres\/wp-content\/uploads\/usu2186\/2025\/03\/IMG_1938-scaled.jpg\"><img loading=\"lazy\" decoding=\"async\" class=\"alignnone size-medium wp-image-11869\" src=\"https:\/\/agora.xtec.cat\/ie-elcabreres\/wp-content\/uploads\/usu2186\/2025\/03\/IMG_1938-225x300.jpg\" alt=\"\" width=\"225\" height=\"300\" srcset=\"https:\/\/agora.xtec.cat\/ie-elcabreres\/wp-content\/uploads\/usu2186\/2025\/03\/IMG_1938-225x300.jpg 225w, https:\/\/agora.xtec.cat\/ie-elcabreres\/wp-content\/uploads\/usu2186\/2025\/03\/IMG_1938-768x1024.jpg 768w, https:\/\/agora.xtec.cat\/ie-elcabreres\/wp-content\/uploads\/usu2186\/2025\/03\/IMG_1938-1152x1536.jpg 1152w, https:\/\/agora.xtec.cat\/ie-elcabreres\/wp-content\/uploads\/usu2186\/2025\/03\/IMG_1938-1536x2048.jpg 1536w, https:\/\/agora.xtec.cat\/ie-elcabreres\/wp-content\/uploads\/usu2186\/2025\/03\/IMG_1938-scaled.jpg 1920w\" sizes=\"auto, (max-width: 225px) 100vw, 225px\" \/><\/a><\/span><\/p>\n<p><span style=\"font-weight: 500\">Text escrit per Ana.\u00a0<\/span><\/p>\n","protected":false},"excerpt":{"rendered":"<p>El dia 21 de mar\u00e7, vam anar a Barcelona. Vam anar cap a la pla\u00e7a del Diamant i vam tenir 10 minuts per esmorzar, quan vam acabar,\u00a0 vam visitar un refugi antiaeri. El refugi era bastant t\u00e8tric i una mica petit, hi havien algunes normes: no portar armes, no portar menjar i no parlar de [&hellip;]<\/p>\n","protected":false},"author":15,"featured_media":0,"comment_status":"closed","ping_status":"closed","sticky":false,"template":"","format":"standard","meta":{"_bbp_topic_count":0,"_bbp_reply_count":0,"_bbp_total_topic_count":0,"_bbp_total_reply_count":0,"_bbp_voice_count":0,"_bbp_anonymous_reply_count":0,"_bbp_topic_count_hidden":0,"_bbp_reply_count_hidden":0,"_bbp_forum_subforum_count":0,"site-sidebar-layout":"default","site-content-layout":"","ast-site-content-layout":"","site-content-style":"default","site-sidebar-style":"default","ast-global-header-display":"","ast-banner-title-visibility":"","ast-main-header-display":"","ast-hfb-above-header-display":"","ast-hfb-below-header-display":"","ast-hfb-mobile-header-display":"","site-post-title":"","ast-breadcrumbs-content":"","ast-featured-img":"","footer-sml-layout":"","theme-transparent-header-meta":"","adv-header-id-meta":"","stick-header-meta":"","header-above-stick-meta":"","header-main-stick-meta":"","header-below-stick-meta":"","astra-migrate-meta-layouts":"default","ast-page-background-enabled":"default","ast-page-background-meta":{"desktop":{"background-color":"var(--ast-global-color-4)","background-image":"","background-repeat":"repeat","background-position":"center center","background-size":"auto","background-attachment":"scroll","background-type":"","background-media":"","overlay-type":"","overlay-color":"","overlay-opacity":"","overlay-gradient":""},"tablet":{"background-color":"","background-image":"","background-repeat":"repeat","background-position":"center center","background-size":"auto","background-attachment":"scroll","background-type":"","background-media":"","overlay-type":"","overlay-color":"","overlay-opacity":"","overlay-gradient":""},"mobile":{"background-color":"","background-image":"","background-repeat":"repeat","background-position":"center center","background-size":"auto","background-attachment":"scroll","background-type":"","background-media":"","overlay-type":"","overlay-color":"","overlay-opacity":"","overlay-gradient":""}},"ast-content-background-meta":{"desktop":{"background-color":"var(--ast-global-color-5)","background-image":"","background-repeat":"repeat","background-position":"center center","background-size":"auto","background-attachment":"scroll","background-type":"","background-media":"","overlay-type":"","overlay-color":"","overlay-opacity":"","overlay-gradient":""},"tablet":{"background-color":"var(--ast-global-color-5)","background-image":"","background-repeat":"repeat","background-position":"center center","background-size":"auto","background-attachment":"scroll","background-type":"","background-media":"","overlay-type":"","overlay-color":"","overlay-opacity":"","overlay-gradient":""},"mobile":{"background-color":"var(--ast-global-color-5)","background-image":"","background-repeat":"repeat","background-position":"center center","background-size":"auto","background-attachment":"scroll","background-type":"","background-media":"","overlay-type":"","overlay-color":"","overlay-opacity":"","overlay-gradient":""}},"footnotes":""},"categories":[11,10],"tags":[219,351,352,76],"class_list":["post-11867","post","type-post","status-publish","format-standard","hentry","category-promocio-2013","category-promocio-2014","tag-coneixement-del-medi","tag-memoria-historica","tag-parlamentdecatalunya","tag-projectes"],"post_mailing_queue_ids":[],"_links":{"self":[{"href":"https:\/\/agora.xtec.cat\/ie-elcabreres\/wp-json\/wp\/v2\/posts\/11867","targetHints":{"allow":["GET"]}}],"collection":[{"href":"https:\/\/agora.xtec.cat\/ie-elcabreres\/wp-json\/wp\/v2\/posts"}],"about":[{"href":"https:\/\/agora.xtec.cat\/ie-elcabreres\/wp-json\/wp\/v2\/types\/post"}],"author":[{"embeddable":true,"href":"https:\/\/agora.xtec.cat\/ie-elcabreres\/wp-json\/wp\/v2\/users\/15"}],"replies":[{"embeddable":true,"href":"https:\/\/agora.xtec.cat\/ie-elcabreres\/wp-json\/wp\/v2\/comments?post=11867"}],"version-history":[{"count":1,"href":"https:\/\/agora.xtec.cat\/ie-elcabreres\/wp-json\/wp\/v2\/posts\/11867\/revisions"}],"predecessor-version":[{"id":11870,"href":"https:\/\/agora.xtec.cat\/ie-elcabreres\/wp-json\/wp\/v2\/posts\/11867\/revisions\/11870"}],"wp:attachment":[{"href":"https:\/\/agora.xtec.cat\/ie-elcabreres\/wp-json\/wp\/v2\/media?parent=11867"}],"wp:term":[{"taxonomy":"category","embeddable":true,"href":"https:\/\/agora.xtec.cat\/ie-elcabreres\/wp-json\/wp\/v2\/categories?post=11867"},{"taxonomy":"post_tag","embeddable":true,"href":"https:\/\/agora.xtec.cat\/ie-elcabreres\/wp-json\/wp\/v2\/tags?post=11867"}],"curies":[{"name":"wp","href":"https:\/\/api.w.org\/{rel}","templated":true}]}}