{"id":11534,"date":"2025-01-23T18:55:05","date_gmt":"2025-01-23T17:55:05","guid":{"rendered":"https:\/\/agora.xtec.cat\/ie-elcabreres\/?p=11534"},"modified":"2025-01-23T19:03:21","modified_gmt":"2025-01-23T18:03:21","slug":"gracies-per-fer-ho-possible-campanya-solidaria","status":"publish","type":"post","link":"https:\/\/agora.xtec.cat\/ie-elcabreres\/general\/gracies-per-fer-ho-possible-campanya-solidaria\/","title":{"rendered":"GR\u00c0CIES PER FER-HO POSSIBLE! Campanya solid\u00e0ria"},"content":{"rendered":"<p><strong>GR\u00c0CIES PER FER-HO POSSIBLE! \ud83d\udc99\ud83c\udf31<\/strong><\/p>\n<p>Des del nostre centre volem expressar el nostre m\u00e9s sincer agra\u00efment a totes les fam\u00edlies per la vostra col\u00b7laboraci\u00f3 i solidaritat en la recollida de fons per ajudar a la restauraci\u00f3 dels patis de l&#8217;Escola Jaume I de Catarroja, afectada per la DANA.<\/p>\n<p>Amb el comprom\u00eds de l\u2019alumnat, el professorat i les fam\u00edlies, vam iniciar aquesta campanya amb una <strong>xocolatada solid\u00e0ria<\/strong> i una <strong>taquilla inversa<\/strong> durant els espectacles de Nadal, aconseguint recaptar fins ara <strong>1.500 euros<\/strong>. Un inici esperan\u00e7ador que ens anima a continuar organitzant m\u00e9s accions al llarg del curs per seguir sumant ajudes.<\/p>\n<p>Aquesta iniciativa no nom\u00e9s ha estat un acte de solidaritat, sin\u00f3 tamb\u00e9 una oportunitat perqu\u00e8 els nostres alumnes esdevinguin protagonistes del canvi, proposant idees i participant activament en cada activitat. Amb el seu enginy i esfor\u00e7, han demostrat que petits gestos poden tenir un gran impacte.<\/p>\n<p>A m\u00e9s d\u2019aquesta campanya per a l\u2019escola de Catarroja, ens hem unit a la iniciativa <strong>&#8220;Llibres en ruta&#8221;<\/strong>, recollida de llibres per les escoles de Val\u00e8ncia, un projecte que fomenta la lectura i la cooperaci\u00f3 entre escoles.<\/p>\n<p>Des de l&#8217;escola, volem remarcar la import\u00e0ncia d\u2019aquests valors i de la implicaci\u00f3 de tota la comunitat educativa. Junts fem possible una escola m\u00e9s solid\u00e0ria, compromesa i emp\u00e0tica.<\/p>\n<p><strong>Volem compartir amb vosaltres l&#8217;article publicat al diari &#8220;La Veu del Pa\u00eds Valenci\u00e0&#8221; on s&#8217;explica la nostra col\u00b7laboraci\u00f3 i una preciosa carta d&#8217;agra\u00efment de la campanya &#8220;llibres en ruta&#8221;, imputs que ens animen a continuar treballant junts per construir un futur millor.<\/strong><\/p>\n<p><strong>Seguim sumant esfor\u00e7os! \ud83d\udcaa\ud83d\udcda\ud83c\udf0d<\/strong><\/p>\n<p><a href=\"https:\/\/www.diarilaveu.cat\/societat\/dana-la-solidaritat-com-a-ferramenta-pedagogica-572484\/\"><img loading=\"lazy\" decoding=\"async\" class=\"alignnone wp-image-11536\" src=\"https:\/\/agora.xtec.cat\/ie-elcabreres\/wp-content\/uploads\/usu2186\/2025\/01\/article-1024x618.jpg\" alt=\"\" width=\"461\" height=\"278\" srcset=\"https:\/\/agora.xtec.cat\/ie-elcabreres\/wp-content\/uploads\/usu2186\/2025\/01\/article-1024x618.jpg 1024w, https:\/\/agora.xtec.cat\/ie-elcabreres\/wp-content\/uploads\/usu2186\/2025\/01\/article-300x181.jpg 300w, https:\/\/agora.xtec.cat\/ie-elcabreres\/wp-content\/uploads\/usu2186\/2025\/01\/article-768x464.jpg 768w, https:\/\/agora.xtec.cat\/ie-elcabreres\/wp-content\/uploads\/usu2186\/2025\/01\/article.jpg 1035w\" sizes=\"auto, (max-width: 461px) 100vw, 461px\" \/><\/a><\/p>\n<p><a href=\"https:\/\/agora.xtec.cat\/ie-elcabreres\/wp-content\/uploads\/usu2186\/2025\/01\/carta-llibres-en-ruta.jpg\"><img loading=\"lazy\" decoding=\"async\" class=\"alignnone size-full wp-image-11535\" src=\"https:\/\/agora.xtec.cat\/ie-elcabreres\/wp-content\/uploads\/usu2186\/2025\/01\/carta-llibres-en-ruta.jpg\" alt=\"\" width=\"339\" height=\"520\" srcset=\"https:\/\/agora.xtec.cat\/ie-elcabreres\/wp-content\/uploads\/usu2186\/2025\/01\/carta-llibres-en-ruta.jpg 339w, https:\/\/agora.xtec.cat\/ie-elcabreres\/wp-content\/uploads\/usu2186\/2025\/01\/carta-llibres-en-ruta-196x300.jpg 196w\" sizes=\"auto, (max-width: 339px) 100vw, 339px\" \/><\/a><\/p>\n","protected":false},"excerpt":{"rendered":"<p>GR\u00c0CIES PER FER-HO POSSIBLE! \ud83d\udc99\ud83c\udf31 Des del nostre centre volem expressar el nostre m\u00e9s sincer agra\u00efment a totes les fam\u00edlies per la vostra col\u00b7laboraci\u00f3 i solidaritat en la recollida de fons per ajudar a la restauraci\u00f3 dels patis de l&#8217;Escola Jaume I de Catarroja, afectada per la DANA. Amb el comprom\u00eds de l\u2019alumnat, el professorat [&hellip;]<\/p>\n","protected":false},"author":6,"featured_media":0,"comment_status":"open","ping_status":"closed","sticky":false,"template":"","format":"standard","meta":{"_bbp_topic_count":0,"_bbp_reply_count":0,"_bbp_total_topic_count":0,"_bbp_total_reply_count":0,"_bbp_voice_count":0,"_bbp_anonymous_reply_count":0,"_bbp_topic_count_hidden":0,"_bbp_reply_count_hidden":0,"_bbp_forum_subforum_count":0,"site-sidebar-layout":"default","site-content-layout":"","ast-site-content-layout":"","site-content-style":"default","site-sidebar-style":"default","ast-global-header-display":"","ast-banner-title-visibility":"","ast-main-header-display":"","ast-hfb-above-header-display":"","ast-hfb-below-header-display":"","ast-hfb-mobile-header-display":"","site-post-title":"","ast-breadcrumbs-content":"","ast-featured-img":"","footer-sml-layout":"","theme-transparent-header-meta":"","adv-header-id-meta":"","stick-header-meta":"","header-above-stick-meta":"","header-main-stick-meta":"","header-below-stick-meta":"","astra-migrate-meta-layouts":"default","ast-page-background-enabled":"default","ast-page-background-meta":{"desktop":{"background-color":"var(--ast-global-color-4)","background-image":"","background-repeat":"repeat","background-position":"center center","background-size":"auto","background-attachment":"scroll","background-type":"","background-media":"","overlay-type":"","overlay-color":"","overlay-opacity":"","overlay-gradient":""},"tablet":{"background-color":"","background-image":"","background-repeat":"repeat","background-position":"center center","background-size":"auto","background-attachment":"scroll","background-type":"","background-media":"","overlay-type":"","overlay-color":"","overlay-opacity":"","overlay-gradient":""},"mobile":{"background-color":"","background-image":"","background-repeat":"repeat","background-position":"center center","background-size":"auto","background-attachment":"scroll","background-type":"","background-media":"","overlay-type":"","overlay-color":"","overlay-opacity":"","overlay-gradient":""}},"ast-content-background-meta":{"desktop":{"background-color":"var(--ast-global-color-5)","background-image":"","background-repeat":"repeat","background-position":"center center","background-size":"auto","background-attachment":"scroll","background-type":"","background-media":"","overlay-type":"","overlay-color":"","overlay-opacity":"","overlay-gradient":""},"tablet":{"background-color":"var(--ast-global-color-5)","background-image":"","background-repeat":"repeat","background-position":"center center","background-size":"auto","background-attachment":"scroll","background-type":"","background-media":"","overlay-type":"","overlay-color":"","overlay-opacity":"","overlay-gradient":""},"mobile":{"background-color":"var(--ast-global-color-5)","background-image":"","background-repeat":"repeat","background-position":"center center","background-size":"auto","background-attachment":"scroll","background-type":"","background-media":"","overlay-type":"","overlay-color":"","overlay-opacity":"","overlay-gradient":""}},"footnotes":""},"categories":[1],"tags":[],"class_list":["post-11534","post","type-post","status-publish","format-standard","hentry","category-general"],"post_mailing_queue_ids":[],"_links":{"self":[{"href":"https:\/\/agora.xtec.cat\/ie-elcabreres\/wp-json\/wp\/v2\/posts\/11534","targetHints":{"allow":["GET"]}}],"collection":[{"href":"https:\/\/agora.xtec.cat\/ie-elcabreres\/wp-json\/wp\/v2\/posts"}],"about":[{"href":"https:\/\/agora.xtec.cat\/ie-elcabreres\/wp-json\/wp\/v2\/types\/post"}],"author":[{"embeddable":true,"href":"https:\/\/agora.xtec.cat\/ie-elcabreres\/wp-json\/wp\/v2\/users\/6"}],"replies":[{"embeddable":true,"href":"https:\/\/agora.xtec.cat\/ie-elcabreres\/wp-json\/wp\/v2\/comments?post=11534"}],"version-history":[{"count":4,"href":"https:\/\/agora.xtec.cat\/ie-elcabreres\/wp-json\/wp\/v2\/posts\/11534\/revisions"}],"predecessor-version":[{"id":11540,"href":"https:\/\/agora.xtec.cat\/ie-elcabreres\/wp-json\/wp\/v2\/posts\/11534\/revisions\/11540"}],"wp:attachment":[{"href":"https:\/\/agora.xtec.cat\/ie-elcabreres\/wp-json\/wp\/v2\/media?parent=11534"}],"wp:term":[{"taxonomy":"category","embeddable":true,"href":"https:\/\/agora.xtec.cat\/ie-elcabreres\/wp-json\/wp\/v2\/categories?post=11534"},{"taxonomy":"post_tag","embeddable":true,"href":"https:\/\/agora.xtec.cat\/ie-elcabreres\/wp-json\/wp\/v2\/tags?post=11534"}],"curies":[{"name":"wp","href":"https:\/\/api.w.org\/{rel}","templated":true}]}}