{"id":11523,"date":"2025-01-23T13:07:00","date_gmt":"2025-01-23T12:07:00","guid":{"rendered":"https:\/\/agora.xtec.cat\/ie-elcabreres\/?p=11523"},"modified":"2025-01-23T13:09:50","modified_gmt":"2025-01-23T12:09:50","slug":"lentrada-de-la-biblioteca-ja-llueix-nova-decoracio-tematica","status":"publish","type":"post","link":"https:\/\/agora.xtec.cat\/ie-elcabreres\/portada\/lentrada-de-la-biblioteca-ja-llueix-nova-decoracio-tematica\/","title":{"rendered":"L&#8217;entrada de la biblioteca ja llueix nova decoraci\u00f3 tem\u00e0tica"},"content":{"rendered":"<p><strong>Els versos de Joan Maragall: &#8220;Com una font \u00e9s la paraula viva, corre, brolla i se&#8217;n va.&#8221; presenten la nova decoraci\u00f3 tem\u00e0tica de la biblioteca.<\/strong><\/p>\n<p>Des d&#8217;avui mateix l&#8217;entrada de la biblioteca ja llueix una nova decoraci\u00f3 tem\u00e0tica, aquest cop, centrada en la poesia d&#8217;autors i autores catalans. Amb l&#8217;objectiu de donar a con\u00e8ixer poemes de tipologia variada als infants i joves, s&#8217;han escollit autors i autores de diverses \u00e8poques; des de Joan Margall, nascut a finals del segle XIX, fins a Guillem Ramisa, un dels autors m\u00e9s contemporanis i resident a L&#8217;Esquirol. En aquesta tria, tampoc hi falten autores ja conegudes per la mainada, com Joana Raspall o Lola Casas.<\/p>\n<p>Cada grup classe s&#8217;ha encarregat de recitar un dels poemes escollits i per aix\u00f2, al costat de la fotografia de cada autor o autora, hi ha un codi QR a trav\u00e9s del qual es pot accedir a l&#8217;\u00e0udio del poema. Us convidem a <a href=\"https:\/\/drive.google.com\/drive\/folders\/1co-915oB13bMgVHkJ3ZxMq1A6evveXFm?usp=drive_link\">escoltar els infants i joves recitant els diversos poemes<\/a>. Cada un dels arxius cont\u00e9 el nom del grup classe i l&#8217;autor o autora del poema.<\/p>\n<p>&nbsp;<\/p>\n<p><a href=\"https:\/\/agora.xtec.cat\/ie-elcabreres\/wp-content\/uploads\/usu2186\/2025\/01\/IMG_9256-rotated.jpg\">#PLAMIB #BESCAT <img loading=\"lazy\" decoding=\"async\" class=\"alignnone size-large wp-image-11524\" src=\"https:\/\/agora.xtec.cat\/ie-elcabreres\/wp-content\/uploads\/usu2186\/2025\/01\/IMG_9256-768x1024.jpg\" alt=\"\" width=\"768\" height=\"1024\" srcset=\"https:\/\/agora.xtec.cat\/ie-elcabreres\/wp-content\/uploads\/usu2186\/2025\/01\/IMG_9256-768x1024.jpg 768w, https:\/\/agora.xtec.cat\/ie-elcabreres\/wp-content\/uploads\/usu2186\/2025\/01\/IMG_9256-225x300.jpg 225w, https:\/\/agora.xtec.cat\/ie-elcabreres\/wp-content\/uploads\/usu2186\/2025\/01\/IMG_9256-1152x1536.jpg 1152w, https:\/\/agora.xtec.cat\/ie-elcabreres\/wp-content\/uploads\/usu2186\/2025\/01\/IMG_9256-rotated.jpg 1512w\" sizes=\"auto, (max-width: 768px) 100vw, 768px\" \/><\/a> <a href=\"https:\/\/agora.xtec.cat\/ie-elcabreres\/wp-content\/uploads\/usu2186\/2025\/01\/IMG_9255.jpg\"><img loading=\"lazy\" decoding=\"async\" class=\"alignnone size-large wp-image-11525\" src=\"https:\/\/agora.xtec.cat\/ie-elcabreres\/wp-content\/uploads\/usu2186\/2025\/01\/IMG_9255-1024x768.jpg\" alt=\"\" width=\"1024\" height=\"768\" srcset=\"https:\/\/agora.xtec.cat\/ie-elcabreres\/wp-content\/uploads\/usu2186\/2025\/01\/IMG_9255-1024x768.jpg 1024w, https:\/\/agora.xtec.cat\/ie-elcabreres\/wp-content\/uploads\/usu2186\/2025\/01\/IMG_9255-300x225.jpg 300w, https:\/\/agora.xtec.cat\/ie-elcabreres\/wp-content\/uploads\/usu2186\/2025\/01\/IMG_9255-768x576.jpg 768w, https:\/\/agora.xtec.cat\/ie-elcabreres\/wp-content\/uploads\/usu2186\/2025\/01\/IMG_9255-1536x1152.jpg 1536w, https:\/\/agora.xtec.cat\/ie-elcabreres\/wp-content\/uploads\/usu2186\/2025\/01\/IMG_9255-200x150.jpg 200w, https:\/\/agora.xtec.cat\/ie-elcabreres\/wp-content\/uploads\/usu2186\/2025\/01\/IMG_9255.jpg 2016w\" sizes=\"auto, (max-width: 1024px) 100vw, 1024px\" \/><\/a> <a href=\"https:\/\/agora.xtec.cat\/ie-elcabreres\/wp-content\/uploads\/usu2186\/2025\/01\/IMG_9254-rotated.jpg\"><img loading=\"lazy\" decoding=\"async\" class=\"alignnone size-large wp-image-11526\" src=\"https:\/\/agora.xtec.cat\/ie-elcabreres\/wp-content\/uploads\/usu2186\/2025\/01\/IMG_9254-768x1024.jpg\" alt=\"\" width=\"768\" height=\"1024\" srcset=\"https:\/\/agora.xtec.cat\/ie-elcabreres\/wp-content\/uploads\/usu2186\/2025\/01\/IMG_9254-768x1024.jpg 768w, https:\/\/agora.xtec.cat\/ie-elcabreres\/wp-content\/uploads\/usu2186\/2025\/01\/IMG_9254-225x300.jpg 225w, https:\/\/agora.xtec.cat\/ie-elcabreres\/wp-content\/uploads\/usu2186\/2025\/01\/IMG_9254-1152x1536.jpg 1152w, https:\/\/agora.xtec.cat\/ie-elcabreres\/wp-content\/uploads\/usu2186\/2025\/01\/IMG_9254-rotated.jpg 1512w\" sizes=\"auto, (max-width: 768px) 100vw, 768px\" \/><\/a><\/p>\n<p>&nbsp;<\/p>\n<p>&nbsp;<\/p>\n","protected":false},"excerpt":{"rendered":"<p>Els versos de Joan Maragall: &#8220;Com una font \u00e9s la paraula viva, corre, brolla i se&#8217;n va.&#8221; presenten la nova decoraci\u00f3 tem\u00e0tica de la biblioteca. Des d&#8217;avui mateix l&#8217;entrada de la biblioteca ja llueix una nova decoraci\u00f3 tem\u00e0tica, aquest cop, centrada en la poesia d&#8217;autors i autores catalans. Amb l&#8217;objectiu de donar a con\u00e8ixer poemes [&hellip;]<\/p>\n","protected":false},"author":27,"featured_media":11526,"comment_status":"closed","ping_status":"closed","sticky":false,"template":"","format":"standard","meta":{"_bbp_topic_count":0,"_bbp_reply_count":0,"_bbp_total_topic_count":0,"_bbp_total_reply_count":0,"_bbp_voice_count":0,"_bbp_anonymous_reply_count":0,"_bbp_topic_count_hidden":0,"_bbp_reply_count_hidden":0,"_bbp_forum_subforum_count":0,"site-sidebar-layout":"default","site-content-layout":"","ast-site-content-layout":"","site-content-style":"default","site-sidebar-style":"default","ast-global-header-display":"","ast-banner-title-visibility":"","ast-main-header-display":"","ast-hfb-above-header-display":"","ast-hfb-below-header-display":"","ast-hfb-mobile-header-display":"","site-post-title":"","ast-breadcrumbs-content":"","ast-featured-img":"","footer-sml-layout":"","theme-transparent-header-meta":"","adv-header-id-meta":"","stick-header-meta":"","header-above-stick-meta":"","header-main-stick-meta":"","header-below-stick-meta":"","astra-migrate-meta-layouts":"default","ast-page-background-enabled":"default","ast-page-background-meta":{"desktop":{"background-color":"var(--ast-global-color-4)","background-image":"","background-repeat":"repeat","background-position":"center center","background-size":"auto","background-attachment":"scroll","background-type":"","background-media":"","overlay-type":"","overlay-color":"","overlay-opacity":"","overlay-gradient":""},"tablet":{"background-color":"","background-image":"","background-repeat":"repeat","background-position":"center center","background-size":"auto","background-attachment":"scroll","background-type":"","background-media":"","overlay-type":"","overlay-color":"","overlay-opacity":"","overlay-gradient":""},"mobile":{"background-color":"","background-image":"","background-repeat":"repeat","background-position":"center center","background-size":"auto","background-attachment":"scroll","background-type":"","background-media":"","overlay-type":"","overlay-color":"","overlay-opacity":"","overlay-gradient":""}},"ast-content-background-meta":{"desktop":{"background-color":"var(--ast-global-color-5)","background-image":"","background-repeat":"repeat","background-position":"center center","background-size":"auto","background-attachment":"scroll","background-type":"","background-media":"","overlay-type":"","overlay-color":"","overlay-opacity":"","overlay-gradient":""},"tablet":{"background-color":"var(--ast-global-color-5)","background-image":"","background-repeat":"repeat","background-position":"center center","background-size":"auto","background-attachment":"scroll","background-type":"","background-media":"","overlay-type":"","overlay-color":"","overlay-opacity":"","overlay-gradient":""},"mobile":{"background-color":"var(--ast-global-color-5)","background-image":"","background-repeat":"repeat","background-position":"center center","background-size":"auto","background-attachment":"scroll","background-type":"","background-media":"","overlay-type":"","overlay-color":"","overlay-opacity":"","overlay-gradient":""}},"footnotes":""},"categories":[316,4],"tags":[334,333,295,193,332,294,335],"class_list":["post-11523","post","type-post","status-publish","format-standard","has-post-thumbnail","hentry","category-biblioteca","category-portada","tag-autorescatalanes","tag-autorscatalans","tag-bescat","tag-biblioteca","tag-decoraciotematica","tag-plamib","tag-poesiacatalana"],"post_mailing_queue_ids":[],"_links":{"self":[{"href":"https:\/\/agora.xtec.cat\/ie-elcabreres\/wp-json\/wp\/v2\/posts\/11523","targetHints":{"allow":["GET"]}}],"collection":[{"href":"https:\/\/agora.xtec.cat\/ie-elcabreres\/wp-json\/wp\/v2\/posts"}],"about":[{"href":"https:\/\/agora.xtec.cat\/ie-elcabreres\/wp-json\/wp\/v2\/types\/post"}],"author":[{"embeddable":true,"href":"https:\/\/agora.xtec.cat\/ie-elcabreres\/wp-json\/wp\/v2\/users\/27"}],"replies":[{"embeddable":true,"href":"https:\/\/agora.xtec.cat\/ie-elcabreres\/wp-json\/wp\/v2\/comments?post=11523"}],"version-history":[{"count":2,"href":"https:\/\/agora.xtec.cat\/ie-elcabreres\/wp-json\/wp\/v2\/posts\/11523\/revisions"}],"predecessor-version":[{"id":11528,"href":"https:\/\/agora.xtec.cat\/ie-elcabreres\/wp-json\/wp\/v2\/posts\/11523\/revisions\/11528"}],"wp:featuredmedia":[{"embeddable":true,"href":"https:\/\/agora.xtec.cat\/ie-elcabreres\/wp-json\/wp\/v2\/media\/11526"}],"wp:attachment":[{"href":"https:\/\/agora.xtec.cat\/ie-elcabreres\/wp-json\/wp\/v2\/media?parent=11523"}],"wp:term":[{"taxonomy":"category","embeddable":true,"href":"https:\/\/agora.xtec.cat\/ie-elcabreres\/wp-json\/wp\/v2\/categories?post=11523"},{"taxonomy":"post_tag","embeddable":true,"href":"https:\/\/agora.xtec.cat\/ie-elcabreres\/wp-json\/wp\/v2\/tags?post=11523"}],"curies":[{"name":"wp","href":"https:\/\/api.w.org\/{rel}","templated":true}]}}